{"id":32167,"date":"2019-05-29T10:50:16","date_gmt":"2019-05-29T08:50:16","guid":{"rendered":"http:\/\/miradordeatarfe.es\/?p=32167"},"modified":"2022-02-12T12:37:37","modified_gmt":"2022-02-12T11:37:37","slug":"la-alegria-como-himno-hilo-conductor-en-atletismo-atarfe","status":"publish","type":"post","link":"https:\/\/miradordeatarfe.es\/?p=32167","title":{"rendered":"LA ALEGR\u00cdA COMO HIMNO-HILO CONDUCTOR EN ATLETISMO ATARFE."},"content":{"rendered":"\n<p> Este domingo se han celebrado en toda Espa\u00f1a las elecciones al Parlamento de la Uni\u00f3n Europea y municipales. Centr\u00e1ndonos en la primera quiz\u00e1s sea la gran desconocida para muchos electores, ayudemos a salvar dicha dificultad y para ello vamos a hablar del himno de la Uni\u00f3n Europea, oficialmente Himno Europeo, que es uno de los cuatro s\u00edmbolos oficiales de la Uni\u00f3n Europea (junto a la bandera, el D\u00eda de Europa y el lema: \u201cUnida en la diversidad\u201d).  El himno tiene su origen en la Oda a la Alegr\u00eda escrita por Friedrich von Schiller en 1785 y la composici\u00f3n realizada por Ludwig van Beethoven para su novena sinfon\u00eda. Fue adoptado oficialmente por el Consejo Europeo en 1985.  <\/p>\n\n\n\n<p><br \/> En principio este himno no tiene letra si bien recomiendo escuchar la versi\u00f3n que grab\u00f3 all\u00e1 por 1970 Miguel R\u00edos dentro del LP \u201cDespierta\u201d y que le aup\u00f3 a la fama.  <\/p>\n\n\n\n<p><br \/> Quienes no s\u00f3lo le han puesto letra a este himno sino que irradian alegr\u00eda all\u00e1 por donde van son nuestr@s atletas del ATLETISMO ATARFE dando un fin de semana m\u00e1s una nueva muestra de dicha alegr\u00eda, \u00a1y que dure\u00a1. <\/p>\n\n\n\n<p><br \/> Alegr\u00eda la vivida en la pista malague\u00f1a de Carranque donde se ha disputado el Campeonato de Andaluc\u00eda Oriental con cinco atarfe\u00f1@s en liza: <br \/> Manuel Cort\u00e9s Garrido, tercero en Triatlon D con 1.442 puntos, gracias a su tercer puesto en peso (10.82 MMP), primero en 80 (10.55) y tercero en disco (24.56), magn\u00edfico resultado para Manuel que pone un brillante colof\u00f3n a esta su primera temporada haciendo atletismo y que bien podr\u00eda haber participado en cualquier otro triatl\u00f3n pues domina las m\u00e1s variadas modalidades atl\u00e9ticas.  <\/p>\n\n\n\n<p><br \/> Curro Avil\u00e9s Torrecillas, tercero en Triatlon B con 1.819 puntos consiguiendo el cuarto puesto en longitud (4.35), sexto en jabalina (19.53) y segundo en mil (3.04.66 MMP), gran regularidad la de Curro que adem\u00e1s mejora su marca en sus predilectos 1000 metros. <\/p>\n\n\n\n<p>    <br \/> Jorge Luis Torres Enr\u00edquez, cuarto en Triatlon A con 1165 puntos siendo tercero en vallas (14.65, MMP por casi tres segundos), segundo en 80 (10.77) y cuarto en peso (6.93)  <\/p>\n\n\n\n<p><br \/> Daniel P\u00e9rez Cano, octavo en Triatl\u00f3n E con 551 puntos, gracias a su octavo puesto en marcha (13.06.87 MMP), noveno en 80 (13.65) y octavo en jabalina (15.51 MMP). <\/p>\n\n\n\n<p><br \/> Marta Salas Molina duod\u00e9cima en Triatl\u00f3n D con 781 puntos merced a su d\u00e9cimo puesto en Disco (13.31), trece en peso (5.29) y cuarto en 80 (12.18)   <\/p>\n\n\n\n<p>M\u00e1s alegr\u00edas las vividas en el control de aire libre disputado en la pista del Zaid\u00edn derivadas directamente de varias mejoras personales y marcas de aut\u00e9ntico relumbr\u00f3n en una jornada caracterizada por mejoras generalizadas de marcas, destacar a M\u00e1ximo Valverde que tuvo una ma\u00f1ana inspirad\u00edsima consiguiendo mejores marcas personales en cuantas pruebas disput\u00f3, as\u00ed logra un magn\u00edfico  crono de 3.24.23 en 1000, 5.88 en peso y se queda a las puertas de bajar de 9 en 60 (9.08).<\/p>\n\n\n\n<p> Otro que trae loco al community manager del club pues siendo el encargado de renovar la lista de plusmarcas personales en la p\u00e1gina web no le deja ni un d\u00eda sin trabajo, es Mario Aguilera Bol\u00edvar que tambi\u00e9n mejor\u00f3 en cuantas pruebas particip\u00f3, 9.47 en 60, 5.53 en peso y 4.04.27 en 1000 figuran ya como nuevos topes personales.  <\/p>\n\n\n\n<p><br \/> M\u00e1s trabajo para el \u201cc.m.\u201d reemplazando marcas produjeron Antonio Pe\u00f1a con sus 12.15 en 100 y asomando la patita por los 11 y pico, en 200 marc\u00f3 25.06; Pablo Lozano 12.34 en 100 (rebaja 26 cent\u00e9simas su tope) y 43.02 en 300 (70 cent\u00e9simas menos); Adri\u00e1n L\u00f3pez 41.72 en 300 (muy cerca de su MMP); \u00c1ngel Torres 1.35.22 en 600 (es r\u00e1pido el chico, apunta a Sub 2.50 en mil); Marcos Fern\u00e1ndez Requena 4.12.24 en 1500 (2.14 de mejora, otro mediofondista de oro engrandeciendo la cantera local).  <\/p>\n\n\n\n<p><br \/> Las chicas no se quedaron atr\u00e1s y tambi\u00e9n voltearon el panel de plusmarcas,  Alejandra Herrera hace 9.66 en 60 (rebaja de 45 cent\u00e9simas) y 3.42.01 en 1000 (6 segundos menos); Laura Aguilera 14.58 en 100 y 50.84 en 300 (poco a poco acerc\u00e1ndose a sus marcas tras un proceso lesivo) y Elizabeth L\u00f3pez 3.55.12 en 1000 (nueva Sub 4 como ya apunt\u00e1bamos en anteriores cr\u00f3nicas y 10 segundos de mejora).  <\/p>\n\n\n\n<p>Siguiendo con las alegr\u00edas como no comentar la presencia de un baluarte del club en la final A del Campeonato de Espa\u00f1a de Clubs Sub 20 de Zaragoza representando al CA Nerja, Manuel Jim\u00e9nez L\u00f3pez que compitiendo con atletas hasta dos a\u00f1os mayores que \u00e9l defendi\u00f3 una tercera posici\u00f3n en 3000 metros disputados con un aut\u00e9ntico vendaval y consiguiendo un crono de 9.02 en una carrera t\u00e1ctica. Adem\u00e1s contribuye a la segunda posici\u00f3n del equipo, nueva medalla de car\u00e1cter nacional que sumar al curr\u00edculum y candidatura para el pr\u00f3ximo nacional de federaciones a celebrar en Getafe el d\u00eda 8 de junio.  <\/p>\n\n\n\n<p>Por \u00faltimo y no por ello menos importante tuvimos nueva dosis de alegr\u00edas con nuestros m\u00e1sters en el gran premio de fondo Esp\u00e1rrago de Hu\u00e9tor Tajar, encabezados por Teresa Rica en el puesto 71, Elizabeth L\u00f3pez la 91, Antonio Romero en el puesto 109, 366 Francisco Javier Polo, 434 Antonio Carrillo S\u00e1nchez,  438 Francisco Javier Villalba.   <\/p>\n\n\n\n<figure class=\"wp-block-image\"><img data-recalc-dims=\"1\" loading=\"lazy\" decoding=\"async\" width=\"640\" height=\"427\" src=\"https:\/\/i0.wp.com\/miradordeatarfe.es\/wp-content\/uploads\/2019\/05\/Adri%C3%A1n-300-m-Granada-040519.jpg?resize=640%2C427&#038;ssl=1\" alt=\"\" class=\"wp-image-32169\" srcset=\"https:\/\/i0.wp.com\/miradordeatarfe.es\/wp-content\/uploads\/2019\/05\/Adri%C3%A1n-300-m-Granada-040519.jpg?resize=1024%2C683&amp;ssl=1 1024w, https:\/\/i0.wp.com\/miradordeatarfe.es\/wp-content\/uploads\/2019\/05\/Adri%C3%A1n-300-m-Granada-040519.jpg?resize=300%2C200&amp;ssl=1 300w, https:\/\/i0.wp.com\/miradordeatarfe.es\/wp-content\/uploads\/2019\/05\/Adri%C3%A1n-300-m-Granada-040519.jpg?resize=768%2C512&amp;ssl=1 768w, https:\/\/i0.wp.com\/miradordeatarfe.es\/wp-content\/uploads\/2019\/05\/Adri%C3%A1n-300-m-Granada-040519.jpg?resize=600%2C400&amp;ssl=1 600w, https:\/\/i0.wp.com\/miradordeatarfe.es\/wp-content\/uploads\/2019\/05\/Adri%C3%A1n-300-m-Granada-040519.jpg?resize=1320%2C880&amp;ssl=1 1320w, https:\/\/i0.wp.com\/miradordeatarfe.es\/wp-content\/uploads\/2019\/05\/Adri%C3%A1n-300-m-Granada-040519.jpg?w=1920&amp;ssl=1 1920w\" sizes=\"auto, (max-width: 640px) 100vw, 640px\" \/><\/figure>\n\n\n\n<figure class=\"wp-block-image\"><img data-recalc-dims=\"1\" loading=\"lazy\" decoding=\"async\" width=\"640\" height=\"854\" src=\"https:\/\/i0.wp.com\/miradordeatarfe.es\/wp-content\/uploads\/2019\/05\/Manu-Zaragoza-Espa%C3%B1a-Clubs-Sub-20-2019.jpeg?resize=640%2C854&#038;ssl=1\" alt=\"\" class=\"wp-image-32170\" srcset=\"https:\/\/i0.wp.com\/miradordeatarfe.es\/wp-content\/uploads\/2019\/05\/Manu-Zaragoza-Espa%C3%B1a-Clubs-Sub-20-2019.jpeg?resize=767%2C1024&amp;ssl=1 767w, https:\/\/i0.wp.com\/miradordeatarfe.es\/wp-content\/uploads\/2019\/05\/Manu-Zaragoza-Espa%C3%B1a-Clubs-Sub-20-2019.jpeg?resize=225%2C300&amp;ssl=1 225w, https:\/\/i0.wp.com\/miradordeatarfe.es\/wp-content\/uploads\/2019\/05\/Manu-Zaragoza-Espa%C3%B1a-Clubs-Sub-20-2019.jpeg?resize=768%2C1025&amp;ssl=1 768w, https:\/\/i0.wp.com\/miradordeatarfe.es\/wp-content\/uploads\/2019\/05\/Manu-Zaragoza-Espa%C3%B1a-Clubs-Sub-20-2019.jpeg?resize=600%2C801&amp;ssl=1 600w, https:\/\/i0.wp.com\/miradordeatarfe.es\/wp-content\/uploads\/2019\/05\/Manu-Zaragoza-Espa%C3%B1a-Clubs-Sub-20-2019.jpeg?w=1080&amp;ssl=1 1080w\" sizes=\"auto, (max-width: 640px) 100vw, 640px\" \/><\/figure>\n","protected":false},"excerpt":{"rendered":"<p>Este domingo se han celebrado en toda Espa\u00f1a las elecciones al Parlamento de la Uni\u00f3n&#8230;<\/p>\n","protected":false},"author":1,"featured_media":32168,"comment_status":"closed","ping_status":"closed","sticky":false,"template":"","format":"standard","meta":{"_coblocks_attr":"","_coblocks_dimensions":"","_coblocks_responsive_height":"","_coblocks_accordion_ie_support":"","jetpack_post_was_ever_published":false,"_jetpack_newsletter_access":"","_jetpack_dont_email_post_to_subs":false,"_jetpack_newsletter_tier_id":0,"_jetpack_memberships_contains_paywalled_content":false,"_jetpack_memberships_contains_paid_content":false,"footnotes":"","jetpack_publicize_message":"","jetpack_publicize_feature_enabled":true,"jetpack_social_post_already_shared":false,"jetpack_social_options":{"image_generator_settings":{"template":"highway","default_image_id":0,"enabled":false},"version":2}},"categories":[2,182,6915,44,15],"tags":[81,85,6083],"class_list":["post-32167","post","type-post","status-publish","format-standard","has-post-thumbnail","hentry","category-atarfe","category-deportes","category-opinion-de-manuel-jimenez","category-noticias-de-hoy","category-ultimas-noticias","tag-atarfe","tag-atletismo","tag-deportes-atarfe"],"jetpack_publicize_connections":[],"jetpack_featured_media_url":"https:\/\/i0.wp.com\/miradordeatarfe.es\/wp-content\/uploads\/2019\/05\/Alejandra-Rivera-3-500-Granada-040519-1.jpg?fit=5184%2C3456&ssl=1","jetpack_likes_enabled":true,"jetpack_sharing_enabled":true,"_links":{"self":[{"href":"https:\/\/miradordeatarfe.es\/index.php?rest_route=\/wp\/v2\/posts\/32167","targetHints":{"allow":["GET"]}}],"collection":[{"href":"https:\/\/miradordeatarfe.es\/index.php?rest_route=\/wp\/v2\/posts"}],"about":[{"href":"https:\/\/miradordeatarfe.es\/index.php?rest_route=\/wp\/v2\/types\/post"}],"author":[{"embeddable":true,"href":"https:\/\/miradordeatarfe.es\/index.php?rest_route=\/wp\/v2\/users\/1"}],"replies":[{"embeddable":true,"href":"https:\/\/miradordeatarfe.es\/index.php?rest_route=%2Fwp%2Fv2%2Fcomments&post=32167"}],"version-history":[{"count":2,"href":"https:\/\/miradordeatarfe.es\/index.php?rest_route=\/wp\/v2\/posts\/32167\/revisions"}],"predecessor-version":[{"id":52286,"href":"https:\/\/miradordeatarfe.es\/index.php?rest_route=\/wp\/v2\/posts\/32167\/revisions\/52286"}],"wp:featuredmedia":[{"embeddable":true,"href":"https:\/\/miradordeatarfe.es\/index.php?rest_route=\/wp\/v2\/media\/32168"}],"wp:attachment":[{"href":"https:\/\/miradordeatarfe.es\/index.php?rest_route=%2Fwp%2Fv2%2Fmedia&parent=32167"}],"wp:term":[{"taxonomy":"category","embeddable":true,"href":"https:\/\/miradordeatarfe.es\/index.php?rest_route=%2Fwp%2Fv2%2Fcategories&post=32167"},{"taxonomy":"post_tag","embeddable":true,"href":"https:\/\/miradordeatarfe.es\/index.php?rest_route=%2Fwp%2Fv2%2Ftags&post=32167"}],"curies":[{"name":"wp","href":"https:\/\/api.w.org\/{rel}","templated":true}]}}