{"id":32207,"date":"2019-05-30T11:15:34","date_gmt":"2019-05-30T09:15:34","guid":{"rendered":"http:\/\/miradordeatarfe.es\/?p=32207"},"modified":"2019-05-29T23:54:11","modified_gmt":"2019-05-29T21:54:11","slug":"el-ceip-clara-campoamor-de-atarfe-recibe-el-galardon-internacional-bandera-verde-ecoescuelas","status":"publish","type":"post","link":"https:\/\/miradordeatarfe.es\/?p=32207","title":{"rendered":"EL CEIP CLARA CAMPOAMOR de ATARFE RECIBE  EL GALARD\u00d3N INTERNACIONAL BANDERA VERDE ECOESCUELAS"},"content":{"rendered":"\n<h4 class=\"wp-block-heading\">Ayer mi\u00e9rcoles tuvo lugar el Acto de entrega del Galard\u00f3n Internacional de Ecoescuelas en Granada en el teatro  de Caja Granada. En esta ocasi\u00f3n, han sido 11 centros andaluces los que han recibido la Bandera Verde entre ellos el Ceip Clara Campoamor de Atarfe<\/h4>\n\n\n\n<div class=\"wp-block-image\"><figure class=\"aligncenter\"><img data-recalc-dims=\"1\" height=\"300\" width=\"300\" decoding=\"async\" src=\"https:\/\/i0.wp.com\/ceipclaracampoamor.esy.es\/wp-content\/uploads\/2019\/05\/IMG-20190529-WA0008-300x300.jpg?resize=300%2C300\" alt=\"\" class=\"wp-image-1911\"\/><\/figure><\/div>\n\n\n\n<p><strong>D. Francisco Javier Valenzuela Sierra<\/strong>, coordinador del Programa Escoescuelas en nuestro colegio, ha recogido el m\u00e1ximo <strong>galard\u00f3n internacional de Ecoescuelas: \u00abLA BANDERA VERDE\u00bb <\/strong>de manos de nuestro Delegado Territorial de Educaci\u00f3n, Deporte, Igualdad, Pol\u00edticas Sociales y Conciliaci\u00f3n en Granada, <strong>D. Antonio Jes\u00fas Castillo Garc\u00eda.&nbsp;<\/strong><\/p>\n\n\n\n<div class=\"wp-block-image\"><figure class=\"aligncenter\"><img data-recalc-dims=\"1\" height=\"300\" width=\"239\" decoding=\"async\" src=\"https:\/\/i0.wp.com\/ceipclaracampoamor.esy.es\/wp-content\/uploads\/2019\/05\/e4a23267-5c78-40b5-842a-8f96634e66c9-239x300.jpg?resize=239%2C300\" alt=\"\" class=\"wp-image-1917\"\/><\/figure><\/div>\n\n\n\n<p>Aqu\u00ed D. Antonio Jes\u00fas dando la enhorabuena a todos los representantes:<\/p>\n\n\n\n<div class=\"wp-block-image\"><figure class=\"aligncenter\"><img data-recalc-dims=\"1\" height=\"300\" width=\"300\" decoding=\"async\" src=\"https:\/\/i0.wp.com\/ceipclaracampoamor.esy.es\/wp-content\/uploads\/2019\/05\/20190529_123830-300x300.jpg?resize=300%2C300\" alt=\"\" class=\"wp-image-1912\"\/><\/figure><\/div>\n\n\n\n<p>Pero al evento no ha ido solo el Maestro Fran, como ya hemos visto, \nlo hemos acompa\u00f1ado un grupo de ni\u00f1os\/as del Centro, el Equipo \nDirectivo, profesorado y una representaci\u00f3n del <strong>Comit\u00e9 Ambiental<\/strong> de nuestro Centro: la Concejal de Medioambiental del Excelent\u00edsimo Ayuntamiento de Atarfe <strong>D\u00aa Gloria Casado<\/strong> y <strong>D. Juan Cantero<\/strong>, por parte de las familias.<\/p>\n\n\n\n<p>La profesora de M\u00fasica, <strong>D\u00aa M\u00aa Carmen P\u00e9rez Sierra, <\/strong>al piano,&nbsp;y la profesora en Pr\u00e1cticas <strong>D\u00aa Bel\u00e9n Rebertos Costela, <\/strong>al\n viol\u00edn,&nbsp;han preparado una actuaci\u00f3n musical junto con los otros centros\n granadinos premiados: el IES \u00abLa Madraza\u00bb y el CEIP \u00abEsqu\u00ed-Escuela\u00bb \ndonde acompa\u00f1adas por nuestros ni\u00f1os\/as con flauta dulce han podido \ninterpretar&nbsp;<em>\u00abLa sinfon\u00eda del nuevo mundo\u00bb y \u00abColores en el viento\u00bb<\/em>.\n Una melodiosa interpretaci\u00f3n donde un mundo nuevo puede emerger si \ntodas las personas apostamos por \u00e9l con acciones que lo cuiden y ayuden a\n que no enferme.<\/p>\n\n\n\n<div class=\"wp-block-image\"><figure class=\"aligncenter\"><img data-recalc-dims=\"1\" height=\"225\" width=\"300\" decoding=\"async\" src=\"https:\/\/i0.wp.com\/ceipclaracampoamor.esy.es\/wp-content\/uploads\/2019\/05\/IMG-20190529-WA0012-300x225.jpg?resize=300%2C225\" alt=\"\" class=\"wp-image-1915\"\/><\/figure><\/div>\n\n\n\n<p>Muy emocionados y satisfechos hemos terminado el acto y nos hemos \ndirigido al Parque de las Ciencias para el almuerzo. Con el resto de los\n premiados, hasta un total de 11 centros educativos andaluces hemos \nvisitado el Parque y hemos desplegado nuevamente nuestra bandera verde, \norgullosos de ella y de nuestro esfuerzo y trabajo.<\/p>\n\n\n\n<p>Desde aqu\u00ed queremos agradecer a nuestro coordinador de Ecoescuelas, al <strong>MAESTRO FRAN<\/strong>,\n la gran labor que ha llevado a cabo para que el sue\u00f1o se haya podido \nhacer realidad. \u00bfQui\u00e9n nos lo iba a decir cuatro a\u00f1os atr\u00e1s?<\/p>\n\n\n\n<p>Detr\u00e1s de este reconocimiento hay muchas horas de trabajo, de \nplanificaci\u00f3n y de organizaci\u00f3n para que todo el Centro vaya en una \n\u00fanica direcci\u00f3n: <strong><em>AYUDAR A MEJORAR NUESTRO PLANETA<\/em> <\/strong>aunque sea con modestas aportaciones, y t\u00fa maestro lo has conseguido. <em><strong>Muchas gracias por regalarnos este galard\u00f3n.<\/strong><\/em><\/p>\n\n\n\n<p>Como dice \u00e9l, este reconocimiento es compartido y el trabajo \ntambi\u00e9n.&nbsp;Vaya por delante nuestro agradecimiento al Ayuntamiento de \nAtarfe, en especial a D\u00aa Gloria Casado, a las familias que siempre nos \napoyan colaborando en nuestras actividades medioambientales, al Comit\u00e9 \nAmbiental en el que participan alumnado, madres y padres, profesorado, \nel Ayuntamiento y nuestro T\u00e9cnico de Medioambiente D. Antonio ; pero el \ntrabajo diario corresponde a <strong>nuestros maestros y maestras del CEIP CLARA CAMPOAMOR<\/strong> y a nuestros <strong>ni\u00f1os y ni\u00f1as<\/strong> que sin ellos nunca habr\u00eda sido posible este premio.&nbsp;<strong>\u00a1ENHORABUENA A TODOS\/AS! YA SABEMOS QUE EL TRABAJO EN EQUIPO SIEMPRE SUMA. <\/strong><\/p>\n\n\n\n<p><em><strong>APOSTAMOS POR SEGUIR \nTRABAJANDO EN LA IMPLANTACI\u00d3N DE LA AGENDA 2030 PARA LOGRAR LOS 17 \nOBJETIVOS DE DESARROLLO SOSTENIBLE PROPUESTOS POR LA ONU.<\/strong><\/em><\/p>\n","protected":false},"excerpt":{"rendered":"<p>Ayer mi\u00e9rcoles tuvo lugar el Acto de entrega del Galard\u00f3n Internacional de Ecoescuelas en Granada&#8230;<\/p>\n","protected":false},"author":1,"featured_media":32208,"comment_status":"closed","ping_status":"closed","sticky":false,"template":"","format":"standard","meta":{"_coblocks_attr":"","_coblocks_dimensions":"","_coblocks_responsive_height":"","_coblocks_accordion_ie_support":"","jetpack_post_was_ever_published":false,"_jetpack_newsletter_access":"","_jetpack_dont_email_post_to_subs":false,"_jetpack_newsletter_tier_id":0,"_jetpack_memberships_contains_paywalled_content":false,"_jetpack_memberships_contains_paid_content":false,"footnotes":"","jetpack_publicize_message":"","jetpack_publicize_feature_enabled":true,"jetpack_social_post_already_shared":false,"jetpack_social_options":{"image_generator_settings":{"template":"highway","default_image_id":0,"enabled":false},"version":2}},"categories":[2,187,186,44,15],"tags":[81,5869,5868],"class_list":["post-32207","post","type-post","status-publish","format-standard","has-post-thumbnail","hentry","category-atarfe","category-centros-educativos","category-instituciones","category-noticias-de-hoy","category-ultimas-noticias","tag-atarfe","tag-bandera-verde","tag-ecoescuelas"],"jetpack_publicize_connections":[],"jetpack_featured_media_url":"https:\/\/i0.wp.com\/miradordeatarfe.es\/wp-content\/uploads\/2019\/05\/IMG-20190529-WA0007.jpg?fit=1278%2C475&ssl=1","jetpack_likes_enabled":true,"jetpack_sharing_enabled":true,"_links":{"self":[{"href":"https:\/\/miradordeatarfe.es\/index.php?rest_route=\/wp\/v2\/posts\/32207","targetHints":{"allow":["GET"]}}],"collection":[{"href":"https:\/\/miradordeatarfe.es\/index.php?rest_route=\/wp\/v2\/posts"}],"about":[{"href":"https:\/\/miradordeatarfe.es\/index.php?rest_route=\/wp\/v2\/types\/post"}],"author":[{"embeddable":true,"href":"https:\/\/miradordeatarfe.es\/index.php?rest_route=\/wp\/v2\/users\/1"}],"replies":[{"embeddable":true,"href":"https:\/\/miradordeatarfe.es\/index.php?rest_route=%2Fwp%2Fv2%2Fcomments&post=32207"}],"version-history":[{"count":3,"href":"https:\/\/miradordeatarfe.es\/index.php?rest_route=\/wp\/v2\/posts\/32207\/revisions"}],"predecessor-version":[{"id":32215,"href":"https:\/\/miradordeatarfe.es\/index.php?rest_route=\/wp\/v2\/posts\/32207\/revisions\/32215"}],"wp:featuredmedia":[{"embeddable":true,"href":"https:\/\/miradordeatarfe.es\/index.php?rest_route=\/wp\/v2\/media\/32208"}],"wp:attachment":[{"href":"https:\/\/miradordeatarfe.es\/index.php?rest_route=%2Fwp%2Fv2%2Fmedia&parent=32207"}],"wp:term":[{"taxonomy":"category","embeddable":true,"href":"https:\/\/miradordeatarfe.es\/index.php?rest_route=%2Fwp%2Fv2%2Fcategories&post=32207"},{"taxonomy":"post_tag","embeddable":true,"href":"https:\/\/miradordeatarfe.es\/index.php?rest_route=%2Fwp%2Fv2%2Ftags&post=32207"}],"curies":[{"name":"wp","href":"https:\/\/api.w.org\/{rel}","templated":true}]}}