{"id":32216,"date":"2019-05-30T10:30:51","date_gmt":"2019-05-30T08:30:51","guid":{"rendered":"http:\/\/miradordeatarfe.es\/?p=32216"},"modified":"2019-05-30T00:06:13","modified_gmt":"2019-05-29T22:06:13","slug":"la-secretaria-general-del-psoe-de-atarfe-agradece-la-participacion-y-resultados-obtenidos-por-el-psoe","status":"publish","type":"post","link":"https:\/\/miradordeatarfe.es\/?p=32216","title":{"rendered":"LA SECRETARIA GENERAL DEL PSOE DE ATARFE AGRADECE LA PARTICIPACI\u00d3N Y RESULTADOS OBTENIDOS POR EL PSOE"},"content":{"rendered":"\n<h4 class=\"wp-block-heading\">BUENAS TARDES vecinos\/as militantes y\nsimpatizantes  del Psoe de Atarfe. \n<\/h4>\n\n\n\n<p>Como Secretaria General del  PSOE de ATARFE quiero manifestar que el domingo 26 de mayo nuestro pueblo decidi\u00f3 en las urnas darnos su confianza para llevar a cabo nuestro programa con acuerdos al no tener mayor\u00eda absoluta. Ahora llega la hora de dar las gracias y por eso me dirijo a todos los votantes que  depositaron su voto para expresarles mi agradecimiento  por el apoyo recibido y la confianza depositada en estas elecciones municipales. <\/p>\n\n\n\n<p>Agradecer a todas las personas, nos\nhayan votado o no, su apuesta democr\u00e1tica participando en estos\nmomentos claves para los municipios y para Europa. \n<\/p>\n\n\n\n<p> Las personas del  partido que dirijo\nlo vamos a demostrar diariamente esforz\u00e1ndonos para no defraudar las\nexpectativas y la ilusi\u00f3n que hab\u00e9is puesto en el proyecto del PSOE\ny en las personas que conforman nuestro grupo municipal.<\/p>\n\n\n\n<p>Nos toca dar las gracias, por hacer\nposible que 8 concejales y concejalas del PSOE (4 concejales y 4\nconcejalas) trabajen a partir del d\u00eda 15 en defensa de los intereses\nde los trabajadores y trabajadoras, en la lucha de los derechos\nsociales, por la garant\u00eda de un modelo social p\u00fablico y, sobre\ntodo, para demostrar que hay otras formas de  trabajar por nuestro\npueblo. Los dem\u00e1s partidos ah\u00ed nos encontrar\u00e1n \n<\/p>\n\n\n\n<p>La gran mayor\u00eda de los concejales\/as que nos van a representar en el Ayuntamiento por el PSOE son nuevos pero nos quedamos con lo mejor que ellas \/os tienen y con la ilusi\u00f3n renovada de todos\/as los que por primera vez dan la cara para conseguir un pueblo mejor. <\/p>\n\n\n\n<p>Vuestros votos nos dan fuerzas e\nilusi\u00f3n para poner en pr\u00e1ctica las propuestas que os hemos\ntransmitido en nuestro programa electoral y hacernos eco de cuantas\nsugerencias puedan llegarnos en el bien de nuestro pueblo ante un\nmomento hist\u00f3rico que nos abre un importante abanico de\noportunidades. \n<\/p>\n\n\n\n<p>En el nombre de todas las personas de la Ejecutiva Local y de las que  han formado nuestra candidatura del PSOE de Atarfe MUCHAS GRACIAS POR VUESTRO APOYO Y CONFIANZA.<\/p>\n\n\n\n<p><strong>Fdo, Yolanda Fern\u00e1ndez  Morales<\/strong><\/p>\n\n\n\n<figure class=\"wp-block-image\"><img data-recalc-dims=\"1\" loading=\"lazy\" decoding=\"async\" width=\"640\" height=\"480\" src=\"https:\/\/i0.wp.com\/miradordeatarfe.es\/wp-content\/uploads\/2019\/05\/IMG-20190527-WA0003.jpg?resize=640%2C480&#038;ssl=1\" alt=\"\" class=\"wp-image-32217\" srcset=\"https:\/\/i0.wp.com\/miradordeatarfe.es\/wp-content\/uploads\/2019\/05\/IMG-20190527-WA0003.jpg?resize=1024%2C768&amp;ssl=1 1024w, https:\/\/i0.wp.com\/miradordeatarfe.es\/wp-content\/uploads\/2019\/05\/IMG-20190527-WA0003.jpg?resize=300%2C225&amp;ssl=1 300w, https:\/\/i0.wp.com\/miradordeatarfe.es\/wp-content\/uploads\/2019\/05\/IMG-20190527-WA0003.jpg?resize=768%2C576&amp;ssl=1 768w, https:\/\/i0.wp.com\/miradordeatarfe.es\/wp-content\/uploads\/2019\/05\/IMG-20190527-WA0003.jpg?resize=600%2C450&amp;ssl=1 600w, https:\/\/i0.wp.com\/miradordeatarfe.es\/wp-content\/uploads\/2019\/05\/IMG-20190527-WA0003.jpg?resize=1320%2C990&amp;ssl=1 1320w, https:\/\/i0.wp.com\/miradordeatarfe.es\/wp-content\/uploads\/2019\/05\/IMG-20190527-WA0003.jpg?w=1600&amp;ssl=1 1600w\" sizes=\"auto, (max-width: 640px) 100vw, 640px\" \/><\/figure>\n","protected":false},"excerpt":{"rendered":"<p>BUENAS TARDES vecinos\/as militantes y simpatizantes del Psoe de Atarfe. Como Secretaria General del PSOE&#8230;<\/p>\n","protected":false},"author":1,"featured_media":32218,"comment_status":"closed","ping_status":"closed","sticky":false,"template":"","format":"standard","meta":{"_coblocks_attr":"","_coblocks_dimensions":"","_coblocks_responsive_height":"","_coblocks_accordion_ie_support":"","jetpack_post_was_ever_published":false,"_jetpack_newsletter_access":"","_jetpack_dont_email_post_to_subs":false,"_jetpack_newsletter_tier_id":0,"_jetpack_memberships_contains_paywalled_content":false,"_jetpack_memberships_contains_paid_content":false,"footnotes":"","jetpack_publicize_message":"","jetpack_publicize_feature_enabled":true,"jetpack_social_post_already_shared":false,"jetpack_social_options":{"image_generator_settings":{"template":"highway","default_image_id":0,"enabled":false},"version":2}},"categories":[2,1161,186,44,15],"tags":[81,723],"class_list":["post-32216","post","type-post","status-publish","format-standard","has-post-thumbnail","hentry","category-atarfe","category-ciudadania","category-instituciones","category-noticias-de-hoy","category-ultimas-noticias","tag-atarfe","tag-psoe"],"jetpack_publicize_connections":[],"jetpack_featured_media_url":"https:\/\/i0.wp.com\/miradordeatarfe.es\/wp-content\/uploads\/2019\/05\/IMG-20190529-WA0013.jpg?fit=1577%2C934&ssl=1","jetpack_likes_enabled":true,"jetpack_sharing_enabled":true,"_links":{"self":[{"href":"https:\/\/miradordeatarfe.es\/index.php?rest_route=\/wp\/v2\/posts\/32216","targetHints":{"allow":["GET"]}}],"collection":[{"href":"https:\/\/miradordeatarfe.es\/index.php?rest_route=\/wp\/v2\/posts"}],"about":[{"href":"https:\/\/miradordeatarfe.es\/index.php?rest_route=\/wp\/v2\/types\/post"}],"author":[{"embeddable":true,"href":"https:\/\/miradordeatarfe.es\/index.php?rest_route=\/wp\/v2\/users\/1"}],"replies":[{"embeddable":true,"href":"https:\/\/miradordeatarfe.es\/index.php?rest_route=%2Fwp%2Fv2%2Fcomments&post=32216"}],"version-history":[{"count":2,"href":"https:\/\/miradordeatarfe.es\/index.php?rest_route=\/wp\/v2\/posts\/32216\/revisions"}],"predecessor-version":[{"id":32222,"href":"https:\/\/miradordeatarfe.es\/index.php?rest_route=\/wp\/v2\/posts\/32216\/revisions\/32222"}],"wp:featuredmedia":[{"embeddable":true,"href":"https:\/\/miradordeatarfe.es\/index.php?rest_route=\/wp\/v2\/media\/32218"}],"wp:attachment":[{"href":"https:\/\/miradordeatarfe.es\/index.php?rest_route=%2Fwp%2Fv2%2Fmedia&parent=32216"}],"wp:term":[{"taxonomy":"category","embeddable":true,"href":"https:\/\/miradordeatarfe.es\/index.php?rest_route=%2Fwp%2Fv2%2Fcategories&post=32216"},{"taxonomy":"post_tag","embeddable":true,"href":"https:\/\/miradordeatarfe.es\/index.php?rest_route=%2Fwp%2Fv2%2Ftags&post=32216"}],"curies":[{"name":"wp","href":"https:\/\/api.w.org\/{rel}","templated":true}]}}