{"id":32233,"date":"2019-05-31T10:28:20","date_gmt":"2019-05-31T08:28:20","guid":{"rendered":"http:\/\/miradordeatarfe.es\/?p=32233"},"modified":"2019-05-30T00:34:04","modified_gmt":"2019-05-29T22:34:04","slug":"manolo-rojas-nuevo-entrenador-del-atarfe-industrial","status":"publish","type":"post","link":"https:\/\/miradordeatarfe.es\/?p=32233","title":{"rendered":"ATARFE: Manolo Rojas, nuevo entrenador del Atarfe Industrial."},"content":{"rendered":"\n<h4 class=\"wp-block-heading\">El preparador del Churriana CF se compromete con nuestra entidad para la pr\u00f3xima temporada en Divisi\u00f3n de Honor.<\/h4>\n\n\n\n<p>Una vez concluida la temporada en el grupo IX de Tercera\nDivisi\u00f3n, los equipos ya comienzan a planificar la campa\u00f1a venidera. <\/p>\n\n\n\n<p><strong>El Atarfe Industrial,<\/strong> que descendi\u00f3 a Divisi\u00f3n de Honor S\u00e9nior, puede ser el primer equipo en confirmar a su entrenador. <\/p>\n\n\n\n<p>Jorge Moreno comunic\u00f3 a la directiva su intenci\u00f3n de no\ncontinuar en el banquillo atarfe\u00f1o antes de concluir la temporada. El joven\npreparador de la casa logr\u00f3 la permanencia el a\u00f1o anterior, pero no ha podido\nrepetir. <\/p>\n\n\n\n<p>Manolo Rojas, entrenador del Churriana CF, ha fichado  para entrenar al Atarfe Industrial. <\/p>\n\n\n\n<p>La directiva atarfe\u00f1a, quiere buscar el ascenso con un proyecto a dos a\u00f1os. <\/p>\n\n\n\n<p>Rojas, que logr\u00f3 el ascenso del Churriana CF a Divisi\u00f3n de Honor hace tres temporadas, estuvo al frente del CD Hu\u00e9tor Vega en Tercera Divisi\u00f3n, aunque fue cesado a mitad del curso. Esta recien concluida campa\u00f1a ha llevado al conjunto churrianero a lograr el subcampeonato en la categor\u00eda provicical. <\/p>\n\n\n\n<figure class=\"wp-block-image\"><img data-recalc-dims=\"1\" loading=\"lazy\" decoding=\"async\" width=\"640\" height=\"853\" src=\"https:\/\/i0.wp.com\/miradordeatarfe.es\/wp-content\/uploads\/2019\/05\/61560689_2422973481267893_7619806289920524288_n.jpg?resize=640%2C853&#038;ssl=1\" alt=\"\" class=\"wp-image-32234\" srcset=\"https:\/\/i0.wp.com\/miradordeatarfe.es\/wp-content\/uploads\/2019\/05\/61560689_2422973481267893_7619806289920524288_n.jpg?w=720&amp;ssl=1 720w, https:\/\/i0.wp.com\/miradordeatarfe.es\/wp-content\/uploads\/2019\/05\/61560689_2422973481267893_7619806289920524288_n.jpg?resize=225%2C300&amp;ssl=1 225w, https:\/\/i0.wp.com\/miradordeatarfe.es\/wp-content\/uploads\/2019\/05\/61560689_2422973481267893_7619806289920524288_n.jpg?resize=600%2C800&amp;ssl=1 600w\" sizes=\"auto, (max-width: 640px) 100vw, 640px\" \/><\/figure>\n\n\n\n<p>@JPalmaGR<\/p>\n","protected":false},"excerpt":{"rendered":"<p>El preparador del Churriana CF se compromete con nuestra entidad para la pr\u00f3xima temporada en&#8230;<\/p>\n","protected":false},"author":1,"featured_media":32235,"comment_status":"closed","ping_status":"closed","sticky":false,"template":"","format":"standard","meta":{"_coblocks_attr":"","_coblocks_dimensions":"","_coblocks_responsive_height":"","_coblocks_accordion_ie_support":"","jetpack_post_was_ever_published":false,"_jetpack_newsletter_access":"","_jetpack_dont_email_post_to_subs":false,"_jetpack_newsletter_tier_id":0,"_jetpack_memberships_contains_paywalled_content":false,"_jetpack_memberships_contains_paid_content":false,"footnotes":"","jetpack_publicize_message":"","jetpack_publicize_feature_enabled":true,"jetpack_social_post_already_shared":false,"jetpack_social_options":{"image_generator_settings":{"template":"highway","default_image_id":0,"enabled":false},"version":2}},"categories":[2,182,186,44,15],"tags":[81,4389,123],"class_list":["post-32233","post","type-post","status-publish","format-standard","has-post-thumbnail","hentry","category-atarfe","category-deportes","category-instituciones","category-noticias-de-hoy","category-ultimas-noticias","tag-atarfe","tag-atarfe-industrial-c-f","tag-deportes"],"jetpack_publicize_connections":[],"jetpack_featured_media_url":"https:\/\/i0.wp.com\/miradordeatarfe.es\/wp-content\/uploads\/2019\/05\/26240455_2077759769122601_8397397378559196273_o.jpg?fit=1600%2C903&ssl=1","jetpack_likes_enabled":true,"jetpack_sharing_enabled":true,"_links":{"self":[{"href":"https:\/\/miradordeatarfe.es\/index.php?rest_route=\/wp\/v2\/posts\/32233","targetHints":{"allow":["GET"]}}],"collection":[{"href":"https:\/\/miradordeatarfe.es\/index.php?rest_route=\/wp\/v2\/posts"}],"about":[{"href":"https:\/\/miradordeatarfe.es\/index.php?rest_route=\/wp\/v2\/types\/post"}],"author":[{"embeddable":true,"href":"https:\/\/miradordeatarfe.es\/index.php?rest_route=\/wp\/v2\/users\/1"}],"replies":[{"embeddable":true,"href":"https:\/\/miradordeatarfe.es\/index.php?rest_route=%2Fwp%2Fv2%2Fcomments&post=32233"}],"version-history":[{"count":2,"href":"https:\/\/miradordeatarfe.es\/index.php?rest_route=\/wp\/v2\/posts\/32233\/revisions"}],"predecessor-version":[{"id":32238,"href":"https:\/\/miradordeatarfe.es\/index.php?rest_route=\/wp\/v2\/posts\/32233\/revisions\/32238"}],"wp:featuredmedia":[{"embeddable":true,"href":"https:\/\/miradordeatarfe.es\/index.php?rest_route=\/wp\/v2\/media\/32235"}],"wp:attachment":[{"href":"https:\/\/miradordeatarfe.es\/index.php?rest_route=%2Fwp%2Fv2%2Fmedia&parent=32233"}],"wp:term":[{"taxonomy":"category","embeddable":true,"href":"https:\/\/miradordeatarfe.es\/index.php?rest_route=%2Fwp%2Fv2%2Fcategories&post=32233"},{"taxonomy":"post_tag","embeddable":true,"href":"https:\/\/miradordeatarfe.es\/index.php?rest_route=%2Fwp%2Fv2%2Ftags&post=32233"}],"curies":[{"name":"wp","href":"https:\/\/api.w.org\/{rel}","templated":true}]}}