{"id":32239,"date":"2019-05-31T09:38:17","date_gmt":"2019-05-31T07:38:17","guid":{"rendered":"http:\/\/miradordeatarfe.es\/?p=32239"},"modified":"2019-05-30T00:43:13","modified_gmt":"2019-05-29T22:43:13","slug":"que-sabemos-del-tabaco-los-bulos-sobre-el-tabaquismo-normalizados-entre-los-millennials","status":"publish","type":"post","link":"https:\/\/miradordeatarfe.es\/?p=32239","title":{"rendered":"\u00bfQu\u00e9 sabemos del tabaco? Los bulos sobre el tabaquismo, normalizados entre los millennials"},"content":{"rendered":"\n<h4 class=\"wp-block-heading\">El proyecto Salud Respiratoria del  Departamento de Medicina de la UGR, a trav\u00e9s del Aula Oximesa-UGR,  realiza un estudio en el que se revelan las claves sobre las falsas  creencias acerca de este h\u00e1bito, sobre todo entre los j\u00f3venes<\/h4>\n\n\n\n<p>El tabaco es, tras el alcohol, la segunda droga m\u00e1s consumida. El \ncontrol del tabaquismo desde las instituciones p\u00fablicas ha conseguido \nreducir esta epidemia en las \u00faltimas d\u00e9cadas, principalmente en pa\u00edses \ndesarrollados. A pesar de ello, en Espa\u00f1a, tras el primer impacto que \nsupuso la aprobaci\u00f3n y aplicaci\u00f3n de la ley de medidas sanitarias frente\n al tabaquismo y reguladora de la venta, suministro, consumo y \npublicidad de los productos del tabaco, se ha producido un repunte del \nconsumo diario de <strong>tabaco<\/strong> del 30,8 al 34%.<\/p>\n\n\n\n<figure class=\"wp-block-image\"><img decoding=\"async\" src=\"https:\/\/granadadigitaladserver.granadadigital.es\/www\/delivery\/lg.php?bannerid=64&amp;campaignid=63&amp;zoneid=57&amp;loc=https%3A%2F%2Fwww.granadadigital.es%2Fque-sabemos-tabaco-bulos-tabaquismo-normalizados-millennials%2F&amp;referer=https%3A%2F%2Fwww.granadadigital.es%2F&amp;cb=3bfbb29c9b\" alt=\"\"\/><\/figure>\n\n\n\n<p>La\n realidad en este momento es que los j\u00f3venes contin\u00faan incorpor\u00e1ndose al\n consumo. Seg\u00fan la \u00faltima encuesta realizada en Espa\u00f1a en estudiantes de\n entre 14 y 18 a\u00f1os, casi el 40% ha probado el tabaco, un 34,7% lo ha \nconsumido en el \u00faltimo a\u00f1o, un 27,3% en el \u00faltimo mes y el 8,8% son \nfumadores diarios \u2013 8,6% de los varones y 9% de las mujeres -.<\/p>\n\n\n\n<figure class=\"wp-block-image\"><img decoding=\"async\" src=\"https:\/\/granadadigitaladserver.granadadigital.es\/www\/delivery\/lg.php?bannerid=252&amp;campaignid=208&amp;zoneid=81&amp;loc=https%3A%2F%2Fwww.granadadigital.es%2Fque-sabemos-tabaco-bulos-tabaquismo-normalizados-millennials%2F&amp;referer=https%3A%2F%2Fwww.granadadigital.es%2F&amp;cb=a376c9fe8c\" alt=\"\"\/><\/figure>\n\n\n\n<p>Al\n mismo tiempo, aparecen nuevas formas de consumo y se desarrollan \nestrategias tendentes a hacer m\u00e1s aceptable socialmente lo que desde \nhace tiempo sabemos que es la principal causa de muerte evitable en \nnuestra sociedad. De hecho, aparecen y se extienden conductas \nrelacionadas con el mismo h\u00e1bito que hasta hace unos a\u00f1os eran ya muy \nminoritarias.<ins><\/ins><\/p>\n\n\n\n<p>El auge del<strong> tabaco de liar<\/strong>,\n asociado a la idea de que es m\u00e1s \u2018natural\u2019, aunque sabemos que tiene \ntasas de carcin\u00f3genos y niveles iguales o mayores de CO, nicotina y \nalquitr\u00e1n que los cigarrillos tradicionales, es uno de los m\u00e1s \nevidentes. De la misma manera, la<strong> pipa de agua<\/strong> se est\u00e1 \nconvirtiendo en la principal forma de consumo de tabaco en adolescentes \nde pa\u00edses mediterr\u00e1neos orientales, y se est\u00e1 extendiendo r\u00e1pidamente \nhacia occidente.<ins><\/ins><\/p>\n\n\n\n<p>En\n este sentido, el manejo de la informaci\u00f3n y la \u2018matizaci\u00f3n\u2019 de los \nmensajes relacionados con el consumo de tabaco son extremadamente \nrelevantes. La industria tabaquera no deja de lanzar nuevas propuestas e\n implementar estrategias para hacer m\u00e1s aceptable entre los j\u00f3venes el \nconsumo de tabaco. En este sentido, la gran extensi\u00f3n que ha alcanzado \nel empleo de <strong>cigarrillos electr\u00f3nicos<\/strong> y el auge tan importante que est\u00e1n teniendo los dispositivos de tabaco sin combusti\u00f3n (<strong>IQUOS<\/strong>) son buen ejemplo de ello.<ins><\/ins><\/p>\n\n\n\n<p>Una\n de las nuevas estrategias para aumentar la penetraci\u00f3n de los mensajes \nen positivo relacionados con el consumo es el lanzamiento de las l\u00edneas \nblue, soslayando la prohibici\u00f3n de etiquetar a las labores de tabaco \ncomo light o bajos en nicotina, para asentar el mensaje de que un \nproducto que produce adicci\u00f3n y muerte es un producto \u201csaludable\u201d.<\/p>\n\n\n\n<p>Uno\n de los frentes en los que se desarrolla de manera m\u00e1s intensa la \nbatalla por el tabaquismo es el de la comunicaci\u00f3n y la difusi\u00f3n de \nmensajes ambiguos, o directamente err\u00f3neos, que fomentan falsas \ncreencias sobre el tabaquismo. Minimizar sus riesgos o mejorar su imagen\n es una de las armas m\u00e1s eficaces que emplea la industria del tabaco.<\/p>\n\n\n\n<p>El\n papel de los profesionales sanitarios, y muy especialmente de los \nm\u00e9dicos, es esencial a la hora de enviar mensajes coherentes que puedan \ninfluir en el consumo de tabaco en la sociedad. En este sentido, la \nformaci\u00f3n relacionada con el tabaquismo es esencial en futuros \nprofesionales de la salud, y cobra especial trascendencia en la etapa \nformativa.<\/p>\n\n\n\n<h4 class=\"wp-block-heading\">Objetivo: localizar las falsas creencias sobre el tabaco<\/h4>\n\n\n\n<p>En\n la Facultad de Medicina de la Universidad de Granada, dentro de la \nasignatura de Patolog\u00eda Respiratoria de 4\u00ba de Grado, plantearon que \u201cera\n importante poner en claro que existen falsas creencias relacionadas con\n el consumo de tabaco\u201d y que contribuyen a que este se perpet\u00fae. En el \nmarco del proyecto \u2018<strong>Salud Respiratoria<\/strong>\u2019 del Aula \nOximesa-UGR, los alumnos realizaron una serie de encuestas, donde \nparticiparon in situ, trabajando de primera mano tanto con consumidores \ncomo con aquellos que no hab\u00edan fumado un cigarrillo en su vida.<\/p>\n\n\n\n<p>Se\n elabor\u00f3 una encuesta que conten\u00eda diez enunciados sobre los mitos \nrelacionados con el tabaquismo, incluyendo tambi\u00e9n datos relacionados \ncon edad, sexo y nivel de estudios de los participantes.<\/p>\n\n\n\n<p>La \nencuesta, que inicialmente ten\u00eda como objetivo conocer la opini\u00f3n de los\n estudiantes de la Facultad de Medicina de Granada y su entorno se \nextendi\u00f3, finalmente, consiguiendo datos de una amplia muestra de la \npoblaci\u00f3n.<\/p>\n\n\n\n<p>Tras realizar una serie de estimaciones y percepciones \nen torno a un dec\u00e1logo de mitos estandarizados entre la ciudadan\u00eda, el \nresultado por parte de los alumnos que llevaban a cabo el proyecto fue \npreclaro. Las<strong> falsas creencias sobre el tabaco<\/strong> \npredominan en aspectos tan importantes como la falta de consideraci\u00f3n \ndel tabaquismo como drogodependencia o la normalizaci\u00f3n, tan relacionada\n con esta \u00faltima, de que \u201cse puede dejar de fumar cuando se quiera\u201d, lo \nque minimiza evidentemente el efecto de la adicci\u00f3n.<\/p>\n\n\n\n<p>Del mismo \nmodo, se sigue pensando que, una vez instaurado el consumo de tabaco, el\n da\u00f1o est\u00e1 hecho, y no vale la pena plantearse dejarlo. Pervive, \nincluso, la idea de que fumar es relajante. Las creencias que se \nreflejan en el estudio son la argumentaci\u00f3n irrebatible del fumador, que\n muy raramente dejar\u00e1 de fumar teniendo estos conceptos en mente.<\/p>\n\n\n\n<p>De\n la misma forma, se asocia la idea de dejar de fumar como causa a la \nhora de engordar, cuando no necesariamente ha de ser as\u00ed, y en cualquier\n caso siempre es m\u00e1s f\u00e1cil controlar el peso que cualquiera de las \nenfermedades asociadas al consumo de tabaco.<\/p>\n\n\n\n<h4 class=\"wp-block-heading\">Los j\u00f3venes universitarios, un target para las tabacaleras<\/h4>\n\n\n\n<p>De\n los encuestados, el 67,5 % de ellos son universitarios, donde se supone\n un mayor nivel cultural y de acceso a la informaci\u00f3n. Este hecho, lejos\n de invalidar los resultados, indicaba que aun en el segmento de \npoblaci\u00f3n con nivel cultural m\u00e1s alto, predominan esta sucesi\u00f3n de \nfalsas creencias, que permean todas las capas sociales.<\/p>\n\n\n\n<p>Tras el \nestudio, una de las conclusiones m\u00e1s repetidas ten\u00eda que ver con la \npedagog\u00eda. \u201cEs necesario explicar mejor que hay tratamientos seguros y \neficaces para ayudar a dejar de fumar, y que siempre, en cualquier \ncircunstancia, es mejor dejar de fumar que seguir fumando. Tambi\u00e9n \nparece necesario combatir el estigma que pesa sobre los fumadores. \nEliminar el concepto de que \u2018fuman porque quieren\u2019, extender el concepto\n de que se trata de una drogadicci\u00f3n y reivindicar que los tratamientos \npara dejar de fumar deber\u00edan estar financiados por el sistema sanitario \np\u00fablico\u201d, apuntan en el informe.<\/p>\n\n\n\n<p>Desde el estudio indican,  asimismo, que se deber\u00eda ser consciente de que disponemos de un marco  legal que se ha mostrado eficaz para contener la epidemia del  tabaquismo, y que los espacios libres de humo son una conquista social a  la que no debemos renunciar. En el horizonte, la extrema atenci\u00f3n a las  nuevas estrategias para extender y normalizar el consumo de tabaco,  especialmente entre la poblaci\u00f3n joven. Por \u00faltimo, los miembros del  equipo de trabajo agradecen muy sinceramente a todos los participantes  la amabilidad que han tenido al responder la encuesta.<\/p>\n\n\n\n<p><a href=\"https:\/\/www.granadadigital.es\/que-sabemos-tabaco-bulos-tabaquismo-normalizados-millennials\/\">https:\/\/www.granadadigital.es\/que-sabemos-tabaco-bulos-tabaquismo-normalizados-millennials\/<\/a><\/p>\n\n\n\n<p>FOTO:  Imagen ilustrativa | Foto: Archivo GD <\/p>\n","protected":false},"excerpt":{"rendered":"<p>El proyecto Salud Respiratoria del Departamento de Medicina de la UGR, a trav\u00e9s del Aula&#8230;<\/p>\n","protected":false},"author":1,"featured_media":32240,"comment_status":"closed","ping_status":"closed","sticky":false,"template":"","format":"standard","meta":{"_coblocks_attr":"","_coblocks_dimensions":"","_coblocks_responsive_height":"","_coblocks_accordion_ie_support":"","jetpack_post_was_ever_published":false,"_jetpack_newsletter_access":"","_jetpack_dont_email_post_to_subs":false,"_jetpack_newsletter_tier_id":0,"_jetpack_memberships_contains_paywalled_content":false,"_jetpack_memberships_contains_paid_content":false,"footnotes":"","jetpack_publicize_message":"","jetpack_publicize_feature_enabled":true,"jetpack_social_post_already_shared":false,"jetpack_social_options":{"image_generator_settings":{"template":"highway","default_image_id":0,"enabled":false},"version":2}},"categories":[1161,9,44,15,10],"tags":[6092,6091,5147],"class_list":["post-32239","post","type-post","status-publish","format-standard","has-post-thumbnail","hentry","category-ciudadania","category-medio-ambiente","category-noticias-de-hoy","category-ultimas-noticias","category-salud","tag-falsas-creencas","tag-poblacion-joven","tag-tabaco"],"jetpack_publicize_connections":[],"jetpack_featured_media_url":"https:\/\/i0.wp.com\/miradordeatarfe.es\/wp-content\/uploads\/2019\/05\/fotonoticia_20160123093936_800.jpg?fit=800%2C534&ssl=1","jetpack_likes_enabled":true,"jetpack_sharing_enabled":true,"_links":{"self":[{"href":"https:\/\/miradordeatarfe.es\/index.php?rest_route=\/wp\/v2\/posts\/32239","targetHints":{"allow":["GET"]}}],"collection":[{"href":"https:\/\/miradordeatarfe.es\/index.php?rest_route=\/wp\/v2\/posts"}],"about":[{"href":"https:\/\/miradordeatarfe.es\/index.php?rest_route=\/wp\/v2\/types\/post"}],"author":[{"embeddable":true,"href":"https:\/\/miradordeatarfe.es\/index.php?rest_route=\/wp\/v2\/users\/1"}],"replies":[{"embeddable":true,"href":"https:\/\/miradordeatarfe.es\/index.php?rest_route=%2Fwp%2Fv2%2Fcomments&post=32239"}],"version-history":[{"count":1,"href":"https:\/\/miradordeatarfe.es\/index.php?rest_route=\/wp\/v2\/posts\/32239\/revisions"}],"predecessor-version":[{"id":32241,"href":"https:\/\/miradordeatarfe.es\/index.php?rest_route=\/wp\/v2\/posts\/32239\/revisions\/32241"}],"wp:featuredmedia":[{"embeddable":true,"href":"https:\/\/miradordeatarfe.es\/index.php?rest_route=\/wp\/v2\/media\/32240"}],"wp:attachment":[{"href":"https:\/\/miradordeatarfe.es\/index.php?rest_route=%2Fwp%2Fv2%2Fmedia&parent=32239"}],"wp:term":[{"taxonomy":"category","embeddable":true,"href":"https:\/\/miradordeatarfe.es\/index.php?rest_route=%2Fwp%2Fv2%2Fcategories&post=32239"},{"taxonomy":"post_tag","embeddable":true,"href":"https:\/\/miradordeatarfe.es\/index.php?rest_route=%2Fwp%2Fv2%2Ftags&post=32239"}],"curies":[{"name":"wp","href":"https:\/\/api.w.org\/{rel}","templated":true}]}}