{"id":32269,"date":"2019-05-31T19:03:25","date_gmt":"2019-05-31T17:03:25","guid":{"rendered":"http:\/\/miradordeatarfe.es\/?p=32269"},"modified":"2019-05-31T19:03:27","modified_gmt":"2019-05-31T17:03:27","slug":"festival-de-la-ciencia-en-el-parque-de-las-ciencias","status":"publish","type":"post","link":"https:\/\/miradordeatarfe.es\/?p=32269","title":{"rendered":"Festival de la Ciencia en el PARQUE DE LAS CIENCIAS"},"content":{"rendered":"\n<h4 class=\"wp-block-heading\">S\u00e1bado, 1 de junio. Clausura de &#8216;Granada, Ciencia para una ciudad&#8217; con actividades musicales, divulgativas y de creatividad.<\/h4>\n\n\n\n<p>El proyecto &#8216;Granada, Ciencia para una ciudad&#8217; pone punto y final el pr\u00f3ximo 1 de junio<\/p>\n\n\n\n<p>Enmarcado dentro de la &#8216;Mesa por la Ciencia&#8217;, este programa de \nactividades engloba divulgaci\u00f3n, m\u00fasica y creatividad; convirti\u00e9ndose \nas\u00ed en una cita de referencia que permite a los asistentes conocer el \npotencial cient\u00edfico de la capital granadina.<\/p>\n\n\n\n<p>La clausura se celebrar\u00e1 entre las 18:00 y las 21:00 horas y aunar\u00e1 humor, divulgaci\u00f3n, m\u00fasica y conocimiento.<\/p>\n\n\n\n<p><strong>&#8216;Granada, Ciencia para una ciudad&#8217;<\/strong><\/p>\n\n\n\n<p><em>D\u00fao violines Globus M\u00fasica<\/em><\/p>\n\n\n\n<p><strong>Participa:<\/strong> Atsuko Neriishi y Peter Biely (Orquesta Ciudad de Granada)<\/p>\n\n\n\n<p><em>Charla \u00ab\u00bfDe qu\u00e9 est\u00e1n hechas tus alas?\u00bb<\/em><\/p>\n\n\n\n<p><strong>Participa: <\/strong>Esther Di\u00e1nez (@EscuelaPBL)<\/p>\n\n\n\n<p><em>\u00abLa mayonesa, la thermomix y el origen de la vida\u00bb<\/em><\/p>\n\n\n\n<p><strong>Participa:<\/strong> Daniel Guirado \/ \u00abCiencia en el Bar\u00bb<\/p>\n\n\n\n<p><strong>Lugar:<\/strong> Auditorio Parque de las Ciencias<\/p>\n\n\n\n<p><strong>Fecha y hora: <\/strong>S\u00e1bado, 1 de junio, de 18.00 a 19.00 horas<\/p>\n\n\n\n<p><em>Concierto de Red Passenger<\/em><\/p>\n\n\n\n<p><em>\u00abBarber&#8217;s Science\u00bb<\/em><\/p>\n\n\n\n<p>Espect\u00e1culo cient\u00edfico-musical del magn\u00edfico John Moretropier<\/p>\n\n\n\n<p><strong>Participa: <\/strong>Diego Salagre, Alberto P\u00e9rez, \u00c1ngel Estero y Francisco Jes\u00fas Mart\u00ednez<\/p>\n\n\n\n<p><em>Charla \u00abCiencia y Arte: manifestaciones eternas de la salud y la enfermedad\u00bb<\/em><\/p>\n\n\n\n<p><strong>Participa:<\/strong> Elena Gonz\u00e1lez-Rey (IPBLN-CSIC)<\/p>\n\n\n\n<p><em>Mon\u00f3logo cient\u00edfico \u00abUna alternativa deliciosa\u00bb<\/em><\/p>\n\n\n\n<p><strong>Participa: <\/strong>M\u00aa Luz C\u00e1diz Gurrea (UGR. Finalista Famelab 2018)<\/p>\n\n\n\n<p><em>Concierto \u00abMusic for Science\u00bb<\/em><\/p>\n\n\n\n<p><strong>Participa: <\/strong>Sense of Values Quartet<\/p>\n\n\n\n<p><strong>Lugar: <\/strong>Auditorio Parque de las Ciencias<\/p>\n\n\n\n<p><strong>Fecha y hora: <\/strong>S\u00e1bado 1 de junio, de 19.30 a 21.00 horas<\/p>\n\n\n\n<p>Evento para todas las edades. La entrada es libre hasta completar aforo.<\/p>\n\n\n\n<div class=\"wp-block-image\"><figure class=\"aligncenter\"><img data-recalc-dims=\"1\" loading=\"lazy\" decoding=\"async\" width=\"300\" height=\"424\" src=\"https:\/\/i0.wp.com\/miradordeatarfe.es\/wp-content\/uploads\/2019\/05\/poster.png_591114082.png?resize=300%2C424&#038;ssl=1\" alt=\"\" class=\"wp-image-32270\" srcset=\"https:\/\/i0.wp.com\/miradordeatarfe.es\/wp-content\/uploads\/2019\/05\/poster.png_591114082.png?w=300&amp;ssl=1 300w, https:\/\/i0.wp.com\/miradordeatarfe.es\/wp-content\/uploads\/2019\/05\/poster.png_591114082.png?resize=212%2C300&amp;ssl=1 212w\" sizes=\"auto, (max-width: 300px) 100vw, 300px\" \/><\/figure><\/div>\n","protected":false},"excerpt":{"rendered":"<p>S\u00e1bado, 1 de junio. Clausura de &#8216;Granada, Ciencia para una ciudad&#8217; con actividades musicales, divulgativas&#8230;<\/p>\n","protected":false},"author":1,"featured_media":32271,"comment_status":"closed","ping_status":"closed","sticky":false,"template":"","format":"standard","meta":{"_coblocks_attr":"","_coblocks_dimensions":"","_coblocks_responsive_height":"","_coblocks_accordion_ie_support":"","jetpack_post_was_ever_published":false,"_jetpack_newsletter_access":"","_jetpack_dont_email_post_to_subs":false,"_jetpack_newsletter_tier_id":0,"_jetpack_memberships_contains_paywalled_content":false,"_jetpack_memberships_contains_paid_content":false,"footnotes":"","jetpack_publicize_message":"","jetpack_publicize_feature_enabled":true,"jetpack_social_post_already_shared":false,"jetpack_social_options":{"image_generator_settings":{"template":"highway","default_image_id":0,"enabled":false},"version":2}},"categories":[12,186,44,15],"tags":[53,1499,129,4324],"class_list":["post-32269","post","type-post","status-publish","format-standard","has-post-thumbnail","hentry","category-cultura","category-instituciones","category-noticias-de-hoy","category-ultimas-noticias","tag-ciencia","tag-ciudad","tag-granada","tag-parque-de-la-ciencias"],"jetpack_publicize_connections":[],"jetpack_featured_media_url":"https:\/\/i0.wp.com\/miradordeatarfe.es\/wp-content\/uploads\/2019\/05\/Evento-Final_Cienciaparaunaciudad.jpg?fit=1754%2C827&ssl=1","jetpack_likes_enabled":true,"jetpack_sharing_enabled":true,"_links":{"self":[{"href":"https:\/\/miradordeatarfe.es\/index.php?rest_route=\/wp\/v2\/posts\/32269","targetHints":{"allow":["GET"]}}],"collection":[{"href":"https:\/\/miradordeatarfe.es\/index.php?rest_route=\/wp\/v2\/posts"}],"about":[{"href":"https:\/\/miradordeatarfe.es\/index.php?rest_route=\/wp\/v2\/types\/post"}],"author":[{"embeddable":true,"href":"https:\/\/miradordeatarfe.es\/index.php?rest_route=\/wp\/v2\/users\/1"}],"replies":[{"embeddable":true,"href":"https:\/\/miradordeatarfe.es\/index.php?rest_route=%2Fwp%2Fv2%2Fcomments&post=32269"}],"version-history":[{"count":1,"href":"https:\/\/miradordeatarfe.es\/index.php?rest_route=\/wp\/v2\/posts\/32269\/revisions"}],"predecessor-version":[{"id":32272,"href":"https:\/\/miradordeatarfe.es\/index.php?rest_route=\/wp\/v2\/posts\/32269\/revisions\/32272"}],"wp:featuredmedia":[{"embeddable":true,"href":"https:\/\/miradordeatarfe.es\/index.php?rest_route=\/wp\/v2\/media\/32271"}],"wp:attachment":[{"href":"https:\/\/miradordeatarfe.es\/index.php?rest_route=%2Fwp%2Fv2%2Fmedia&parent=32269"}],"wp:term":[{"taxonomy":"category","embeddable":true,"href":"https:\/\/miradordeatarfe.es\/index.php?rest_route=%2Fwp%2Fv2%2Fcategories&post=32269"},{"taxonomy":"post_tag","embeddable":true,"href":"https:\/\/miradordeatarfe.es\/index.php?rest_route=%2Fwp%2Fv2%2Ftags&post=32269"}],"curies":[{"name":"wp","href":"https:\/\/api.w.org\/{rel}","templated":true}]}}