{"id":32322,"date":"2019-06-04T11:36:36","date_gmt":"2019-06-04T09:36:36","guid":{"rendered":"http:\/\/miradordeatarfe.es\/?p=32322"},"modified":"2019-12-28T12:30:15","modified_gmt":"2019-12-28T11:30:15","slug":"50-anos-del-ies-iliberis-por-jose-enrique-granados","status":"publish","type":"post","link":"https:\/\/miradordeatarfe.es\/?p=32322","title":{"rendered":"50 A\u00d1OS DEL IES ILIBERISpor Jos\u00e9 Enrique Granados"},"content":{"rendered":"\n<p> Discurso  pronunciado por Jose Enrique el pasado 25 de abril durante la  presentaci\u00f3n del libro 50 a\u00f1os del IES Iliberis (Atarfe).<\/p>\n\n\n\n<p><br>\u201cComo  ya escribo en el libro que hoy presentamos, en nuestras vidas, estamos  acostumbrados a los acontecimientos que conmemoran fechas redondas. Y es  que quiz\u00e1 las personas, necesitamos establecer en nuestra biograf\u00eda,  hitos que se recuerden con facilidad, para evocar efem\u00e9rides de calado  en nuestra historia personal o colectiva.\u00a0Y ese es  el caso, de lo que nos ocupa, la celebraci\u00f3n del cincuentenario del  instituto Iliberis, un centro educativo que ha transformado social y  culturalmente la poblaci\u00f3n de Atarfe y varios municipios m\u00e1s de la  comarca de la Vega Alta granadina.<\/p>\n\n\n\n<p>\u00a0 Albolote, Calicasas, Maracena y  Pinos Puente est\u00e1n unidos a la historia de este instituto, como lo est\u00e1  el centro a la de esos pueblos y sus gentes. Ha sido Instituto de  Segunda Ense\u00f1anza, Instituto Nacional de Bachillerato, Instituto de  Bachillerato e Instituto de Educaci\u00f3n Secundaria, pero invariablemente  Iliberis y siempre en Atarfe.<\/p>\n\n\n\n<p>Esta efem\u00e9ride es el motivo por el cual se han organizado una serie de actos que conmemoren este acontecimiento.Cuando  escrib\u00eda el cap\u00edtulo del libro que hoy presentamos, hace ahora un a\u00f1o,  se barajaba la fecha del 4 de octubre para la visita de D. Federico  Mayor Zaragoza, de ah\u00ed el dato que aparece en \u00e9l. <\/p>\n\n\n\n<p>Finalmente, su  conferencia tuvo lugar el pasado 28 de marzo, dato que no se ha podido  corregir pues ya estaba en imprenta. La fecha es lo de menos, lo  importante fue su presencia en esta misma sala, con un discurso  valiente, comprometido y de respeto.\u00a0<\/p>\n\n\n\n<p>Mayor  Zaragoza era rector de la universidad de Granada cuando en el curso  acad\u00e9mico 1968-1969 se inaugur\u00f3 este centro, primero como secci\u00f3n  delegada de otra gran instituci\u00f3n educativa granadina, el instituto  Padre Su\u00e1rez y posteriormente ya como Iliberis.\u00a0<\/p>\n\n\n\n<p>Quiero  apuntar que parece que la sombra de Mayor Zaragoza me cubre. \u00c9l  inauguro el instituto donde curs\u00e9 el bachillerato en el periodo  1981-1984; siendo rector de la instituci\u00f3n granatensis, comenzaron los  estudios de Biolog\u00eda en esa universidad hace ahora tambi\u00e9n 50 a\u00f1os, los  cuales realic\u00e9 despu\u00e9s de salir del Iliberis en 1984; y hasta hace poco,  ha sido presidente del Consejo de Participaci\u00f3n del Espacio Natural  Sierra Nevada, lugar donde llev\u00f3 m\u00e1s de 25 a\u00f1os trabajando en el  seguimiento y monitorizaci\u00f3n de la poblaci\u00f3n de cabra mont\u00e9s y las  enfermedades que le afectan.<\/p>\n\n\n\n<p> Todo un lujo, estas coincidencias.El  conocimiento es la base del desarrollo social y cultural, as\u00ed lo  entendieron hace 50 a\u00f1os, algunos ciudadanos de una naci\u00f3n que poco a  poco iba restableci\u00e9ndose de una cruenta e incivil guerra y  posteriormente de un periodo aut\u00e1rquico caracterizado por una profunda  depresi\u00f3n econ\u00f3mica, que conllevaba un grave deterioro de las  condiciones de vida de los ciudadanos, as\u00ed como el crecimiento de la  miseria. <\/p>\n\n\n\n<p>En definitiva, el retroceso m\u00e1s grave en los niveles de  bienestar de la poblaci\u00f3n espa\u00f1ola en los \u00faltimos 150 a\u00f1os de historia.\u00a0Para  fomentar la educaci\u00f3n promovieron la creaci\u00f3n de este centro de  ense\u00f1anza al que hab\u00eda que llamar de alg\u00fan modo. Aunque en un principio  se le puso el nombre de <em><strong>\u201cColegio Libre Adoptado Santa Ana\u201d <\/strong><\/em>esta  denominaci\u00f3n ha pasado desapercibida y tan solo aparece en los primeros  documentos que formalizaron la creaci\u00f3n del centro all\u00e1 por el curso  1967-1968, primer a\u00f1o de funcionamiento de la instituci\u00f3n. <\/p>\n\n\n\n<p>Durante ese  curso las clases se impart\u00edan en los barracones instalados para socorrer  a los damnificados por los terremotos de 1956, en los terrenos que hoy  ocupa el cuartel de la Guardia Civil.<\/p>\n\n\n\n<p>Un curso  despu\u00e9s se inauguraron las instalaciones actuales. En estos a\u00f1os, el  edificio ha sufrido varias remodelaciones, adapt\u00e1ndolo a las nuevas  necesidades educativas conforme la normativa vigente. <\/p>\n\n\n\n<p>En la \u00faltima  reforma, la picota fue cruel e insensible, destruy\u00e9ndose la placa de  piedra de Sierra Elvira que conmemoraba la inauguraci\u00f3n del centro.  Nula, la condescendencia mostrada.No puedo pasar y  dejar de mencionar a otras figuras locales que hace 50 a\u00f1os, con su  tes\u00f3n, constancia, trabajo e impulso hicieron realidad, el que Atarfe  contara con un centro educativo, referente en la educaci\u00f3n de nuestro  pa\u00eds, pues no hay que olvidar que muchos de sus alumnos egresados,  ejercen hoy en destacados puestos como investigadores, docentes  universitarios o juristas, entre otras profesiones. <\/p>\n\n\n\n<p>Aquellos eruditos  locales que lucharon para que el instituto fuera una realidad merecen  ser recordados. Ellos, que hab\u00edan pasado por la universidad sab\u00edan que  un instituto cercano y accesible era la forma de socializar la  educaci\u00f3n; era la herramienta necesaria para que la instrucci\u00f3n calase  en todas las capas sociales, integrando y facilitando el conocimiento.  Aquellas personas entre las que se encuentran don Jos\u00e9 Prados Picazo y  don Jos\u00e9 Osuna Jim\u00e9nez m\u00e9dico y farmac\u00e9utico respectivamente fueron  claves para que Atarfe tuviera un instituto, su instituto. <\/p>\n\n\n\n<p>De esa forma  era m\u00e1s f\u00e1cil seguir la estela de don Cecilio Jim\u00e9nez Rueda, otro  atarfe\u00f1o ilustre, matem\u00e1tico, catedr\u00e1tico de universidad y numerario de  Real Academia de Ciencias Exactas, F\u00edsicas y Naturales.\u00a0<\/p>\n\n\n\n<p>En  el libro digo que no ten\u00edamos constancia de ning\u00fan documento que  informar\u00e1 del por que a aquel instituto se le llam\u00f3 Iliberis. Hoy tengo  que rectificar y apuntar que si existe ese dato. Y fue en una sesi\u00f3n  ordinaria del pleno municipal de Atarfe, la celebrada el 29 de noviembre  de 1975 cuando el alcalde Manuel Bullejos Altea inform\u00f3 a sus  compa\u00f1eros del concejo, del acuerdo de la delegaci\u00f3n del Ministerio de  Educaci\u00f3n y Ciencia de la sesi\u00f3n de 18 de noviembre en donde por  unanimidad se aprueba que el hasta ahora Instituto Nacional de Segunda  Ense\u00f1anza, en lo sucesivo se denomine Iliberis, en recuerdo de esa  ciudad, viejo reino aborigen y quiz\u00e1s legendario, en parte, que tanta  importancia tuvo en tiempos remotos.<\/p>\n\n\n\n<p>El cap\u00edtulo  que he escrito es un breve relato hist\u00f3rico de la ciudad de la que tom\u00f3  su nombre el centro educativo que hoy cumple cincuenta a\u00f1os.\u00a0\u201cIliberis\u201d  como gui\u00f1o y homenaje a un n\u00facleo de poblaci\u00f3n de origen \u00edbero que tuvo  su apogeo en \u00e9poca romana, que fue languideciendo durante la \u00e9poca de  Al-\u00c1ndalus y cuya ubicaci\u00f3n exacta ha sido fruto de una centenaria y  pol\u00e9mica controversia ya que se han planteado varios lugares como  posibles emplazamientos, entre ellos Atarfe.<\/p>\n\n\n\n<p> El resto lo pueden ustedes  leer en el op\u00fasculo que hoy presentamos.Muchas gracias.\u201d<\/p>\n\n\n\n<p>Curiosidades elvirenses<\/p>\n","protected":false},"excerpt":{"rendered":"<p>Discurso pronunciado por Jose Enrique el pasado 25 de abril durante la presentaci\u00f3n del libro&#8230;<\/p>\n","protected":false},"author":1,"featured_media":32323,"comment_status":"closed","ping_status":"closed","sticky":false,"template":"","format":"standard","meta":{"_coblocks_attr":"","_coblocks_dimensions":"","_coblocks_responsive_height":"","_coblocks_accordion_ie_support":"","jetpack_post_was_ever_published":false,"_jetpack_newsletter_access":"","_jetpack_dont_email_post_to_subs":false,"_jetpack_newsletter_tier_id":0,"_jetpack_memberships_contains_paywalled_content":false,"_jetpack_memberships_contains_paid_content":false,"footnotes":"","jetpack_publicize_message":"","jetpack_publicize_feature_enabled":true,"jetpack_social_post_already_shared":false,"jetpack_social_options":{"image_generator_settings":{"template":"highway","default_image_id":0,"enabled":false},"version":2}},"categories":[2,187,1225,186,38,44,15],"tags":[6106,373,81],"class_list":["post-32322","post","type-post","status-publish","format-standard","has-post-thumbnail","hentry","category-atarfe","category-centros-educativos","category-ha-de-atarfe","category-instituciones","category-opinion-de-jose-enrique-granados","category-noticias-de-hoy","category-ultimas-noticias","tag-50-anos-ies-iliberis","tag-aniversario","tag-atarfe"],"jetpack_publicize_connections":[],"jetpack_featured_media_url":"https:\/\/i0.wp.com\/miradordeatarfe.es\/wp-content\/uploads\/2019\/06\/FB_IMG_1559400833482.jpg?fit=1437%2C960&ssl=1","jetpack_likes_enabled":true,"jetpack_sharing_enabled":true,"_links":{"self":[{"href":"https:\/\/miradordeatarfe.es\/index.php?rest_route=\/wp\/v2\/posts\/32322","targetHints":{"allow":["GET"]}}],"collection":[{"href":"https:\/\/miradordeatarfe.es\/index.php?rest_route=\/wp\/v2\/posts"}],"about":[{"href":"https:\/\/miradordeatarfe.es\/index.php?rest_route=\/wp\/v2\/types\/post"}],"author":[{"embeddable":true,"href":"https:\/\/miradordeatarfe.es\/index.php?rest_route=\/wp\/v2\/users\/1"}],"replies":[{"embeddable":true,"href":"https:\/\/miradordeatarfe.es\/index.php?rest_route=%2Fwp%2Fv2%2Fcomments&post=32322"}],"version-history":[{"count":2,"href":"https:\/\/miradordeatarfe.es\/index.php?rest_route=\/wp\/v2\/posts\/32322\/revisions"}],"predecessor-version":[{"id":36357,"href":"https:\/\/miradordeatarfe.es\/index.php?rest_route=\/wp\/v2\/posts\/32322\/revisions\/36357"}],"wp:featuredmedia":[{"embeddable":true,"href":"https:\/\/miradordeatarfe.es\/index.php?rest_route=\/wp\/v2\/media\/32323"}],"wp:attachment":[{"href":"https:\/\/miradordeatarfe.es\/index.php?rest_route=%2Fwp%2Fv2%2Fmedia&parent=32322"}],"wp:term":[{"taxonomy":"category","embeddable":true,"href":"https:\/\/miradordeatarfe.es\/index.php?rest_route=%2Fwp%2Fv2%2Fcategories&post=32322"},{"taxonomy":"post_tag","embeddable":true,"href":"https:\/\/miradordeatarfe.es\/index.php?rest_route=%2Fwp%2Fv2%2Ftags&post=32322"}],"curies":[{"name":"wp","href":"https:\/\/api.w.org\/{rel}","templated":true}]}}