{"id":32380,"date":"2019-06-05T10:31:42","date_gmt":"2019-06-05T08:31:42","guid":{"rendered":"http:\/\/miradordeatarfe.es\/?p=32380"},"modified":"2019-06-04T10:59:57","modified_gmt":"2019-06-04T08:59:57","slug":"el-ceip-medina-elvira-participa-en-coralson","status":"publish","type":"post","link":"https:\/\/miradordeatarfe.es\/?p=32380","title":{"rendered":"EL CEIP MEDINA ELVIRA PARTICIPA EN \u00abCoralSon\u00bb"},"content":{"rendered":"\n<h4 class=\"wp-block-heading\"> El colegio Medina Elvira  de Atarfe ha participativo  en un gran coro  de escolares, aproximadamente 400 alumnos y alumnas, con una obra com\u00fan  denominada \u00bb Palabras al vuelo\u00bb en el Auditorio Principe de Asturias de  Torremolinos.<\/h4>\n\n\n\n<p>Toda una experiencia maravillosa,  gracias a la dedicaci\u00f3n de <strong>Amelia Zafra <\/strong>su profesora de m\u00fasica, a unas  familias comprometidas y a un alumnado que con su dedicaci\u00f3n nos han  hecho vibrar. <\/p>\n\n\n\n<p>Este alumnado no podr\u00e1 olvidar la experiencia vivida igual que su profesorado y familia. Todo un reto conseguido,<\/p>\n\n\n\n<p>CoralS\u00f3n es un proyecto d<strong>e cantata participativa para escolares <\/strong>dirigido a alumnado <strong>entre 10 y 13 a\u00f1os<\/strong>.\u00a0<\/p>\n\n\n\n<p>  A lo largo de todo el curso escolar, el alumnado ensaya los n\u00fameros de  la obra, cantan, monta las coreograf\u00edas y prepara sus atrezos con la  ayuda del profesorado en clase.\u00a0 Los ni\u00f1os y ni\u00f1as finalmente cantan en  un gran concierto acompa\u00f1ados de 10 artistas profesionales, una orquesta  de 8 m\u00fasicos y 2 cantantes l\u00edricos, dirigidos por un director\/a musical  de prestigio.<\/p>\n\n\n\n<figure class=\"wp-block-image\"><img data-recalc-dims=\"1\" loading=\"lazy\" decoding=\"async\" width=\"614\" height=\"1024\" src=\"https:\/\/i0.wp.com\/miradordeatarfe.es\/wp-content\/uploads\/2019\/06\/ENARA-CORALS%C3%93N-redes-1-960x1600-1.jpg?resize=614%2C1024&#038;ssl=1\" alt=\"\" class=\"wp-image-32381\" srcset=\"https:\/\/i0.wp.com\/miradordeatarfe.es\/wp-content\/uploads\/2019\/06\/ENARA-CORALS%C3%93N-redes-1-960x1600-1.jpg?resize=614%2C1024&amp;ssl=1 614w, https:\/\/i0.wp.com\/miradordeatarfe.es\/wp-content\/uploads\/2019\/06\/ENARA-CORALS%C3%93N-redes-1-960x1600-1.jpg?resize=180%2C300&amp;ssl=1 180w, https:\/\/i0.wp.com\/miradordeatarfe.es\/wp-content\/uploads\/2019\/06\/ENARA-CORALS%C3%93N-redes-1-960x1600-1.jpg?resize=768%2C1280&amp;ssl=1 768w, https:\/\/i0.wp.com\/miradordeatarfe.es\/wp-content\/uploads\/2019\/06\/ENARA-CORALS%C3%93N-redes-1-960x1600-1.jpg?resize=600%2C1000&amp;ssl=1 600w, https:\/\/i0.wp.com\/miradordeatarfe.es\/wp-content\/uploads\/2019\/06\/ENARA-CORALS%C3%93N-redes-1-960x1600-1.jpg?w=960&amp;ssl=1 960w\" sizes=\"auto, (max-width: 614px) 100vw, 614px\" \/><\/figure>\n\n\n\n<p>La palabra <em>CoralS\u00f3n<\/em> viene de la uni\u00f3n de las palabras  \u201cCoral\u201d y \u201cCoraz\u00f3n\u201d, ya que el fin principal que persigue el proyecto es  la transformaci\u00f3n social desde dentro y desde lo m\u00e1s profundo de la  sociedad, nuestros peque\u00f1os.<\/p>\n\n\n\n<p>\u00a0 La participaci\u00f3n musical despierta en los  ni\u00f1os y ni\u00f1as nuevos sentimientos e intereses que les hace mejorar en su  autoestima, en el comportamiento en clase, en el trabajo en equipo.\u00a0  Mejoran su dicci\u00f3n, ampl\u00edan su vocabulario, ejercitan su memoria, rompen  con la verg\u00fcenza de expresarse en p\u00fablico\u2026 <\/p>\n\n\n\n<p>En general consigue un gran  impacto sobre cada uno de ellos.\u00a0 Alumnado, profesorado y luego el  p\u00fablico, se sienten importantes y tratados con gran respeto ya que todo  el proceso y el resultado final es de gran calidad.\u00a0 No se trata de un  concierto de fin de curso\u2026<\/p>\n\n\n\n<figure class=\"wp-block-embed-youtube wp-block-embed is-type-video is-provider-youtube wp-embed-aspect-16-9 wp-has-aspect-ratio\"><div class=\"wp-block-embed__wrapper\">\nhttps:\/\/youtu.be\/3ORmlekIGLU\n<\/div><\/figure>\n\n\n\n<figure class=\"wp-block-embed-youtube wp-block-embed is-type-video is-provider-youtube wp-embed-aspect-16-9 wp-has-aspect-ratio\"><div class=\"wp-block-embed__wrapper\">\nhttps:\/\/youtu.be\/yRZd6VQ-UZI\n<\/div><\/figure>\n","protected":false},"excerpt":{"rendered":"<p>El colegio Medina Elvira de Atarfe ha participativo en un gran coro de escolares, aproximadamente&#8230;<\/p>\n","protected":false},"author":1,"featured_media":32382,"comment_status":"closed","ping_status":"closed","sticky":false,"template":"","format":"standard","meta":{"_coblocks_attr":"","_coblocks_dimensions":"","_coblocks_responsive_height":"","_coblocks_accordion_ie_support":"","jetpack_post_was_ever_published":false,"_jetpack_newsletter_access":"","_jetpack_dont_email_post_to_subs":false,"_jetpack_newsletter_tier_id":0,"_jetpack_memberships_contains_paywalled_content":false,"_jetpack_memberships_contains_paid_content":false,"footnotes":"","jetpack_publicize_message":"","jetpack_publicize_feature_enabled":true,"jetpack_social_post_already_shared":false,"jetpack_social_options":{"image_generator_settings":{"template":"highway","default_image_id":0,"enabled":false},"version":2}},"categories":[2,12,187,186,44,15],"tags":[81,2885,6118,158],"class_list":["post-32380","post","type-post","status-publish","format-standard","has-post-thumbnail","hentry","category-atarfe","category-cultura","category-centros-educativos","category-instituciones","category-noticias-de-hoy","category-ultimas-noticias","tag-atarfe","tag-ceip-medina-elvira","tag-coralson","tag-musica"],"jetpack_publicize_connections":[],"jetpack_featured_media_url":"https:\/\/i0.wp.com\/miradordeatarfe.es\/wp-content\/uploads\/2019\/06\/IMG-20190601-WA0049.jpg?fit=1600%2C900&ssl=1","jetpack_likes_enabled":true,"jetpack_sharing_enabled":true,"_links":{"self":[{"href":"https:\/\/miradordeatarfe.es\/index.php?rest_route=\/wp\/v2\/posts\/32380","targetHints":{"allow":["GET"]}}],"collection":[{"href":"https:\/\/miradordeatarfe.es\/index.php?rest_route=\/wp\/v2\/posts"}],"about":[{"href":"https:\/\/miradordeatarfe.es\/index.php?rest_route=\/wp\/v2\/types\/post"}],"author":[{"embeddable":true,"href":"https:\/\/miradordeatarfe.es\/index.php?rest_route=\/wp\/v2\/users\/1"}],"replies":[{"embeddable":true,"href":"https:\/\/miradordeatarfe.es\/index.php?rest_route=%2Fwp%2Fv2%2Fcomments&post=32380"}],"version-history":[{"count":1,"href":"https:\/\/miradordeatarfe.es\/index.php?rest_route=\/wp\/v2\/posts\/32380\/revisions"}],"predecessor-version":[{"id":32383,"href":"https:\/\/miradordeatarfe.es\/index.php?rest_route=\/wp\/v2\/posts\/32380\/revisions\/32383"}],"wp:featuredmedia":[{"embeddable":true,"href":"https:\/\/miradordeatarfe.es\/index.php?rest_route=\/wp\/v2\/media\/32382"}],"wp:attachment":[{"href":"https:\/\/miradordeatarfe.es\/index.php?rest_route=%2Fwp%2Fv2%2Fmedia&parent=32380"}],"wp:term":[{"taxonomy":"category","embeddable":true,"href":"https:\/\/miradordeatarfe.es\/index.php?rest_route=%2Fwp%2Fv2%2Fcategories&post=32380"},{"taxonomy":"post_tag","embeddable":true,"href":"https:\/\/miradordeatarfe.es\/index.php?rest_route=%2Fwp%2Fv2%2Ftags&post=32380"}],"curies":[{"name":"wp","href":"https:\/\/api.w.org\/{rel}","templated":true}]}}