{"id":32385,"date":"2019-06-13T12:16:33","date_gmt":"2019-06-13T10:16:33","guid":{"rendered":"http:\/\/miradordeatarfe.es\/?p=32385"},"modified":"2019-10-16T12:59:30","modified_gmt":"2019-10-16T10:59:30","slug":"estas-son-las-17-personas-que-nos-van-a-representar-en-el-ayuntamiento","status":"publish","type":"post","link":"https:\/\/miradordeatarfe.es\/?p=32385","title":{"rendered":"ESTAS SON LAS 17 PERSONAS QUE NOS VAN A REPRESENTAR EN EL AYUNTAMIENTO"},"content":{"rendered":"\n<h4 class=\"wp-block-heading\">El pr\u00f3ximo d\u00eda 15 a las 12  en el CENTRO CULTURAL MEDINA ELVIRA tendr\u00e1 lugar la toma de posesi\u00f3n de los Concejales elegidos el pasado 26M y se eligir\u00e1 de entre ellos al Alcalde como figura m\u00e1xima de la instituci\u00f3n municipal. <\/h4>\n\n\n\n<h4 class=\"wp-block-heading\">POR EL PSOE<\/h4>\n\n\n\n<div class=\"wp-block-image\"><figure class=\"aligncenter is-resized\"><img data-recalc-dims=\"1\" loading=\"lazy\" decoding=\"async\" src=\"https:\/\/i0.wp.com\/miradordeatarfe.es\/wp-content\/uploads\/2019\/06\/1-2.jpg?resize=233%2C364&#038;ssl=1\" alt=\"\" class=\"wp-image-32415\" width=\"233\" height=\"364\" srcset=\"https:\/\/i0.wp.com\/miradordeatarfe.es\/wp-content\/uploads\/2019\/06\/1-2.jpg?resize=655%2C1024&amp;ssl=1 655w, https:\/\/i0.wp.com\/miradordeatarfe.es\/wp-content\/uploads\/2019\/06\/1-2.jpg?resize=192%2C300&amp;ssl=1 192w, https:\/\/i0.wp.com\/miradordeatarfe.es\/wp-content\/uploads\/2019\/06\/1-2.jpg?resize=768%2C1201&amp;ssl=1 768w, https:\/\/i0.wp.com\/miradordeatarfe.es\/wp-content\/uploads\/2019\/06\/1-2.jpg?resize=600%2C938&amp;ssl=1 600w, https:\/\/i0.wp.com\/miradordeatarfe.es\/wp-content\/uploads\/2019\/06\/1-2.jpg?resize=1320%2C2063&amp;ssl=1 1320w, https:\/\/i0.wp.com\/miradordeatarfe.es\/wp-content\/uploads\/2019\/06\/1-2.jpg?w=1920&amp;ssl=1 1920w\" sizes=\"auto, (max-width: 233px) 100vw, 233px\" \/><figcaption>cof<\/figcaption><\/figure><\/div>\n\n\n\n<p><strong>PEDRO MARTINEZ PARRA<\/strong> Nacido en Zurgena ( Almeria) actualmente tiene 63 a\u00f1os, y desde el a\u00f1o 1996 vive en Atarfe. Es Lincenciado en Historia Contemporanea por la Universidad de Granada teniendo un Master en Prevenci\u00f3n de Riesgos Laborales. Su trabajo actual esde T\u00e9cnico en Mutua Colaboradora con la Seguridad Social. Es militante del Psoe de Atarfe.<\/p>\n\n\n\n<div class=\"wp-block-image\"><figure class=\"aligncenter is-resized\"><img data-recalc-dims=\"1\" loading=\"lazy\" decoding=\"async\" src=\"https:\/\/i0.wp.com\/miradordeatarfe.es\/wp-content\/uploads\/2019\/06\/2-2.jpg?resize=202%2C280&#038;ssl=1\" alt=\"\" class=\"wp-image-32416\" width=\"202\" height=\"280\" srcset=\"https:\/\/i0.wp.com\/miradordeatarfe.es\/wp-content\/uploads\/2019\/06\/2-2.jpg?resize=737%2C1024&amp;ssl=1 737w, https:\/\/i0.wp.com\/miradordeatarfe.es\/wp-content\/uploads\/2019\/06\/2-2.jpg?resize=216%2C300&amp;ssl=1 216w, https:\/\/i0.wp.com\/miradordeatarfe.es\/wp-content\/uploads\/2019\/06\/2-2.jpg?resize=768%2C1067&amp;ssl=1 768w, https:\/\/i0.wp.com\/miradordeatarfe.es\/wp-content\/uploads\/2019\/06\/2-2.jpg?resize=600%2C834&amp;ssl=1 600w, https:\/\/i0.wp.com\/miradordeatarfe.es\/wp-content\/uploads\/2019\/06\/2-2.jpg?resize=1320%2C1834&amp;ssl=1 1320w, https:\/\/i0.wp.com\/miradordeatarfe.es\/wp-content\/uploads\/2019\/06\/2-2.jpg?w=1920&amp;ssl=1 1920w\" sizes=\"auto, (max-width: 202px) 100vw, 202px\" \/><figcaption>cof<\/figcaption><\/figure><\/div>\n\n\n\n<p><strong>MARIA JOSE MALDONADO GALLEGO<\/strong> Nacida en Granada hace 46 a\u00f1os.  Desde 1996 vive en Atarfe  es Lincenciada en Sociolog\u00eda  y trabaja actualmente de Agente Sociocultural. Actualmente milita en el PSOE<\/p>\n\n\n\n<div class=\"wp-block-image\"><figure class=\"aligncenter is-resized\"><img data-recalc-dims=\"1\" loading=\"lazy\" decoding=\"async\" src=\"https:\/\/i0.wp.com\/miradordeatarfe.es\/wp-content\/uploads\/2019\/06\/3-2.jpg?resize=200%2C245&#038;ssl=1\" alt=\"\" class=\"wp-image-32417\" width=\"200\" height=\"245\" srcset=\"https:\/\/i0.wp.com\/miradordeatarfe.es\/wp-content\/uploads\/2019\/06\/3-2.jpg?resize=835%2C1024&amp;ssl=1 835w, https:\/\/i0.wp.com\/miradordeatarfe.es\/wp-content\/uploads\/2019\/06\/3-2.jpg?resize=245%2C300&amp;ssl=1 245w, https:\/\/i0.wp.com\/miradordeatarfe.es\/wp-content\/uploads\/2019\/06\/3-2.jpg?resize=768%2C942&amp;ssl=1 768w, https:\/\/i0.wp.com\/miradordeatarfe.es\/wp-content\/uploads\/2019\/06\/3-2.jpg?resize=600%2C736&amp;ssl=1 600w, https:\/\/i0.wp.com\/miradordeatarfe.es\/wp-content\/uploads\/2019\/06\/3-2.jpg?resize=1320%2C1618&amp;ssl=1 1320w, https:\/\/i0.wp.com\/miradordeatarfe.es\/wp-content\/uploads\/2019\/06\/3-2.jpg?w=1920&amp;ssl=1 1920w\" sizes=\"auto, (max-width: 200px) 100vw, 200px\" \/><figcaption>cof<\/figcaption><\/figure><\/div>\n\n\n\n<p><strong>JOSE MANUEL PEULA GARCIA <\/strong>Naci\u00f3 hace 51 a\u00f1os en Puigcerd\u00e1 (Gerona). vive en Atarfe desde hace 39 a\u00f1os.Es Lincenciado en Bioquimica y Doctor en Ciencias Fisicas. Trabaja como Profesor Titula de Universidad. Se presenta en la candidatura del Psoe como  Independiente.<\/p>\n\n\n\n<div class=\"wp-block-image\"><figure class=\"aligncenter is-resized\"><img data-recalc-dims=\"1\" loading=\"lazy\" decoding=\"async\" src=\"https:\/\/i0.wp.com\/miradordeatarfe.es\/wp-content\/uploads\/2019\/06\/4-1.jpg?resize=206%2C303&#038;ssl=1\" alt=\"\" class=\"wp-image-32418\" width=\"206\" height=\"303\" srcset=\"https:\/\/i0.wp.com\/miradordeatarfe.es\/wp-content\/uploads\/2019\/06\/4-1.jpg?resize=694%2C1024&amp;ssl=1 694w, https:\/\/i0.wp.com\/miradordeatarfe.es\/wp-content\/uploads\/2019\/06\/4-1.jpg?resize=203%2C300&amp;ssl=1 203w, https:\/\/i0.wp.com\/miradordeatarfe.es\/wp-content\/uploads\/2019\/06\/4-1.jpg?resize=768%2C1133&amp;ssl=1 768w, https:\/\/i0.wp.com\/miradordeatarfe.es\/wp-content\/uploads\/2019\/06\/4-1.jpg?resize=600%2C885&amp;ssl=1 600w, https:\/\/i0.wp.com\/miradordeatarfe.es\/wp-content\/uploads\/2019\/06\/4-1.jpg?resize=1320%2C1947&amp;ssl=1 1320w, https:\/\/i0.wp.com\/miradordeatarfe.es\/wp-content\/uploads\/2019\/06\/4-1.jpg?w=1854&amp;ssl=1 1854w\" sizes=\"auto, (max-width: 206px) 100vw, 206px\" \/><figcaption>cof<\/figcaption><\/figure><\/div>\n\n\n\n<p>T<strong>RINIDAD RODRIGUEZ S\u00c1NCHEZ<\/strong> Nacida en Viznar hace 60 a\u00f1os y vive en Atarfe desde 2005. Es T\u00e9cnica Auxiliar en Moda y Confecci\u00f3n, estando actualmente en paro. Es militante del Psoe de Atarfe<\/p>\n\n\n\n<div class=\"wp-block-image\"><figure class=\"aligncenter is-resized\"><img data-recalc-dims=\"1\" loading=\"lazy\" decoding=\"async\" src=\"https:\/\/i0.wp.com\/miradordeatarfe.es\/wp-content\/uploads\/2019\/06\/5-2.jpg?resize=209%2C303&#038;ssl=1\" alt=\"\" class=\"wp-image-32420\" width=\"209\" height=\"303\" srcset=\"https:\/\/i0.wp.com\/miradordeatarfe.es\/wp-content\/uploads\/2019\/06\/5-2.jpg?resize=705%2C1024&amp;ssl=1 705w, https:\/\/i0.wp.com\/miradordeatarfe.es\/wp-content\/uploads\/2019\/06\/5-2.jpg?resize=207%2C300&amp;ssl=1 207w, https:\/\/i0.wp.com\/miradordeatarfe.es\/wp-content\/uploads\/2019\/06\/5-2.jpg?resize=768%2C1115&amp;ssl=1 768w, https:\/\/i0.wp.com\/miradordeatarfe.es\/wp-content\/uploads\/2019\/06\/5-2.jpg?resize=600%2C871&amp;ssl=1 600w, https:\/\/i0.wp.com\/miradordeatarfe.es\/wp-content\/uploads\/2019\/06\/5-2.jpg?resize=1320%2C1916&amp;ssl=1 1320w, https:\/\/i0.wp.com\/miradordeatarfe.es\/wp-content\/uploads\/2019\/06\/5-2.jpg?w=1955&amp;ssl=1 1955w\" sizes=\"auto, (max-width: 209px) 100vw, 209px\" \/><figcaption>cof<\/figcaption><\/figure><\/div>\n\n\n\n<p><strong>MIGUEL ANGEL SOTO SERRANO<\/strong>, Nacido en Pinos Puente hace 44 a\u00f1os vive en Atarfe desde que naci\u00f3. Es Licenciado en Psicolog\u00eda y trabaja actualmente como T\u00e9cnico de Empleo de la Junta de Andalucia. Milita en el Psoe de Atarfe<\/p>\n\n\n\n<div class=\"wp-block-image\"><figure class=\"aligncenter is-resized\"><img data-recalc-dims=\"1\" loading=\"lazy\" decoding=\"async\" src=\"https:\/\/i0.wp.com\/miradordeatarfe.es\/wp-content\/uploads\/2019\/06\/6-2.jpg?resize=220%2C321&#038;ssl=1\" alt=\"\" class=\"wp-image-32421\" width=\"220\" height=\"321\" srcset=\"https:\/\/i0.wp.com\/miradordeatarfe.es\/wp-content\/uploads\/2019\/06\/6-2.jpg?resize=205%2C300&amp;ssl=1 205w, https:\/\/i0.wp.com\/miradordeatarfe.es\/wp-content\/uploads\/2019\/06\/6-2.jpg?zoom=2&amp;resize=220%2C321&amp;ssl=1 440w, https:\/\/i0.wp.com\/miradordeatarfe.es\/wp-content\/uploads\/2019\/06\/6-2.jpg?zoom=3&amp;resize=220%2C321&amp;ssl=1 660w\" sizes=\"auto, (max-width: 220px) 100vw, 220px\" \/><figcaption>cof<\/figcaption><\/figure><\/div>\n\n\n\n<p><strong>ANDREA QUIRANTES BARRIOS<\/strong> Nacida en Granada hace 21 a\u00f1os viviendo en Atarfe desde hace 18 a\u00f1os. Est\u00e1 cursando el Grado en Derecho  en la Universidad de Granada para el  titulo de Ciencias Politicas . Es la Secretaria General de las Juventudes Socialistas de Atarfe.<\/p>\n\n\n\n<div class=\"wp-block-image\"><figure class=\"aligncenter is-resized\"><img data-recalc-dims=\"1\" loading=\"lazy\" decoding=\"async\" src=\"https:\/\/i0.wp.com\/miradordeatarfe.es\/wp-content\/uploads\/2019\/06\/7-2.jpg?resize=236%2C361&#038;ssl=1\" alt=\"\" class=\"wp-image-32422\" width=\"236\" height=\"361\" srcset=\"https:\/\/i0.wp.com\/miradordeatarfe.es\/wp-content\/uploads\/2019\/06\/7-2.jpg?resize=670%2C1024&amp;ssl=1 670w, https:\/\/i0.wp.com\/miradordeatarfe.es\/wp-content\/uploads\/2019\/06\/7-2.jpg?resize=196%2C300&amp;ssl=1 196w, https:\/\/i0.wp.com\/miradordeatarfe.es\/wp-content\/uploads\/2019\/06\/7-2.jpg?resize=768%2C1173&amp;ssl=1 768w, https:\/\/i0.wp.com\/miradordeatarfe.es\/wp-content\/uploads\/2019\/06\/7-2.jpg?resize=600%2C917&amp;ssl=1 600w, https:\/\/i0.wp.com\/miradordeatarfe.es\/wp-content\/uploads\/2019\/06\/7-2.jpg?resize=1320%2C2017&amp;ssl=1 1320w, https:\/\/i0.wp.com\/miradordeatarfe.es\/wp-content\/uploads\/2019\/06\/7-2.jpg?w=1609&amp;ssl=1 1609w\" sizes=\"auto, (max-width: 236px) 100vw, 236px\" \/><figcaption>cof<br><\/figcaption><\/figure><\/div>\n\n\n\n<p><strong>JOSE CASTRO GARCIA<\/strong>. Naci\u00f3 en Atarfe hace 41 a\u00f1os . Desarrollo estudios de FP Electricidad y trabaja como T\u00e9cnico de Mantenimineto en la empresa Sacyr. Es Militante del Psoe de Atarfe <\/p>\n\n\n\n<div class=\"wp-block-image\"><figure class=\"aligncenter is-resized\"><img data-recalc-dims=\"1\" loading=\"lazy\" decoding=\"async\" src=\"https:\/\/i0.wp.com\/miradordeatarfe.es\/wp-content\/uploads\/2019\/06\/8-3.jpg?resize=241%2C306&#038;ssl=1\" alt=\"\" class=\"wp-image-32424\" width=\"241\" height=\"306\" srcset=\"https:\/\/i0.wp.com\/miradordeatarfe.es\/wp-content\/uploads\/2019\/06\/8-3.jpg?resize=803%2C1024&amp;ssl=1 803w, https:\/\/i0.wp.com\/miradordeatarfe.es\/wp-content\/uploads\/2019\/06\/8-3.jpg?resize=768%2C979&amp;ssl=1 768w, https:\/\/i0.wp.com\/miradordeatarfe.es\/wp-content\/uploads\/2019\/06\/8-3.jpg?resize=600%2C765&amp;ssl=1 600w, https:\/\/i0.wp.com\/miradordeatarfe.es\/wp-content\/uploads\/2019\/06\/8-3.jpg?resize=1320%2C1682&amp;ssl=1 1320w, https:\/\/i0.wp.com\/miradordeatarfe.es\/wp-content\/uploads\/2019\/06\/8-3.jpg?w=1920&amp;ssl=1 1920w\" sizes=\"auto, (max-width: 241px) 100vw, 241px\" \/><figcaption>cof<\/figcaption><\/figure><\/div>\n\n\n\n<p><strong>AZAHARA RODRIGUEZ PEDROSA<\/strong> Nacida en Atarfe hace 36 a\u00f1os . Estudi\u00f3 Graduado Escolar y animaci\u00f3n socio-cultural. Actualmente trabaja como encargada de tienda. No milita en el Psoe y se presenta en la candidatura como Independiente.<\/p>\n\n\n\n<div class=\"wp-block-image\"><figure class=\"aligncenter is-resized\"><img data-recalc-dims=\"1\" loading=\"lazy\" decoding=\"async\" src=\"https:\/\/i0.wp.com\/miradordeatarfe.es\/wp-content\/uploads\/2019\/06\/IMG_20190601_163718.jpg?resize=241%2C248&#038;ssl=1\" alt=\"\" class=\"wp-image-32425\" width=\"241\" height=\"248\" srcset=\"https:\/\/i0.wp.com\/miradordeatarfe.es\/wp-content\/uploads\/2019\/06\/IMG_20190601_163718.jpg?resize=998%2C1024&amp;ssl=1 998w, https:\/\/i0.wp.com\/miradordeatarfe.es\/wp-content\/uploads\/2019\/06\/IMG_20190601_163718.jpg?resize=292%2C300&amp;ssl=1 292w, https:\/\/i0.wp.com\/miradordeatarfe.es\/wp-content\/uploads\/2019\/06\/IMG_20190601_163718.jpg?resize=768%2C788&amp;ssl=1 768w, https:\/\/i0.wp.com\/miradordeatarfe.es\/wp-content\/uploads\/2019\/06\/IMG_20190601_163718.jpg?resize=600%2C616&amp;ssl=1 600w, https:\/\/i0.wp.com\/miradordeatarfe.es\/wp-content\/uploads\/2019\/06\/IMG_20190601_163718.jpg?resize=1320%2C1354&amp;ssl=1 1320w, https:\/\/i0.wp.com\/miradordeatarfe.es\/wp-content\/uploads\/2019\/06\/IMG_20190601_163718.jpg?w=1920&amp;ssl=1 1920w\" sizes=\"auto, (max-width: 241px) 100vw, 241px\" \/><figcaption>cof<\/figcaption><\/figure><\/div>\n\n\n\n<p><strong>ANTONIO DIAZ SANCHEZ<\/strong> Nace en Maracena hace 46 a\u00f1os.Vive en Atarfe desde hace 17 a\u00f1os. Es T\u00e9cnico Superior en Farmacia y trabaja en CEO de industria farmaceutica. Es militante del Partido Popular en Atarfe.<\/p>\n\n\n\n<div class=\"wp-block-image\"><figure class=\"aligncenter is-resized\"><img data-recalc-dims=\"1\" loading=\"lazy\" decoding=\"async\" src=\"https:\/\/i0.wp.com\/miradordeatarfe.es\/wp-content\/uploads\/2019\/06\/IMG_20190601_163612.jpg?resize=224%2C235&#038;ssl=1\" alt=\"\" class=\"wp-image-32426\" width=\"224\" height=\"235\" srcset=\"https:\/\/i0.wp.com\/miradordeatarfe.es\/wp-content\/uploads\/2019\/06\/IMG_20190601_163612.jpg?resize=974%2C1024&amp;ssl=1 974w, https:\/\/i0.wp.com\/miradordeatarfe.es\/wp-content\/uploads\/2019\/06\/IMG_20190601_163612.jpg?resize=285%2C300&amp;ssl=1 285w, https:\/\/i0.wp.com\/miradordeatarfe.es\/wp-content\/uploads\/2019\/06\/IMG_20190601_163612.jpg?resize=768%2C807&amp;ssl=1 768w, https:\/\/i0.wp.com\/miradordeatarfe.es\/wp-content\/uploads\/2019\/06\/IMG_20190601_163612.jpg?resize=600%2C631&amp;ssl=1 600w, https:\/\/i0.wp.com\/miradordeatarfe.es\/wp-content\/uploads\/2019\/06\/IMG_20190601_163612.jpg?resize=1320%2C1387&amp;ssl=1 1320w, https:\/\/i0.wp.com\/miradordeatarfe.es\/wp-content\/uploads\/2019\/06\/IMG_20190601_163612.jpg?w=1632&amp;ssl=1 1632w\" sizes=\"auto, (max-width: 224px) 100vw, 224px\" \/><figcaption>cof<\/figcaption><\/figure><\/div>\n\n\n\n<p><strong>MARIA<\/strong> <strong>PILAR GARC\u00cdA GUZM\u00c1N<\/strong> Nace en Granada. es Marketing y Relaciones Publicas. Trabaja en el grupo COPE. Pertenece al Partido Popular de Atarfe <\/p>\n\n\n\n<div class=\"wp-block-image\"><figure class=\"aligncenter is-resized\"><img data-recalc-dims=\"1\" loading=\"lazy\" decoding=\"async\" src=\"https:\/\/i0.wp.com\/miradordeatarfe.es\/wp-content\/uploads\/2019\/06\/IMG_20190601_163640.jpg?resize=220%2C199&#038;ssl=1\" alt=\"\" class=\"wp-image-32427\" width=\"220\" height=\"199\" srcset=\"https:\/\/i0.wp.com\/miradordeatarfe.es\/wp-content\/uploads\/2019\/06\/IMG_20190601_163640.jpg?resize=1024%2C932&amp;ssl=1 1024w, https:\/\/i0.wp.com\/miradordeatarfe.es\/wp-content\/uploads\/2019\/06\/IMG_20190601_163640.jpg?resize=300%2C273&amp;ssl=1 300w, https:\/\/i0.wp.com\/miradordeatarfe.es\/wp-content\/uploads\/2019\/06\/IMG_20190601_163640.jpg?resize=768%2C699&amp;ssl=1 768w, https:\/\/i0.wp.com\/miradordeatarfe.es\/wp-content\/uploads\/2019\/06\/IMG_20190601_163640.jpg?resize=600%2C546&amp;ssl=1 600w, https:\/\/i0.wp.com\/miradordeatarfe.es\/wp-content\/uploads\/2019\/06\/IMG_20190601_163640.jpg?resize=1320%2C1201&amp;ssl=1 1320w, https:\/\/i0.wp.com\/miradordeatarfe.es\/wp-content\/uploads\/2019\/06\/IMG_20190601_163640.jpg?w=1733&amp;ssl=1 1733w\" sizes=\"auto, (max-width: 220px) 100vw, 220px\" \/><figcaption>cof<\/figcaption><\/figure><\/div>\n\n\n\n<p><strong>JOSE MANUEL GARC\u00cdA AIVAR<\/strong> Nace en Atarfe hace 25 a\u00f1os. Es Graduado en Ingenieria Electr\u00f3nica Industrial por la Universidad de Granada. Actualmente  es estudiante realizando Master en Ingenieria Industrial por la Universidad de Ja\u00e9n. Es miembro del Partido Popular de Atarfe<\/p>\n\n\n\n<div class=\"wp-block-image\"><figure class=\"aligncenter is-resized\"><img data-recalc-dims=\"1\" loading=\"lazy\" decoding=\"async\" src=\"https:\/\/i0.wp.com\/miradordeatarfe.es\/wp-content\/uploads\/2019\/06\/60342820_1491776710956822_7746860480622231552_n-300x300.jpg?resize=258%2C258&#038;ssl=1\" alt=\"\" class=\"wp-image-32428\" width=\"258\" height=\"258\" srcset=\"https:\/\/i0.wp.com\/miradordeatarfe.es\/wp-content\/uploads\/2019\/06\/60342820_1491776710956822_7746860480622231552_n-300x300.jpg?resize=300%2C300&amp;ssl=1 300w, https:\/\/i0.wp.com\/miradordeatarfe.es\/wp-content\/uploads\/2019\/06\/60342820_1491776710956822_7746860480622231552_n-300x300.jpg?resize=150%2C150&amp;ssl=1 150w\" sizes=\"auto, (max-width: 258px) 100vw, 258px\" \/><\/figure><\/div>\n\n\n\n<p><strong>ANTONIO PASCUAL MARTIN RUBIO<\/strong> Nacido en Quart de Poblet ( Valencia) hace 42 a\u00f1os  viviendo en Atarfe desde hace 11 a\u00f1os. Formado en Administraci\u00f3n y Direcci\u00f3n de emprersas . Actualmente trabaja en Gesti\u00f3n de empresa privada y realiza funciones de docencia para trabajadores y desempledos. Es militante del partido Ciudadanos de Atarfe<\/p>\n\n\n\n<div class=\"wp-block-image\"><figure class=\"aligncenter is-resized\"><img data-recalc-dims=\"1\" loading=\"lazy\" decoding=\"async\" src=\"https:\/\/i0.wp.com\/miradordeatarfe.es\/wp-content\/uploads\/2019\/06\/IMG_20190601_163535.jpg?resize=200%2C277&#038;ssl=1\" alt=\"\" class=\"wp-image-32429\" width=\"200\" height=\"277\" srcset=\"https:\/\/i0.wp.com\/miradordeatarfe.es\/wp-content\/uploads\/2019\/06\/IMG_20190601_163535.jpg?resize=737%2C1024&amp;ssl=1 737w, https:\/\/i0.wp.com\/miradordeatarfe.es\/wp-content\/uploads\/2019\/06\/IMG_20190601_163535.jpg?resize=216%2C300&amp;ssl=1 216w, https:\/\/i0.wp.com\/miradordeatarfe.es\/wp-content\/uploads\/2019\/06\/IMG_20190601_163535.jpg?resize=768%2C1067&amp;ssl=1 768w, https:\/\/i0.wp.com\/miradordeatarfe.es\/wp-content\/uploads\/2019\/06\/IMG_20190601_163535.jpg?resize=600%2C834&amp;ssl=1 600w, https:\/\/i0.wp.com\/miradordeatarfe.es\/wp-content\/uploads\/2019\/06\/IMG_20190601_163535.jpg?resize=1320%2C1834&amp;ssl=1 1320w, https:\/\/i0.wp.com\/miradordeatarfe.es\/wp-content\/uploads\/2019\/06\/IMG_20190601_163535.jpg?w=2020&amp;ssl=1 2020w, https:\/\/i0.wp.com\/miradordeatarfe.es\/wp-content\/uploads\/2019\/06\/IMG_20190601_163535.jpg?w=1920&amp;ssl=1 1920w\" sizes=\"auto, (max-width: 200px) 100vw, 200px\" \/><figcaption>cof<\/figcaption><\/figure><\/div>\n\n\n\n<p><strong>RAQUEL TORO ANTEQUERA<\/strong> nacida en Atarfe hace 42 a\u00f1os es Lincenciada en Pedagog\u00eda y trabaja como Camarera. Su partido es Ciudadanos y milita en Atarfe<\/p>\n\n\n\n<div class=\"wp-block-image\"><figure class=\"aligncenter is-resized\"><img data-recalc-dims=\"1\" loading=\"lazy\" decoding=\"async\" src=\"https:\/\/i0.wp.com\/miradordeatarfe.es\/wp-content\/uploads\/2019\/06\/IMG_20190601_163136.jpg?resize=207%2C276&#038;ssl=1\" alt=\"\" class=\"wp-image-32430\" width=\"207\" height=\"276\" srcset=\"https:\/\/i0.wp.com\/miradordeatarfe.es\/wp-content\/uploads\/2019\/06\/IMG_20190601_163136.jpg?resize=768%2C1024&amp;ssl=1 768w, https:\/\/i0.wp.com\/miradordeatarfe.es\/wp-content\/uploads\/2019\/06\/IMG_20190601_163136.jpg?resize=225%2C300&amp;ssl=1 225w, https:\/\/i0.wp.com\/miradordeatarfe.es\/wp-content\/uploads\/2019\/06\/IMG_20190601_163136.jpg?resize=600%2C800&amp;ssl=1 600w, https:\/\/i0.wp.com\/miradordeatarfe.es\/wp-content\/uploads\/2019\/06\/IMG_20190601_163136.jpg?resize=1320%2C1760&amp;ssl=1 1320w, https:\/\/i0.wp.com\/miradordeatarfe.es\/wp-content\/uploads\/2019\/06\/IMG_20190601_163136.jpg?w=1920&amp;ssl=1 1920w\" sizes=\"auto, (max-width: 207px) 100vw, 207px\" \/><figcaption>cof<\/figcaption><\/figure><\/div>\n\n\n\n<p><strong>ROSA MAFRIA FELIX GUTIERREZ<\/strong> <strong>PLEGUEZUELOS<\/strong> Nacida en  Guadix hace 65 a\u00f1os y vive en Atarfe desde 1998. Realiz\u00f3 estudios de   Lincenciada en Filolog\u00eda Rom\u00e1nica e Historia.Es profesora de Secundaria jubilada  Pertenece al PASI de Atarfe.<\/p>\n\n\n\n<div class=\"wp-block-image\"><figure class=\"aligncenter is-resized\"><img data-recalc-dims=\"1\" loading=\"lazy\" decoding=\"async\" src=\"https:\/\/i0.wp.com\/miradordeatarfe.es\/wp-content\/uploads\/2019\/06\/FABIOLA-GARCIA-MONTIJANO-2.jpg?resize=196%2C218&#038;ssl=1\" alt=\"\" class=\"wp-image-32431\" width=\"196\" height=\"218\" srcset=\"https:\/\/i0.wp.com\/miradordeatarfe.es\/wp-content\/uploads\/2019\/06\/FABIOLA-GARCIA-MONTIJANO-2.jpg?w=402&amp;ssl=1 402w, https:\/\/i0.wp.com\/miradordeatarfe.es\/wp-content\/uploads\/2019\/06\/FABIOLA-GARCIA-MONTIJANO-2.jpg?resize=270%2C300&amp;ssl=1 270w\" sizes=\"auto, (max-width: 196px) 100vw, 196px\" \/><\/figure><\/div>\n\n\n\n\n\n\n\n<p><strong>FABIOLA GARCIA MONTIJANO<\/strong> Nace en Atarfe hace 57 a\u00f1os . Es diplomada Universitaria en Graduado Social. Actualmente trabaja en el Ayuntamiento de Atarfe y a partir del dia 15 trabajara como actriz y Monitora de Teatro, pertenece  a Por Atarfe Si.<\/p>\n\n\n\n<div class=\"wp-block-image\"><figure class=\"aligncenter is-resized\"><img data-recalc-dims=\"1\" loading=\"lazy\" decoding=\"async\" src=\"https:\/\/i0.wp.com\/miradordeatarfe.es\/wp-content\/uploads\/2019\/06\/IMG_20190601_163755.jpg?resize=227%2C248&#038;ssl=1\" alt=\"\" class=\"wp-image-32432\" width=\"227\" height=\"248\" srcset=\"https:\/\/i0.wp.com\/miradordeatarfe.es\/wp-content\/uploads\/2019\/06\/IMG_20190601_163755.jpg?resize=936%2C1024&amp;ssl=1 936w, https:\/\/i0.wp.com\/miradordeatarfe.es\/wp-content\/uploads\/2019\/06\/IMG_20190601_163755.jpg?resize=274%2C300&amp;ssl=1 274w, https:\/\/i0.wp.com\/miradordeatarfe.es\/wp-content\/uploads\/2019\/06\/IMG_20190601_163755.jpg?resize=768%2C840&amp;ssl=1 768w, https:\/\/i0.wp.com\/miradordeatarfe.es\/wp-content\/uploads\/2019\/06\/IMG_20190601_163755.jpg?resize=600%2C656&amp;ssl=1 600w, https:\/\/i0.wp.com\/miradordeatarfe.es\/wp-content\/uploads\/2019\/06\/IMG_20190601_163755.jpg?resize=1320%2C1444&amp;ssl=1 1320w, https:\/\/i0.wp.com\/miradordeatarfe.es\/wp-content\/uploads\/2019\/06\/IMG_20190601_163755.jpg?w=1920&amp;ssl=1 1920w\" sizes=\"auto, (max-width: 227px) 100vw, 227px\" \/><figcaption>cof<\/figcaption><\/figure><\/div>\n\n\n\n<p><strong>MIGUEL FERNANDEZ ALMENARA<\/strong> nace en Alhama de Granada hace 62 a\u00f1os. A los 9 a\u00f1os se vino a vivir a Atarfe. Es Diplomadoen Magisterio y actualemnte est\u00e1 Jubilado. Es coordinador local de Izquierda Unida en Atarfe.<\/p>\n\n\n\n<div class=\"wp-block-image\"><figure class=\"aligncenter is-resized\"><img data-recalc-dims=\"1\" loading=\"lazy\" decoding=\"async\" src=\"https:\/\/i0.wp.com\/miradordeatarfe.es\/wp-content\/uploads\/2019\/06\/safe_image.php-2.jpg?resize=224%2C236&#038;ssl=1\" alt=\"\" class=\"wp-image-32433\" width=\"224\" height=\"236\"\/><\/figure><\/div>\n\n\n\n<p><strong>MATILDE CARMONA MALDONADO<\/strong> Nace en Granada hace 37 a\u00f1os. Ha estudiado bachillerato y tiene numerosos cursos de  Administraci\u00f3n, Riesgos Laborales, puericultura&#8230; Actualmente es Empresaria. Pertenece al grupo VOX de Atarfe <\/p>\n\n\n\n\n","protected":false},"excerpt":{"rendered":"<p>El pr\u00f3ximo d\u00eda 15 a las 12 en el CENTRO CULTURAL MEDINA ELVIRA tendr\u00e1 lugar&#8230;<\/p>\n","protected":false},"author":1,"featured_media":32603,"comment_status":"closed","ping_status":"closed","sticky":false,"template":"","format":"standard","meta":{"_coblocks_attr":"","_coblocks_dimensions":"","_coblocks_responsive_height":"","_coblocks_accordion_ie_support":"","jetpack_post_was_ever_published":false,"_jetpack_newsletter_access":"","_jetpack_dont_email_post_to_subs":false,"_jetpack_newsletter_tier_id":0,"_jetpack_memberships_contains_paywalled_content":false,"_jetpack_memberships_contains_paid_content":false,"footnotes":"","jetpack_publicize_message":"","jetpack_publicize_feature_enabled":true,"jetpack_social_post_already_shared":false,"jetpack_social_options":{"image_generator_settings":{"template":"highway","default_image_id":0,"enabled":false},"version":2}},"categories":[2,186,9,44,6539,15],"tags":[4293,259],"class_list":["post-32385","post","type-post","status-publish","format-standard","has-post-thumbnail","hentry","category-atarfe","category-instituciones","category-medio-ambiente","category-noticias-de-hoy","category-personajes-de-ataref","category-ultimas-noticias","tag-ayuntamiento-de-atarfe","tag-concejales"],"jetpack_publicize_connections":[],"jetpack_featured_media_url":"https:\/\/i0.wp.com\/miradordeatarfe.es\/wp-content\/uploads\/2019\/06\/condolencias.jpg?fit=600%2C400&ssl=1","jetpack_likes_enabled":true,"jetpack_sharing_enabled":true,"_links":{"self":[{"href":"https:\/\/miradordeatarfe.es\/index.php?rest_route=\/wp\/v2\/posts\/32385","targetHints":{"allow":["GET"]}}],"collection":[{"href":"https:\/\/miradordeatarfe.es\/index.php?rest_route=\/wp\/v2\/posts"}],"about":[{"href":"https:\/\/miradordeatarfe.es\/index.php?rest_route=\/wp\/v2\/types\/post"}],"author":[{"embeddable":true,"href":"https:\/\/miradordeatarfe.es\/index.php?rest_route=\/wp\/v2\/users\/1"}],"replies":[{"embeddable":true,"href":"https:\/\/miradordeatarfe.es\/index.php?rest_route=%2Fwp%2Fv2%2Fcomments&post=32385"}],"version-history":[{"count":13,"href":"https:\/\/miradordeatarfe.es\/index.php?rest_route=\/wp\/v2\/posts\/32385\/revisions"}],"predecessor-version":[{"id":32700,"href":"https:\/\/miradordeatarfe.es\/index.php?rest_route=\/wp\/v2\/posts\/32385\/revisions\/32700"}],"wp:featuredmedia":[{"embeddable":true,"href":"https:\/\/miradordeatarfe.es\/index.php?rest_route=\/wp\/v2\/media\/32603"}],"wp:attachment":[{"href":"https:\/\/miradordeatarfe.es\/index.php?rest_route=%2Fwp%2Fv2%2Fmedia&parent=32385"}],"wp:term":[{"taxonomy":"category","embeddable":true,"href":"https:\/\/miradordeatarfe.es\/index.php?rest_route=%2Fwp%2Fv2%2Fcategories&post=32385"},{"taxonomy":"post_tag","embeddable":true,"href":"https:\/\/miradordeatarfe.es\/index.php?rest_route=%2Fwp%2Fv2%2Ftags&post=32385"}],"curies":[{"name":"wp","href":"https:\/\/api.w.org\/{rel}","templated":true}]}}