{"id":3240,"date":"2015-09-15T07:24:06","date_gmt":"2015-09-15T07:24:06","guid":{"rendered":"http:\/\/miradordeatarfe.es\/?p=3240"},"modified":"2015-09-16T07:27:41","modified_gmt":"2015-09-16T07:27:41","slug":"adios-a-la-silla-de-ruedas-cientificos-de-ee-uu-reparan-la-espina-dorsal","status":"publish","type":"post","link":"https:\/\/miradordeatarfe.es\/?p=3240","title":{"rendered":"\u00bfAdi\u00f3s a la silla de ruedas? Cient\u00edficos de EE.UU. \u201creparan\u201d la espina dorsal"},"content":{"rendered":"<p>Andrew Meas, un ciudadano estadounidense de 33 a\u00f1os, se ha convertido en el primer paral\u00edtico que ha logrado levantarse y caminar gracias a la rehabilitaci\u00f3n estimulada<!--more--><\/p>\n<p><b>Andrew Meas,<\/b> un ciudadano estadounidense de 33 a\u00f1os, se ha convertido en el primer paral\u00edtico que ha logrado levantarse y caminar gracias a la rehabilitaci\u00f3n estimulada por un implante el\u00e9ctrico. Meas, oriundo de Louisville (Kentucky), perdi\u00f3 la movilidad de cintura hacia abajo en un accidente de coche en 2007, en el que su espina dorsal qued\u00f3 seriamente da\u00f1ada. Pero <b>gracias al implante, y a la rehabilitaci\u00f3n, ha logrado recuperar la habilidad para levantarse y mover las piernas sin ayuda.<\/b><\/p>\n<p><b>Lo m\u00e1s sorprendente de todo no es el implante en s\u00ed, sino el hecho de que, tras ser apagado, Meas conservaba cierta movilidad.<\/b> El est\u00edmulo proporcionado por el implante parece haber fortalecido conexiones que, aunque permanec\u00edan inoperativas, segu\u00edan funcionando a lo largo de la m\u00e9dula e, incluso, podr\u00eda haber creado otras nuevas, lo que le permite moverse incluso cuando el implante se apaga. Este hecho es, seg\u00fan la revista <i>New Scientist<\/i>, que ha entrevistado al propio Meas y a los responsables de la investigaci\u00f3n, \u201cpotencialmente revolucionario\u201d, en la medida en que<b> muestra que la espina dorsal puede recuperar su funci\u00f3n a\u00f1os despu\u00e9s de que un accidente. <\/b><\/p>\n<p>No ten\u00edamos ni idea de que la estimulaci\u00f3n iba a funcionar tambi\u00e9n hacia arriba, reparando las conexiones entre la espina dorsal y el cerebroMeas ha sido uno de los tres voluntarios que han formado parte de un estudio del Instituto de Rehabilitaci\u00f3n Frazies de la Universidad de Louisville. En el proyecto participa el neur\u00f3logo <b>Reggie Edgerton,<\/b> de la Universidad de California, que <b>ya en 2009 logr\u00f3 que un implante de este tipo funcionara en ratas de laboratorio, aunque s\u00f3lo mientras se les estimulaba mediante el implante el\u00e9ctrico. <\/b>El resultado en humanos le ha sorprendido: \u201cNo ten\u00edamos ni idea de que la estimulaci\u00f3n iba a funcionar tambi\u00e9n hac\u00eda arriba, reparando las conexiones entre la espina dorsal y el cerebro\u201d.<\/p>\n<div id=\"SVInLineAdDiv\">\u00a0Seg\u00fan Edgerton, todo esto podr\u00eda tener dos explicaciones: o bien el est\u00edmulo ha creado nuevas conexiones, o bien la estimulaci\u00f3n ha reactivado de alguna forma conexiones que parec\u00edan da\u00f1adas de forma irreversible. La segunda opci\u00f3n es, para Edgerton, la m\u00e1s factible:<b> \u201cPodr\u00eda haber conexiones silenciosas que no podemos observar con las t\u00e9cnicas actuales,<\/b> demasiado da\u00f1adas para trabajar por s\u00ed mismas, pero capaces de funcionar gracias al est\u00edmulo\u201d.<\/div>\n<p><b>Un proceso complejo<\/b><\/p>\n<p>Para llegar a moverse Meas tuvo que pasar por toda una serie de azarosas pruebas. En primer lugar se someti\u00f3 a una rehabilitaci\u00f3n convencional, en la que no experiment\u00f3 ninguna mejora. Tras esto se le implant\u00f3 una matriz de 16 electrodos en la zona inferior de la m\u00e9dula espinal, para estimular de forma continua los nervios raqu\u00eddeos. <b>Cuando el implante se encendi\u00f3 y se coloc\u00f3 en la posici\u00f3n correcta, Meas fue capaz de levantarse sin ayuda en el primer intento. <\/b>Una sensaci\u00f3n que, seg\u00fan cuenta, cambi\u00f3 su vida para siempre: \u201cCuando se encendi\u00f3 not\u00e9 una sacudida en los m\u00fasculos. Fue alucinante. Era la sensaci\u00f3n m\u00e1s normal que sent\u00eda desde que tuve la lesi\u00f3n\u201d.<\/p>\n<p>Las se\u00f1ales cerebrales voluntarias lograron atravesar la lesi\u00f3n y dar \u00f3rdenes a las extremidades m\u00e1s alejadasPero lo mejor vendr\u00eda despu\u00e9s. <b>Tras tres meses de entrenamiento para aprender a levantarse usando el implante, Meas trat\u00f3 de mover los pies mientras los electrodos estaban apagados. <\/b>\u201cDe repente me di cuenta de que pod\u00eda mover el dedo gordo\u201d, ha explicado a <i>New Scientist<\/i>. Los cient\u00edficos entonces probaron a entrenar los m\u00fasculos con el implante apagado y, en efecto, comprobaron que Meas pod\u00eda mover las extremedidades sin ayuda. Las se\u00f1ales cerebrales voluntarias hab\u00edan logrado cruzar la lesi\u00f3n de la\u00a0m\u00e9dula\u00a0y dar \u00f3rdenes a las extremidades m\u00e1s alejadas. Con el tiempo, Meas obtuvo mayor control de la vejiga y la funci\u00f3n sexual, y logro regular mejor su temperatura corporal.<\/p>\n<p>Pese a estos avances, <b>a d\u00eda de hoy ninguno de los otros voluntarios puede andar sin ayuda<\/b>. Los efectos del implante parecen durar unos d\u00edas, pero no han logrado reparar las lesiones por completo. En opini\u00f3n de Edgerton, en cualquier caso, todo esto \u201cabre nuestra mente a nuevas posibilidades\u201d. La soluci\u00f3n a este tipo de lesiones no est\u00e1 muy lejos, y podr\u00eda llegar a medida que avance la tecnolog\u00eda de los implantes.<\/p>\n<p>publicado en :<a href=\"http:\/\/www.elconfidencial.com\/alma-corazon-vida\/2012-11-02\/adios-a-la-silla-de-ruedas-cientificos-de-ee-uu-ldquo-reparan-rdquo-la-espina-dorsal_502075\/\"> http:\/\/www.elconfidencial.com\/alma-corazon-vida\/2012-11-02\/adios-a-la-silla-de-ruedas-cientificos-de-ee-uu-ldquo-reparan-rdquo-la-espina-dorsal_502075\/<\/a><\/p>\n<div><\/div>\n","protected":false},"excerpt":{"rendered":"<p>Andrew Meas, un ciudadano estadounidense de 33 a\u00f1os, se ha convertido en el primer paral\u00edtico&#8230;<\/p>\n","protected":false},"author":1,"featured_media":3241,"comment_status":"closed","ping_status":"closed","sticky":false,"template":"","format":"standard","meta":{"_coblocks_attr":"","_coblocks_dimensions":"","_coblocks_responsive_height":"","_coblocks_accordion_ie_support":"","jetpack_post_was_ever_published":false,"_jetpack_newsletter_access":"","_jetpack_dont_email_post_to_subs":false,"_jetpack_newsletter_tier_id":0,"_jetpack_memberships_contains_paywalled_content":false,"_jetpack_memberships_contains_paid_content":false,"footnotes":"","jetpack_publicize_message":"","jetpack_publicize_feature_enabled":true,"jetpack_social_post_already_shared":false,"jetpack_social_options":{"image_generator_settings":{"template":"highway","default_image_id":0,"enabled":false},"version":2}},"categories":[15,10],"tags":[1170,1169,1171],"class_list":["post-3240","post","type-post","status-publish","format-standard","has-post-thumbnail","hentry","category-ultimas-noticias","category-salud","tag-espina-dorsal","tag-movilidad","tag-paralisis"],"jetpack_publicize_connections":[],"jetpack_featured_media_url":"https:\/\/i0.wp.com\/miradordeatarfe.es\/wp-content\/uploads\/2015\/09\/194dfe330354c9f76efc84d488c95080.jpg?fit=300%2C135&ssl=1","jetpack_likes_enabled":true,"jetpack_sharing_enabled":true,"_links":{"self":[{"href":"https:\/\/miradordeatarfe.es\/index.php?rest_route=\/wp\/v2\/posts\/3240","targetHints":{"allow":["GET"]}}],"collection":[{"href":"https:\/\/miradordeatarfe.es\/index.php?rest_route=\/wp\/v2\/posts"}],"about":[{"href":"https:\/\/miradordeatarfe.es\/index.php?rest_route=\/wp\/v2\/types\/post"}],"author":[{"embeddable":true,"href":"https:\/\/miradordeatarfe.es\/index.php?rest_route=\/wp\/v2\/users\/1"}],"replies":[{"embeddable":true,"href":"https:\/\/miradordeatarfe.es\/index.php?rest_route=%2Fwp%2Fv2%2Fcomments&post=3240"}],"version-history":[{"count":1,"href":"https:\/\/miradordeatarfe.es\/index.php?rest_route=\/wp\/v2\/posts\/3240\/revisions"}],"predecessor-version":[{"id":3242,"href":"https:\/\/miradordeatarfe.es\/index.php?rest_route=\/wp\/v2\/posts\/3240\/revisions\/3242"}],"wp:featuredmedia":[{"embeddable":true,"href":"https:\/\/miradordeatarfe.es\/index.php?rest_route=\/wp\/v2\/media\/3241"}],"wp:attachment":[{"href":"https:\/\/miradordeatarfe.es\/index.php?rest_route=%2Fwp%2Fv2%2Fmedia&parent=3240"}],"wp:term":[{"taxonomy":"category","embeddable":true,"href":"https:\/\/miradordeatarfe.es\/index.php?rest_route=%2Fwp%2Fv2%2Fcategories&post=3240"},{"taxonomy":"post_tag","embeddable":true,"href":"https:\/\/miradordeatarfe.es\/index.php?rest_route=%2Fwp%2Fv2%2Ftags&post=3240"}],"curies":[{"name":"wp","href":"https:\/\/api.w.org\/{rel}","templated":true}]}}