{"id":32751,"date":"2019-06-18T09:25:56","date_gmt":"2019-06-18T07:25:56","guid":{"rendered":"http:\/\/miradordeatarfe.es\/?p=32751"},"modified":"2019-06-16T21:32:14","modified_gmt":"2019-06-16T19:32:14","slug":"enorme-huelga-de-mujeres-en-suiza-por-los-derechos-de-todas","status":"publish","type":"post","link":"https:\/\/miradordeatarfe.es\/?p=32751","title":{"rendered":"Enorme huelga de mujeres en Suiza por los derechos de todas"},"content":{"rendered":"\n<p>E<em>ste art\u00edculo ha sido elaborado en base a los informes de la corresponsal Catherine, trabajadora social, desde Ginebra. <\/em><\/p>\n\n\n\n<p>Una marea p\u00farpura recorri\u00f3 las principales ciudades suizas con \nesl\u00f3ganes de solidaridad con las mujeres del mundo entero y por la \nigualdad de g\u00e9nero.<\/p>\n\n\n\n<p>En un pa\u00eds poco adepto a las huelgas, decenas de miles de mujeres \nsalieron a la calle en una jornada hist\u00f3rica, reclamando la igualdad de \ntrato y condiciones: seg\u00fan datos sindicales, las mujeres ganan un 20% \nmenos que los hombres. Adem\u00e1s, situaciones de discriminaci\u00f3n y la \nconciliaci\u00f3n de la vida laboral y familiar tambi\u00e9n son un problema.<\/p>\n\n\n\n<p>En la capital, Berna, unas 40.000 mujeres tomaron las calles para \nhacer escuchar sus reclamos. En Z\u00farich, unos 70.000 manifestantes \ndetuvieron el tr\u00e1fico en el centro de la ciudad, mientras que en \nGinebra, unas 50.000 personas se plegaron a la convocatoria.<\/p>\n\n\n\n<p>Una de las manifestantes, Catherine, trabajadora social suiza, nos \ncuenta: \u201cEn Ginebra durante la ma\u00f1ana nos organizamos por barrios, \nempresas, lugares de trabajo, sobre todo,del sector estatal. All\u00ed, \niniciamos la jornada de lucha con acciones y picnics en parques o \nplazas. Luego de participar en estas actividades nos reunimos a las \n16:00, hora de la convocatoria, para empezar a marchar\u201d. \u201cEra tan grande\n la marcha que despu\u00e9s de dos horas de espera reci\u00e9n salimos con mis \ncolegas y el grupo de mujeres sin papeles\u201d, nos relata.<\/p>\n\n\n\n<p>La rutina vespertina fue quebrantada cuando las mujeres que hab\u00edan \nacudido a su trabajo hicieron abandono de tareas a las 15:24, el horario\n que marcaba la disparidad salarial del 20% con los hombres. Muchas \nmujeres iban vestidas en color p\u00farpura y fucsia, el color simb\u00f3lico del \nevento, portando carteles hechos a mano, con esmero y dedicaci\u00f3n, \ndejando en claro sus reclamos.<\/p>\n\n\n\n<figure><iframe loading=\"lazy\" src=\"https:\/\/www.youtube.com\/embed\/3qckDpVt7YQ\" allowfullscreen=\"\" width=\"100%\" height=\"315\"><\/iframe><\/figure>\n\n\n\n<p><em>Al principio de la tarde, mujeres de un sindicato con el eslogan: \n\u201cSolidaridad con las mujeres del mundo entero y feministas con bronca, \norgullosas y fuertes\u201d<\/em>.<\/p>\n\n\n\n<figure><iframe loading=\"lazy\" src=\"https:\/\/www.youtube.com\/embed\/APMe5sJkLy4\" allowfullscreen=\"\" width=\"100%\" height=\"315\"><\/iframe><\/figure>\n\n\n\n<p><em>Un grupo de trabajadoras sociales marcha junto a mujeres sin \npapeles empleadas dom\u00e9sticas. Confeccionaron siluetas con esl\u00f3ganes que \ndec\u00edan \u201cNo puedo participar en la huelga porque mi empleadora me echa \n(despide), o porque le temo a la polic\u00eda\u201d<\/em>.<\/p>\n\n\n\n<figure class=\"wp-block-image\"><a href=\"https:\/\/i0.wp.com\/www.laizquierdadiario.com\/IMG\/jpg\/reconnnaissance.jpg?ssl=1\"><img data-recalc-dims=\"1\" decoding=\"async\" src=\"https:\/\/i0.wp.com\/www.laizquierdadiario.com\/local\/cache-vignettes\/L701xH395\/reconnnaissance-dda4d.jpg?w=640&#038;ssl=1\" alt=\"\"\/><\/a><figcaption> \u00abEl reconocimiento para ustedes puede ser un detalle, \npero para nosotras quiere decir mucho\u00bb. Trabajadoras del sector de la \npeque\u00f1a infancia.\n<\/figcaption><\/figure>\n\n\n\n<figure><iframe loading=\"lazy\" src=\"https:\/\/www.youtube.com\/embed\/2aZzokmF1Rc\" allowfullscreen=\"\" width=\"100%\" height=\"315\"><\/iframe><\/figure>\n\n\n\n<h3 class=\"wp-block-heading\">\u00bfPor qu\u00e9 hoy?<\/h3>\n\n\n\n<p>El 14 de junio de 1991, medio mill\u00f3n de mujeres en Suiza se unieron a\n la primera huelga de mujeres. Hoy, 30 a\u00f1os m\u00e1s tarde, se movilizan de \nnuevo.<\/p>\n\n\n\n<p>En la primavera de 1991, muchas personas en Suiza fueron tomadas por \nsorpresa. La iniciativa surgi\u00f3 de un peque\u00f1o grupo de operarias de una \nf\u00e1brica de relojes, en los cantones de Vaud, el tercero m\u00e1s grande de \nSuiza, cuya capital es Lausanne, y de Jura. Fue una de las \nmanifestaciones pol\u00edticas m\u00e1s grandes en la historia suiza. Unas 500.000\n a lo largo y a lo ancho del pa\u00eds se unieron a la a huelga mediante una \nserie de acciones pol\u00edticas de distinto tipo y calibre. Demandaban igual\n salario por igual trabajo, igualdad en la ley de seguridad social, un \nfin a la discriminaci\u00f3n sexual y a los actos de acoso sexual.<\/p>\n\n\n\n<p>\u00bfPor qu\u00e9 1991? La elecci\u00f3n del a\u00f1o no fue arbitraria: el 14 de junio \nde una d\u00e9cada anterior los votantes suizos hab\u00edan aprobado un nuevo \narticulo en la constituci\u00f3n sobre igualdad de los sexos, pero este \nprincipio constitucional no se hab\u00eda traducido en legislaciones \nconcretas. Todav\u00eda exist\u00eda una brecha salarial flagrante. La huelga de \n1991 tambi\u00e9n buscaba marcar el 20 aniversario del voto femenino a nivel \nfederal, un derecho alcanzado muy tard\u00edamente en Suiza, en comparaci\u00f3n \ncon otros pa\u00edses europeos y el resto del mundo.<\/p>\n\n\n\n<p>Un dato interesante de la jornada de protesta es la solidaridad de \ng\u00e9nero de las trabajadoras en distintos sectores y el reconocimiento de \nla fuerza laboral inmigrante al funcionamiento de la econom\u00eda. \u201cLas \ninmigrantes sostienen la econom\u00eda como la sostenemos todas. Lo que pasa \nque sin el trabajo de cuidado que hacen sobre todo las mujeres sin \npapeles hay muchas de nosotras que no podr\u00edamos trabajar porque el \nestado no quiere poner estructuras adecuadas y medios econ\u00f3mico para \nguarder\u00edas, casas para ancianos minusv\u00e1lidos, salud p\u00fablica, etc. As\u00ed \nque, si las mujeres inmigrantes no cuidaran a los ni\u00f1os y ancianos \nmuchas de nosotras no podr\u00edamos trabajar. Adem\u00e1s, las trabajadoras en \nestos sectores salud, cuidado, trabajo social, educaci\u00f3n b\u00e1sica componen\n la mayor\u00eda de la fuerza laboral en comparaci\u00f3n con los hombres. Por \nello, los sueldos no son muy altos o el trabajo mal reconocido\u201d. Esta \nsolidaridad es indispensable en una econom\u00eda en la cual la feminizaci\u00f3n \ndel trabajo equivale a salarios precarios.<\/p>\n\n\n\n<p><strong>Fotograf\u00edas y V\u00eddeos: Catherine<\/strong><\/p>\n\n\n\n<p><a href=\"https:\/\/www.laizquierdadiario.com\/Enorme-huelga-de-mujeres-en-Suiza-por-los-derechos-de-todas?utm_content=bufferbe10a&amp;utm_medium=social&amp;utm_source=facebook.com&amp;utm_campaign=buffer\">https:\/\/www.laizquierdadiario.com\/Enorme-huelga-de-mujeres-en-Suiza-por-los-derechos-de-todas?utm_content=bufferbe10a&amp;utm_medium=social&amp;utm_source=facebook.com&amp;utm_campaign=buffer<\/a><\/p>\n","protected":false},"excerpt":{"rendered":"<p>Este art\u00edculo ha sido elaborado en base a los informes de la corresponsal Catherine, trabajadora&#8230;<\/p>\n","protected":false},"author":1,"featured_media":32752,"comment_status":"closed","ping_status":"closed","sticky":false,"template":"","format":"standard","meta":{"_coblocks_attr":"","_coblocks_dimensions":"","_coblocks_responsive_height":"","_coblocks_accordion_ie_support":"","jetpack_post_was_ever_published":false,"_jetpack_newsletter_access":"","_jetpack_dont_email_post_to_subs":false,"_jetpack_newsletter_tier_id":0,"_jetpack_memberships_contains_paywalled_content":false,"_jetpack_memberships_contains_paid_content":false,"footnotes":"","jetpack_publicize_message":"","jetpack_publicize_feature_enabled":true,"jetpack_social_post_already_shared":false,"jetpack_social_options":{"image_generator_settings":{"template":"highway","default_image_id":0,"enabled":false},"version":2}},"categories":[1161,14,186,9,44,15],"tags":[41,4654,19,1900],"class_list":["post-32751","post","type-post","status-publish","format-standard","has-post-thumbnail","hentry","category-ciudadania","category-feminismo","category-instituciones","category-medio-ambiente","category-noticias-de-hoy","category-ultimas-noticias","tag-feminismo","tag-huelga-feminista","tag-mujeres","tag-suiza"],"jetpack_publicize_connections":[],"jetpack_featured_media_url":"https:\/\/i0.wp.com\/miradordeatarfe.es\/wp-content\/uploads\/2019\/06\/arton132175-d3932.jpg?fit=701%2C395&ssl=1","jetpack_likes_enabled":true,"jetpack_sharing_enabled":true,"_links":{"self":[{"href":"https:\/\/miradordeatarfe.es\/index.php?rest_route=\/wp\/v2\/posts\/32751","targetHints":{"allow":["GET"]}}],"collection":[{"href":"https:\/\/miradordeatarfe.es\/index.php?rest_route=\/wp\/v2\/posts"}],"about":[{"href":"https:\/\/miradordeatarfe.es\/index.php?rest_route=\/wp\/v2\/types\/post"}],"author":[{"embeddable":true,"href":"https:\/\/miradordeatarfe.es\/index.php?rest_route=\/wp\/v2\/users\/1"}],"replies":[{"embeddable":true,"href":"https:\/\/miradordeatarfe.es\/index.php?rest_route=%2Fwp%2Fv2%2Fcomments&post=32751"}],"version-history":[{"count":2,"href":"https:\/\/miradordeatarfe.es\/index.php?rest_route=\/wp\/v2\/posts\/32751\/revisions"}],"predecessor-version":[{"id":32754,"href":"https:\/\/miradordeatarfe.es\/index.php?rest_route=\/wp\/v2\/posts\/32751\/revisions\/32754"}],"wp:featuredmedia":[{"embeddable":true,"href":"https:\/\/miradordeatarfe.es\/index.php?rest_route=\/wp\/v2\/media\/32752"}],"wp:attachment":[{"href":"https:\/\/miradordeatarfe.es\/index.php?rest_route=%2Fwp%2Fv2%2Fmedia&parent=32751"}],"wp:term":[{"taxonomy":"category","embeddable":true,"href":"https:\/\/miradordeatarfe.es\/index.php?rest_route=%2Fwp%2Fv2%2Fcategories&post=32751"},{"taxonomy":"post_tag","embeddable":true,"href":"https:\/\/miradordeatarfe.es\/index.php?rest_route=%2Fwp%2Fv2%2Ftags&post=32751"}],"curies":[{"name":"wp","href":"https:\/\/api.w.org\/{rel}","templated":true}]}}