{"id":32873,"date":"2019-07-19T11:22:39","date_gmt":"2019-07-19T09:22:39","guid":{"rendered":"http:\/\/miradordeatarfe.es\/?p=32873"},"modified":"2020-06-26T12:51:14","modified_gmt":"2020-06-26T10:51:14","slug":"sierra-nevada-por-jose-enrique-granados","status":"publish","type":"post","link":"https:\/\/miradordeatarfe.es\/?p=32873","title":{"rendered":"\u00bb SIERRA  ELVIRA \u00bb por Jos\u00e9 Enrique Granados"},"content":{"rendered":"\n<h4 class=\"wp-block-heading\"> Sim\u00f3n de Rojas Clemente Rubio en su vista a Andaluc\u00eda efectuada sobre 1804, describe Sierra Elvira de a siguiente manera:<br>  \u201cLa direcci\u00f3n de la Sierra de Elvira es en Este 1\/4 al Sur (correcta  declinatione). Su ancho 1\/4 de legua, el Atarfe, pegado a su falda  Albolote, distante de ella cerca de 1\/2 legua.<\/h4>\n\n\n\n<p><br><br> Por Levante (as\u00ed como la Nevada) remata la Sierra de Elvira adelgaz\u00e1ndose much\u00edsimo insensiblemente,  por su Norte no tiene tajo alguno y cubre su roca el derecho de ella  misma. Ya vimos que por Oeste tiene (como la Nevada) un remate ancho  tajado y orgulloso. Se eleva la Sierra de Elvira sobre el Atarfe unas  200 vars lo m\u00e1s. La de Alfacar es mucho m\u00e1s alta.<br><br> En la Sierra  de Elvira no se descubre otra roca que la caliza, casi siempre muy  compacta y pur\u00edsima  en algunos (o casi todos los) sitios altos, pues la  que emplean para piedras de molino es muy blanca y parecida en todo a  la del Barrueco, excepto estar m\u00e1s resquebrajada, por lo que no salen,  ni es facial sacar tan buenas piedra para moler (esto hace que se  traigan muchas de Mocl\u00edn ya d\u00edas ha, se usan s\u00f3lo unas y otras para el  pan blanco). <br><br> Esta caliza pura est\u00e1 en masa, no estratificada, y  tal aparece la de sus m\u00e1s altas cumbres. Pero en las inferiores est\u00e1  constantemente estratificada y muy perceptiblemente, el grueso de sus  estratos es de una pulgada a tres cuartas; entre estrato y estrato  (entre banco y banco u hoja y hoja, dicen los canteros) hay casi siempre  un lecho delgadito de arcilla m\u00e1s o menos mezclada con cal, com\u00fanmente  roja, a veces ocreosa, azulada o verdosa.<br><br> Los estratos son de  bello negro con venitas blanco-esp\u00e1ticas en la Cantera del Rey, de que  todav\u00eda se hace uso cuando se quieren buenas piezas para frontales,  etc., de pardo, a veces gris, gris verdoso en las otras canteras, donde  continuamente hay gente trabajando para la loser\u00eda y piedras que para  usar pulimentadas apicoladas o en bruto llevan a Granada y otros Pueblos  vecinos. <br> Sobre los estratos de las canteras actuales descansa un  banco de almendr\u00f3n de hasta vara y 1\/2 de grueso cuyos cantos adem\u00e1s de  los dichos varios colores suelen tambi\u00e9n ser rojos, pero su mala uni\u00f3n  por la arcilla y marga inutiliza esta pudinga.<br><br> Sobre y entre  los estratos calizos suele haber otros de marga m\u00e1s o menos endurecida  en la que me dicen se hallan petrificaciones. Tres amonitas vi yo sobre  el calizo pasando desde las canteras de Fr\u00edas a la de las piedras de  molino.<br><br> El pedernal basto o que se desgrana se encuentra  tambi\u00e9n embutido en la caliza como hacia la falda de los Castillejos y  en los estratos del Pe\u00f1\u00f3n Bermejo.<br><br> Los canteros pican en muchos  sitios y profundizan poco, es muy notable que en todos los sitios de  esta fachada de la Sierra se levanten los estratos hacia el Sur o mire a  esta plaga, no al centro de la Sierra, su \u00e1ngulo agudo de unos 45  grados, que va disminuyendo hasta casi horizontarse los estratos  conforme subimos. He aqu\u00ed porqu\u00e9 tiene la Sierra tantos tajos por el  lado del Sur y carece de ellos por el opuesto.<br><br> La pudinga vasta  cubre sus faldas. La superficie de los estratos suele estar arborizada.  S\u00f3lo son hediondos los de la Cantera del Rey. Las varias hendeduras que  se ven en la roca de la Sierra (peque\u00f1as simas) son, parece, efecto de  los temblores, como tal vez los tajos\u201d.<br><br> Preciosa imagen de  Sierra Nevada, de autor an\u00f3nimo y datada en 1750, cortes\u00eda de Manuel  Titos en donde adem\u00e1s de la monta\u00f1a del sol y del aire, podemos  distinguir un sinf\u00edn de lugares entre los que se encuentra Atarfe y  Caparacena.<br><br> Curiosidades elvirenses. <\/p>\n","protected":false},"excerpt":{"rendered":"<p>Sim\u00f3n de Rojas Clemente Rubio en su vista a Andaluc\u00eda efectuada sobre 1804, describe Sierra&#8230;<\/p>\n","protected":false},"author":1,"featured_media":32874,"comment_status":"closed","ping_status":"closed","sticky":false,"template":"","format":"standard","meta":{"_coblocks_attr":"","_coblocks_dimensions":"","_coblocks_responsive_height":"","_coblocks_accordion_ie_support":"","jetpack_post_was_ever_published":false,"_jetpack_newsletter_access":"","_jetpack_dont_email_post_to_subs":false,"_jetpack_newsletter_tier_id":0,"_jetpack_memberships_contains_paywalled_content":false,"_jetpack_memberships_contains_paid_content":false,"footnotes":"","jetpack_publicize_message":"","jetpack_publicize_feature_enabled":true,"jetpack_social_post_already_shared":false,"jetpack_social_options":{"image_generator_settings":{"template":"highway","default_image_id":0,"enabled":false},"version":2}},"categories":[2,12,186,38,44,15],"tags":[81,129,1559],"class_list":["post-32873","post","type-post","status-publish","format-standard","has-post-thumbnail","hentry","category-atarfe","category-cultura","category-instituciones","category-opinion-de-jose-enrique-granados","category-noticias-de-hoy","category-ultimas-noticias","tag-atarfe","tag-granada","tag-sierra-nevada"],"jetpack_publicize_connections":[],"jetpack_featured_media_url":"https:\/\/i0.wp.com\/miradordeatarfe.es\/wp-content\/uploads\/2019\/06\/sierra-nevada.jpg?fit=960%2C684&ssl=1","jetpack_likes_enabled":true,"jetpack_sharing_enabled":true,"_links":{"self":[{"href":"https:\/\/miradordeatarfe.es\/index.php?rest_route=\/wp\/v2\/posts\/32873","targetHints":{"allow":["GET"]}}],"collection":[{"href":"https:\/\/miradordeatarfe.es\/index.php?rest_route=\/wp\/v2\/posts"}],"about":[{"href":"https:\/\/miradordeatarfe.es\/index.php?rest_route=\/wp\/v2\/types\/post"}],"author":[{"embeddable":true,"href":"https:\/\/miradordeatarfe.es\/index.php?rest_route=\/wp\/v2\/users\/1"}],"replies":[{"embeddable":true,"href":"https:\/\/miradordeatarfe.es\/index.php?rest_route=%2Fwp%2Fv2%2Fcomments&post=32873"}],"version-history":[{"count":3,"href":"https:\/\/miradordeatarfe.es\/index.php?rest_route=\/wp\/v2\/posts\/32873\/revisions"}],"predecessor-version":[{"id":36350,"href":"https:\/\/miradordeatarfe.es\/index.php?rest_route=\/wp\/v2\/posts\/32873\/revisions\/36350"}],"wp:featuredmedia":[{"embeddable":true,"href":"https:\/\/miradordeatarfe.es\/index.php?rest_route=\/wp\/v2\/media\/32874"}],"wp:attachment":[{"href":"https:\/\/miradordeatarfe.es\/index.php?rest_route=%2Fwp%2Fv2%2Fmedia&parent=32873"}],"wp:term":[{"taxonomy":"category","embeddable":true,"href":"https:\/\/miradordeatarfe.es\/index.php?rest_route=%2Fwp%2Fv2%2Fcategories&post=32873"},{"taxonomy":"post_tag","embeddable":true,"href":"https:\/\/miradordeatarfe.es\/index.php?rest_route=%2Fwp%2Fv2%2Ftags&post=32873"}],"curies":[{"name":"wp","href":"https:\/\/api.w.org\/{rel}","templated":true}]}}