{"id":32906,"date":"2019-06-23T11:42:31","date_gmt":"2019-06-23T09:42:31","guid":{"rendered":"http:\/\/miradordeatarfe.es\/?p=32906"},"modified":"2020-06-26T13:24:59","modified_gmt":"2020-06-26T11:24:59","slug":"amor-de-don-perlimplim-por-belisa-en-su-jardin-por-juan-alfredo-bellon","status":"publish","type":"post","link":"https:\/\/miradordeatarfe.es\/?p=32906","title":{"rendered":"AMOR DE DON PERLIMPL\u00cdM POR  BELISA EN SU JARDIN por Juan Alfredo Bell\u00f3n"},"content":{"rendered":"\n<p>A<em><strong>MOR DE DON PERLIMPL\u00cdM<\/strong><\/em> <em><strong>POR  BELISA EN SU JARD\u00cdN<\/strong><\/em> <strong>por JUAN ALFREDO BELL\u00d3N<\/strong> <strong>para  EL MIRADOR DE ATARFE<\/strong>\n<strong>del domingo 23-06-2019<\/strong><\/p>\n\n\n\n<p>Uno\n de los hitos que jalona el trabajo period\u00edstico y que lo hace \u00fanico\nen su vivencia y, sobre todo, ameno para quienes lo realizamos, es el\nhecho de que frecuentemente, a quienes poblamos y repoblamos los\nperi\u00f3dicos (sean una realidad tangible o una virtualidad\nelectr\u00f3nica) nos cabe el   placer de <em>resetear<\/em>\n nuestro trabajo y empezar de nuevo a realizarlo, como cuando, en la\nescritura, aplicamos la regla estil\u00edstica y grafol\u00f3gica del <em>punto\ny aparte. <\/em>Y\neste es el caso en que nuestro escribir sobre la ciudad de la\nAlhambra se halla ahora inmerso: convocadas las elecciones\nmunicipales y chequeado el estado de la ciudad durante la\ncorrespondiente campa\u00f1a electoral, el periodismo olvida el tiempo\npasado, aunque en muchos casos haya sido sustancialmente mejor y se\nlanza a <em>cronicar<\/em>\nel presente y el futuro con la nueva perspectiva de un tiempo\nmunicipal y local  reci\u00e9n renovado y, a veces, innovador, sea ello\ncierto o no. \n<\/p>\n\n\n\n<p>\tAs\u00ed,\nen Granada, se ha acabado el tiempo de Paco Cuenca y empieza el de \nun nuevo alcalde que ya es conocido de su \u00e9poca anterior como\nparlamentario y dirigente del Partido Socialista durante varias \nlegislativas. Siendo el caso que ahora representa al grupo de\nCiudadanos que, de los 27 ediles que corresponden por la poblaci\u00f3n\nde la  localidad, el citado partido solo ha obtenido cuatro y este es\nel motivo de que cualquier zozobra caiga en tierra abonada para la\ninestabilidad de la f\u00f3rmula de gobierno municipal dada la debilidad\nde la supuesta forma tripartita (de dos m\u00e1s uno pero sin ese uno,\nque es Vox), de quien se averg\u00fcenzan los dos socios restantes pero a\nquien necesitan para que los dejen gobernar, situaci\u00f3n esta que se\nva a repetir en la presente legislatura y que se parece a <em>la\nparadoja teresiana <\/em>del\n<em>vivo sin vivir en\nm\u00ed \/ y tan alta vida espero\u2026 <\/em>f\u00f3rmula\nrentable para la arquitectura de las tramas literarias pero\nseguramente in\u00fatil para  el  trabajo diario de contar la pol\u00edtica\nmunicipal.<\/p>\n\n\n\n<p>\n\tEl caso es que en la poblaci\u00f3n granadina se ha instalado una\nespecie de   inseguridad  y\/u  orfandad municipal que se manifiesta\nen un sentimiento ag\u00f3nico de carencia institucional que afecta\nseriamente al electorado sea cual sea su orientaci\u00f3n  ideol\u00f3gica\nconcreta: (as\u00ed es frecuente la pregunta: -\u00bfY del alcalde qu\u00e9? \u00bfDos\na\u00f1os para cada partido? -Pero bueno \u00bfes bi o tri partito?  -Yo\npienso lo de Santa Rita, que a quien la coja no se la quitan: bonicos\nson\u2026 \u00a1Ya los conocemos!  Anda que el t\u00edo con el collar colgado,\ncomo diciendo<em> este es propio, a ver qui\u00e9n  me lo quita. No dig\u00e1is\nque no me queda mejor que a don Pepito y que al Tio de La  Chana. Si\nle parezco  al mism\u00edsimo Hamlet\u2026 Bueno, al Alcalde de Zalamea que\nes m\u00e1s propio. Ea, pa cuatro a\u00f1os en la Plaza del Carmen, que es\ncasi m\u00e1s bonica que la de  San Francisco en Sevilla. Y luego, son\ncuatro a\u00f1os para marear la perdiz. Quien me puso Salvaora s\u00ed supo\nponerme nombre&#8230;Me deb\u00eda de haber puesto la confusi\u00f3n de los\nhombres&#8230; pero disimul\u00f3.<\/em><\/p>\n\n\n\n<p>\nAunque, poni\u00e9ndonos en plan lorquiano, lo m\u00edo de verdad <em>se\ndebe  a una aspiraci\u00f3n de lo cursi, que a Lorca le lleg\u00f3 de C\u00e1diz\u2026\npor Falla:  Amor de don Perlimpl\u00edn por Belisa en su jard\u00edn  \/ y\naqu\u00ed, paz y despu\u00e9s,  mucha, mucha, much\u00edsima glor\u00eda. Y\nSebastianico, d\u00e1ndose por enga\u00f1ado tal como est\u00e1 el patio&#8230;\nencima, el muy cipote, habr\u00e1 se visto y cuchar esto.<\/em><\/p>\n\n\n\n<p>\n<em>\tY VOX, erre que erre, a VOX,  digo,  a Dios rogando y con el mazo\ndando. Y as\u00ed no salgo en la procesi\u00f3n del Corpus y el Sebas, que yo\ntampoco, que la gente me iba a decir de todo menos bonico. Y luego\nest\u00e1 el Juanito Garc\u00eda Montero centrado en su reci\u00e9n parida\nformaci\u00f3n, que \u00e9se es otro cantar y va y le regala Molv\u00edzar al\nPSOE y Elvira Ram\u00f3n, tan contenta, para compensar el disgusto de lo\nde Marian en \u00d3rgiva. Y no sigo porque esto puede ser el cuento de\nnunca acabar. Eso. La selva, ya te digo, la selva  salv\u00e1tica, la\nRe\u00f3ptica General, os lo juro por estas mismas.<\/em><\/p>\n","protected":false},"excerpt":{"rendered":"<p>AMOR DE DON PERLIMPL\u00cdM POR BELISA EN SU JARD\u00cdN por JUAN ALFREDO BELL\u00d3N para EL&#8230;<\/p>\n","protected":false},"author":1,"featured_media":32747,"comment_status":"closed","ping_status":"closed","sticky":false,"template":"","format":"standard","meta":{"_coblocks_attr":"","_coblocks_dimensions":"","_coblocks_responsive_height":"","_coblocks_accordion_ie_support":"","jetpack_post_was_ever_published":false,"_jetpack_newsletter_access":"","_jetpack_dont_email_post_to_subs":false,"_jetpack_newsletter_tier_id":0,"_jetpack_memberships_contains_paywalled_content":false,"_jetpack_memberships_contains_paid_content":false,"footnotes":"","jetpack_publicize_message":"","jetpack_publicize_feature_enabled":true,"jetpack_social_post_already_shared":false,"jetpack_social_options":{"image_generator_settings":{"template":"highway","default_image_id":0,"enabled":false},"version":2}},"categories":[1161,186,36,44,15],"tags":[171,129,905,42],"class_list":["post-32906","post","type-post","status-publish","format-standard","has-post-thumbnail","hentry","category-ciudadania","category-instituciones","category-opinion-de-juan-alfredo-bellon","category-noticias-de-hoy","category-ultimas-noticias","tag-elecciones","tag-granada","tag-partidos","tag-politica"],"jetpack_publicize_connections":[],"jetpack_featured_media_url":"https:\/\/i0.wp.com\/miradordeatarfe.es\/wp-content\/uploads\/2019\/06\/luis-slavador-nuevo-alcalde-de-granada-a-lex-ca-mara_4_800x450.jpeg?fit=800%2C450&ssl=1","jetpack_likes_enabled":true,"jetpack_sharing_enabled":true,"_links":{"self":[{"href":"https:\/\/miradordeatarfe.es\/index.php?rest_route=\/wp\/v2\/posts\/32906","targetHints":{"allow":["GET"]}}],"collection":[{"href":"https:\/\/miradordeatarfe.es\/index.php?rest_route=\/wp\/v2\/posts"}],"about":[{"href":"https:\/\/miradordeatarfe.es\/index.php?rest_route=\/wp\/v2\/types\/post"}],"author":[{"embeddable":true,"href":"https:\/\/miradordeatarfe.es\/index.php?rest_route=\/wp\/v2\/users\/1"}],"replies":[{"embeddable":true,"href":"https:\/\/miradordeatarfe.es\/index.php?rest_route=%2Fwp%2Fv2%2Fcomments&post=32906"}],"version-history":[{"count":1,"href":"https:\/\/miradordeatarfe.es\/index.php?rest_route=\/wp\/v2\/posts\/32906\/revisions"}],"predecessor-version":[{"id":32907,"href":"https:\/\/miradordeatarfe.es\/index.php?rest_route=\/wp\/v2\/posts\/32906\/revisions\/32907"}],"wp:featuredmedia":[{"embeddable":true,"href":"https:\/\/miradordeatarfe.es\/index.php?rest_route=\/wp\/v2\/media\/32747"}],"wp:attachment":[{"href":"https:\/\/miradordeatarfe.es\/index.php?rest_route=%2Fwp%2Fv2%2Fmedia&parent=32906"}],"wp:term":[{"taxonomy":"category","embeddable":true,"href":"https:\/\/miradordeatarfe.es\/index.php?rest_route=%2Fwp%2Fv2%2Fcategories&post=32906"},{"taxonomy":"post_tag","embeddable":true,"href":"https:\/\/miradordeatarfe.es\/index.php?rest_route=%2Fwp%2Fv2%2Ftags&post=32906"}],"curies":[{"name":"wp","href":"https:\/\/api.w.org\/{rel}","templated":true}]}}