{"id":32995,"date":"2019-06-28T11:09:18","date_gmt":"2019-06-28T09:09:18","guid":{"rendered":"http:\/\/miradordeatarfe.es\/?p=32995"},"modified":"2019-06-26T23:10:38","modified_gmt":"2019-06-26T21:10:38","slug":"el-nuevo-atarfe-industrial-para-la-proxima-liga","status":"publish","type":"post","link":"https:\/\/miradordeatarfe.es\/?p=32995","title":{"rendered":"EL NUEVO ATARFE INDUSTRIAL PARA LA PROXIMA LIGA"},"content":{"rendered":"\n<p>ESTOS SON LOS FICHAJES Y RENOVACIONES  (HASTA AHORA) QUE EL ATARFE INDUSTRIAL HA PUBLICADO EN SU FACEBOOK .<\/p>\n\n\n\n<p> Tras su paso en las dos \u00faltimas temporadas por equipos como Hu\u00e9tor Vega,  Villacarrillo y Churriana CF, incorporamos en la <strong>porter\u00eda a Sergio  Caballero.<\/strong><br> Portero con personalidad y experiencia, con compromiso y trabajador.<br> Bienvenido Sergio!!! <\/p>\n\n\n\n<p> Nueva incorporaci\u00f3n para la defensa.<br> <strong>V\u00edctor Espinola<\/strong>, tras una buena temporada a nivel personal por el Guadix CF, refuerza la l\u00ednea defensiva.<br> Tu suerte ser\u00e1 nuestra suerte.<br> Bienvenido Espinola!!! <\/p>\n\n\n\n<p> Seguimos con la configuraci\u00f3n de la plantilla.<br> Anunciamos una nueva incorporaci\u00f3n,  el<strong> atarfe\u00f1o Alejandro Verdejo, vuelva a casa.<\/strong><br>  Despu\u00e9s de su temporada en el Arenas de Armilla y de sus 14 goles, el  delantero vuelve con una enorme ilusi\u00f3n para ayudar al equipo de su  pueblo.<br> Bienvenido Verdejo!!! <\/p>\n\n\n\n<p> Presentamos a unos de los primeros fichajes de esta temporada.<br> Se trata de<strong> Juanse<\/strong> , central de envergadura que viene a blanquear la defensa.<br> Proviene del Monachil.<br> Bienvenido Juanse <\/p>\n\n\n\n<ul class=\"wp-block-gallery columns-3 is-cropped wp-block-gallery-1 is-layout-flex wp-block-gallery-is-layout-flex\"><li class=\"blocks-gallery-item\"><figure><img data-recalc-dims=\"1\" loading=\"lazy\" decoding=\"async\" width=\"640\" height=\"853\" src=\"https:\/\/i0.wp.com\/miradordeatarfe.es\/wp-content\/uploads\/2019\/06\/alejandro-verdejo-2.jpg?resize=640%2C853&#038;ssl=1\" alt=\"\" data-id=\"32996\" data-link=\"https:\/\/miradordeatarfe.es\/?attachment_id=32996\" class=\"wp-image-32996\" srcset=\"https:\/\/i0.wp.com\/miradordeatarfe.es\/wp-content\/uploads\/2019\/06\/alejandro-verdejo-2.jpg?w=720&amp;ssl=1 720w, https:\/\/i0.wp.com\/miradordeatarfe.es\/wp-content\/uploads\/2019\/06\/alejandro-verdejo-2.jpg?resize=225%2C300&amp;ssl=1 225w, https:\/\/i0.wp.com\/miradordeatarfe.es\/wp-content\/uploads\/2019\/06\/alejandro-verdejo-2.jpg?resize=600%2C800&amp;ssl=1 600w\" sizes=\"auto, (max-width: 640px) 100vw, 640px\" \/><figcaption>VERDEJO<\/figcaption><\/figure><\/li><li class=\"blocks-gallery-item\"><figure><img data-recalc-dims=\"1\" loading=\"lazy\" decoding=\"async\" width=\"620\" height=\"828\" src=\"https:\/\/i0.wp.com\/miradordeatarfe.es\/wp-content\/uploads\/2019\/06\/victor-espinola-2.jpg?resize=620%2C828&#038;ssl=1\" alt=\"\" data-id=\"32997\" data-link=\"https:\/\/miradordeatarfe.es\/?attachment_id=32997\" class=\"wp-image-32997\" srcset=\"https:\/\/i0.wp.com\/miradordeatarfe.es\/wp-content\/uploads\/2019\/06\/victor-espinola-2.jpg?w=620&amp;ssl=1 620w, https:\/\/i0.wp.com\/miradordeatarfe.es\/wp-content\/uploads\/2019\/06\/victor-espinola-2.jpg?resize=225%2C300&amp;ssl=1 225w, https:\/\/i0.wp.com\/miradordeatarfe.es\/wp-content\/uploads\/2019\/06\/victor-espinola-2.jpg?resize=600%2C801&amp;ssl=1 600w\" sizes=\"auto, (max-width: 620px) 100vw, 620px\" \/><figcaption> V\u00edctor Espinola <\/figcaption><\/figure><\/li><li class=\"blocks-gallery-item\"><figure><img data-recalc-dims=\"1\" loading=\"lazy\" decoding=\"async\" width=\"620\" height=\"828\" src=\"https:\/\/i0.wp.com\/miradordeatarfe.es\/wp-content\/uploads\/2019\/06\/sergio-caballero-2.jpg?resize=620%2C828&#038;ssl=1\" alt=\"\" data-id=\"32998\" data-link=\"https:\/\/miradordeatarfe.es\/?attachment_id=32998\" class=\"wp-image-32998\" srcset=\"https:\/\/i0.wp.com\/miradordeatarfe.es\/wp-content\/uploads\/2019\/06\/sergio-caballero-2.jpg?w=620&amp;ssl=1 620w, https:\/\/i0.wp.com\/miradordeatarfe.es\/wp-content\/uploads\/2019\/06\/sergio-caballero-2.jpg?resize=225%2C300&amp;ssl=1 225w, https:\/\/i0.wp.com\/miradordeatarfe.es\/wp-content\/uploads\/2019\/06\/sergio-caballero-2.jpg?resize=600%2C801&amp;ssl=1 600w\" sizes=\"auto, (max-width: 620px) 100vw, 620px\" \/><figcaption> Sergio Caballero. <\/figcaption><\/figure><\/li><li class=\"blocks-gallery-item\"><figure><img data-recalc-dims=\"1\" loading=\"lazy\" decoding=\"async\" width=\"640\" height=\"853\" src=\"https:\/\/i0.wp.com\/miradordeatarfe.es\/wp-content\/uploads\/2019\/06\/juanse-2.jpg?resize=640%2C853&#038;ssl=1\" alt=\"\" data-id=\"33002\" data-link=\"https:\/\/miradordeatarfe.es\/?attachment_id=33002\" class=\"wp-image-33002\" srcset=\"https:\/\/i0.wp.com\/miradordeatarfe.es\/wp-content\/uploads\/2019\/06\/juanse-2.jpg?w=720&amp;ssl=1 720w, https:\/\/i0.wp.com\/miradordeatarfe.es\/wp-content\/uploads\/2019\/06\/juanse-2.jpg?resize=225%2C300&amp;ssl=1 225w, https:\/\/i0.wp.com\/miradordeatarfe.es\/wp-content\/uploads\/2019\/06\/juanse-2.jpg?resize=600%2C800&amp;ssl=1 600w\" sizes=\"auto, (max-width: 640px) 100vw, 640px\" \/><figcaption>JUANSE<br><\/figcaption><\/figure><\/li><\/ul>\n\n\n\n<p>Y ESTOS LOS JUGADORES CONOCIDOS QUE HAN RENOVADO: <\/p>\n\n\n\n<ul class=\"wp-block-gallery columns-3 is-cropped wp-block-gallery-2 is-layout-flex wp-block-gallery-is-layout-flex\"><li class=\"blocks-gallery-item\"><figure><img data-recalc-dims=\"1\" loading=\"lazy\" decoding=\"async\" width=\"640\" height=\"853\" src=\"https:\/\/i0.wp.com\/miradordeatarfe.es\/wp-content\/uploads\/2019\/06\/marcos-toro-1.jpg?resize=640%2C853&#038;ssl=1\" alt=\"\" data-id=\"33000\" data-link=\"https:\/\/miradordeatarfe.es\/?attachment_id=33000\" class=\"wp-image-33000\" srcset=\"https:\/\/i0.wp.com\/miradordeatarfe.es\/wp-content\/uploads\/2019\/06\/marcos-toro-1.jpg?w=720&amp;ssl=1 720w, https:\/\/i0.wp.com\/miradordeatarfe.es\/wp-content\/uploads\/2019\/06\/marcos-toro-1.jpg?resize=225%2C300&amp;ssl=1 225w, https:\/\/i0.wp.com\/miradordeatarfe.es\/wp-content\/uploads\/2019\/06\/marcos-toro-1.jpg?resize=600%2C800&amp;ssl=1 600w\" sizes=\"auto, (max-width: 640px) 100vw, 640px\" \/><figcaption>MARCOS<\/figcaption><\/figure><\/li><li class=\"blocks-gallery-item\"><figure><img data-recalc-dims=\"1\" loading=\"lazy\" decoding=\"async\" width=\"620\" height=\"828\" src=\"https:\/\/i0.wp.com\/miradordeatarfe.es\/wp-content\/uploads\/2019\/06\/jimena-1.jpg?resize=620%2C828&#038;ssl=1\" alt=\"\" data-id=\"33001\" data-link=\"https:\/\/miradordeatarfe.es\/?attachment_id=33001\" class=\"wp-image-33001\" srcset=\"https:\/\/i0.wp.com\/miradordeatarfe.es\/wp-content\/uploads\/2019\/06\/jimena-1.jpg?w=620&amp;ssl=1 620w, https:\/\/i0.wp.com\/miradordeatarfe.es\/wp-content\/uploads\/2019\/06\/jimena-1.jpg?resize=225%2C300&amp;ssl=1 225w, https:\/\/i0.wp.com\/miradordeatarfe.es\/wp-content\/uploads\/2019\/06\/jimena-1.jpg?resize=600%2C801&amp;ssl=1 600w\" sizes=\"auto, (max-width: 620px) 100vw, 620px\" \/><figcaption>JIMENA<\/figcaption><\/figure><\/li><li class=\"blocks-gallery-item\"><figure><img data-recalc-dims=\"1\" loading=\"lazy\" decoding=\"async\" width=\"640\" height=\"937\" src=\"https:\/\/i0.wp.com\/miradordeatarfe.es\/wp-content\/uploads\/2019\/06\/62218344_2429279693970605_8327002170222182400_n-1.jpg?resize=640%2C937&#038;ssl=1\" alt=\"\" data-id=\"33003\" data-link=\"https:\/\/miradordeatarfe.es\/?attachment_id=33003\" class=\"wp-image-33003\" srcset=\"https:\/\/i0.wp.com\/miradordeatarfe.es\/wp-content\/uploads\/2019\/06\/62218344_2429279693970605_8327002170222182400_n-1.jpg?w=656&amp;ssl=1 656w, https:\/\/i0.wp.com\/miradordeatarfe.es\/wp-content\/uploads\/2019\/06\/62218344_2429279693970605_8327002170222182400_n-1.jpg?resize=205%2C300&amp;ssl=1 205w, https:\/\/i0.wp.com\/miradordeatarfe.es\/wp-content\/uploads\/2019\/06\/62218344_2429279693970605_8327002170222182400_n-1.jpg?resize=600%2C878&amp;ssl=1 600w\" sizes=\"auto, (max-width: 640px) 100vw, 640px\" \/><figcaption>ADRI<\/figcaption><\/figure><\/li><li class=\"blocks-gallery-item\"><figure><img data-recalc-dims=\"1\" loading=\"lazy\" decoding=\"async\" width=\"640\" height=\"853\" src=\"https:\/\/i0.wp.com\/miradordeatarfe.es\/wp-content\/uploads\/2019\/06\/62307071_2429279737303934_5136835011193864192_n-1.jpg?resize=640%2C853&#038;ssl=1\" alt=\"\" data-id=\"33004\" data-link=\"https:\/\/miradordeatarfe.es\/?attachment_id=33004\" class=\"wp-image-33004\" srcset=\"https:\/\/i0.wp.com\/miradordeatarfe.es\/wp-content\/uploads\/2019\/06\/62307071_2429279737303934_5136835011193864192_n-1.jpg?w=720&amp;ssl=1 720w, https:\/\/i0.wp.com\/miradordeatarfe.es\/wp-content\/uploads\/2019\/06\/62307071_2429279737303934_5136835011193864192_n-1.jpg?resize=225%2C300&amp;ssl=1 225w, https:\/\/i0.wp.com\/miradordeatarfe.es\/wp-content\/uploads\/2019\/06\/62307071_2429279737303934_5136835011193864192_n-1.jpg?resize=600%2C800&amp;ssl=1 600w\" sizes=\"auto, (max-width: 640px) 100vw, 640px\" \/><figcaption>ALEX<\/figcaption><\/figure><\/li><li class=\"blocks-gallery-item\"><figure><img data-recalc-dims=\"1\" loading=\"lazy\" decoding=\"async\" width=\"640\" height=\"853\" src=\"https:\/\/i0.wp.com\/miradordeatarfe.es\/wp-content\/uploads\/2019\/06\/juanma-y-najib-2.jpg?resize=640%2C853&#038;ssl=1\" alt=\"\" data-id=\"33005\" data-link=\"https:\/\/miradordeatarfe.es\/?attachment_id=33005\" class=\"wp-image-33005\" srcset=\"https:\/\/i0.wp.com\/miradordeatarfe.es\/wp-content\/uploads\/2019\/06\/juanma-y-najib-2.jpg?w=720&amp;ssl=1 720w, https:\/\/i0.wp.com\/miradordeatarfe.es\/wp-content\/uploads\/2019\/06\/juanma-y-najib-2.jpg?resize=225%2C300&amp;ssl=1 225w, https:\/\/i0.wp.com\/miradordeatarfe.es\/wp-content\/uploads\/2019\/06\/juanma-y-najib-2.jpg?resize=600%2C800&amp;ssl=1 600w\" sizes=\"auto, (max-width: 640px) 100vw, 640px\" \/><figcaption>JUANMA Y NAJIB<\/figcaption><\/figure><\/li><\/ul>\n","protected":false},"excerpt":{"rendered":"<p>ESTOS SON LOS FICHAJES Y RENOVACIONES (HASTA AHORA) QUE EL ATARFE INDUSTRIAL HA PUBLICADO EN&#8230;<\/p>\n","protected":false},"author":1,"featured_media":32993,"comment_status":"closed","ping_status":"closed","sticky":false,"template":"","format":"standard","meta":{"_coblocks_attr":"","_coblocks_dimensions":"","_coblocks_responsive_height":"","_coblocks_accordion_ie_support":"","jetpack_post_was_ever_published":false,"_jetpack_newsletter_access":"","_jetpack_dont_email_post_to_subs":false,"_jetpack_newsletter_tier_id":0,"_jetpack_memberships_contains_paywalled_content":false,"_jetpack_memberships_contains_paid_content":false,"footnotes":"","jetpack_publicize_message":"","jetpack_publicize_feature_enabled":true,"jetpack_social_post_already_shared":false,"jetpack_social_options":{"image_generator_settings":{"template":"highway","default_image_id":0,"enabled":false},"version":2}},"categories":[2,182,186,44,15],"tags":[4389,123,5136,666],"class_list":["post-32995","post","type-post","status-publish","format-standard","has-post-thumbnail","hentry","category-atarfe","category-deportes","category-instituciones","category-noticias-de-hoy","category-ultimas-noticias","tag-atarfe-industrial-c-f","tag-deportes","tag-fichajes","tag-futbol"],"jetpack_publicize_connections":[],"jetpack_featured_media_url":"https:\/\/i0.wp.com\/miradordeatarfe.es\/wp-content\/uploads\/2019\/06\/26240455_2077759769122601_8397397378559196273_o.jpg?fit=1600%2C903&ssl=1","jetpack_likes_enabled":true,"jetpack_sharing_enabled":true,"_links":{"self":[{"href":"https:\/\/miradordeatarfe.es\/index.php?rest_route=\/wp\/v2\/posts\/32995","targetHints":{"allow":["GET"]}}],"collection":[{"href":"https:\/\/miradordeatarfe.es\/index.php?rest_route=\/wp\/v2\/posts"}],"about":[{"href":"https:\/\/miradordeatarfe.es\/index.php?rest_route=\/wp\/v2\/types\/post"}],"author":[{"embeddable":true,"href":"https:\/\/miradordeatarfe.es\/index.php?rest_route=\/wp\/v2\/users\/1"}],"replies":[{"embeddable":true,"href":"https:\/\/miradordeatarfe.es\/index.php?rest_route=%2Fwp%2Fv2%2Fcomments&post=32995"}],"version-history":[{"count":1,"href":"https:\/\/miradordeatarfe.es\/index.php?rest_route=\/wp\/v2\/posts\/32995\/revisions"}],"predecessor-version":[{"id":33006,"href":"https:\/\/miradordeatarfe.es\/index.php?rest_route=\/wp\/v2\/posts\/32995\/revisions\/33006"}],"wp:featuredmedia":[{"embeddable":true,"href":"https:\/\/miradordeatarfe.es\/index.php?rest_route=\/wp\/v2\/media\/32993"}],"wp:attachment":[{"href":"https:\/\/miradordeatarfe.es\/index.php?rest_route=%2Fwp%2Fv2%2Fmedia&parent=32995"}],"wp:term":[{"taxonomy":"category","embeddable":true,"href":"https:\/\/miradordeatarfe.es\/index.php?rest_route=%2Fwp%2Fv2%2Fcategories&post=32995"},{"taxonomy":"post_tag","embeddable":true,"href":"https:\/\/miradordeatarfe.es\/index.php?rest_route=%2Fwp%2Fv2%2Ftags&post=32995"}],"curies":[{"name":"wp","href":"https:\/\/api.w.org\/{rel}","templated":true}]}}