{"id":33010,"date":"2019-06-29T09:23:12","date_gmt":"2019-06-29T07:23:12","guid":{"rendered":"http:\/\/miradordeatarfe.es\/?p=33010"},"modified":"2019-06-27T15:26:48","modified_gmt":"2019-06-27T13:26:48","slug":"el-desgobierno","status":"publish","type":"post","link":"https:\/\/miradordeatarfe.es\/?p=33010","title":{"rendered":"El desgobierno"},"content":{"rendered":"\n<h4 class=\"wp-block-heading\">La moraleja que se \ndeduce de la experiencia de estos \u00faltimos cuatro a\u00f1os es clara. No basta\n una mayor\u00eda de investidura si tal mayor\u00eda descansa en la abstenci\u00f3n<\/h4>\n\n\n\n<h1 class=\"wp-block-heading\">                                      <\/h1>\n\n\n\n<p>La\n mayor\u00eda de investidura tiene que ser tambi\u00e9n mayor\u00eda de gobierno y una \nmayor\u00eda de este tipo no se construye con abstenciones, sino con acuerdos\n en positivo<\/p>\n\n\n\n<p>Llevamos cuatro a\u00f1os sin \nGobierno. Desde las elecciones de diciembre de 2015 no se ha constituido\n ninguna mayor\u00eda de Gobierno que diera consistencia y estabilidad al \nproceso de direcci\u00f3n pol\u00edtica del pa\u00eds. En la legislatura que se inici\u00f3 \nel 20 de diciembre asistimos por primera vez a la renuncia a intentar \nformar gobierno por el candidato designado por el Rey y al intento de \nformar uno por el candidato del PSOE, que hab\u00eda obtenido el peor \nresultado electoral desde 1979. La no investidura de este \u00faltimo condujo\n a la primera disoluci\u00f3n por este motivo no solo en la democracia \nespa\u00f1ola, sino en toda la democracia europea.<\/p>\n\n\n\n<p>En\n la legislatura que se inici\u00f3 con las elecciones de julio de 2016, se \nevit\u00f3 la repetici\u00f3n de las elecciones por la abstenci\u00f3n del PSOE, lo que\n conllev\u00f3 la dimisi\u00f3n del Secretario General, Pedro S\u00e1nchez, que \nabandon\u00f3 asimismo su esca\u00f1o en el Congreso. Mariano Rajoy conseguir\u00eda de\n esta manera una mayor\u00eda de investidura, pero no una mayor\u00eda de \ngobierno. Ocup\u00f3 la presidencia del Gobierno, pero no pudo desarrollar la\n acci\u00f3n de gobierno. Se preocup\u00f3 m\u00e1s de obstaculizar las proposiciones \nde ley de la mayor\u00eda parlamentaria heterog\u00e9nea que estaba en la \noposici\u00f3n, por lo que fue reprobado incluso por el Tribunal \nConstitucional, que de remitir proyectos de ley a las Cortes para su \naprobaci\u00f3n. Solo consigui\u00f3 la aprobaci\u00f3n de unos Presupuestos Generales \ndel Estado, incumpli\u00e9ndose el principio de anualidad presupuestaria \nexigido desde la Constituci\u00f3n de C\u00e1diz. Y al final, tras la sentencia de\n la Audiencia Nacional sobre el caso G\u00fcrtel, fue expulsado por una \nmoci\u00f3n de censura, que condujo a la Moncloa a Pedro S\u00e1nchez a partir de \nun grupo Parlamentario de 84 diputados. Hubo una mayor\u00eda de \ndesinvestidura de Mariano Rajoy, pero no una mayor\u00eda de investidura de \nPedro S\u00e1nchez, que sobrevivi\u00f3 a base de dictar decretos-leyes y \nconseguir aprobar unos Presupuestos que hab\u00edan sido pactados por Mariano\n Rajoy con el PNV, que se comprometi\u00f3 a apoyar la moci\u00f3n de censura, si \nel nuevo presidente respetaba el pacto presupuestario alcanzado con el \npresidente anterior. Parece una broma, pero as\u00ed fue.<\/p>\n\n\n\n<figure><iframe width=\"1\" height=\"1\"><\/iframe><\/figure>\n\n\n\n<p>&nbsp;Una mayor\u00eda conseguida con base en las abstenciones es \npan para hoy y hambre para ma\u00f1ana. Hay que definir un programa y hay que\n formar un Gobierno que se encargue de ponerlo en pr\u00e1ctica. Lo \ncontrario, es no tener gobierno.<\/p>\n\n\n\n<p>Da la impresi\u00f3n de \nque la legislatura que acaba de abrirse con las elecciones del 28A \ncamina en la misma direcci\u00f3n que las dos anteriores: la non-nata de \ndiciembre de 2015 y la corta legislatura del 26 de julio de 2016 al 28 \nde abril de 2019. Ya se est\u00e1 empezando a hablar de repetici\u00f3n de \nelecciones, como ocurri\u00f3 tras diciembre de 2015 y para la investidura de\n Pedro S\u00e1nchez se est\u00e1 poniendo el \u00e9nfasis en la abstenci\u00f3n del PP y, \nsobre todo, de Ciudadanos, que, con buen criterio, se niegan.<\/p>\n\n\n\n<p>La  mayor\u00eda que se pod\u00eda constituir en positivo con base en la aritm\u00e9tica  parlamentaria resultante del 28A, una mayor\u00eda de izquierda de PSOE y  Unidas-Podemos que podr\u00eda ser completada con la aportaci\u00f3n de los  nacionalismos catal\u00e1n y vasco, como ha ocurrido recurrentemente en el  pasado, est\u00e1 enred\u00e1ndose en una discusi\u00f3n bizantina sobre si son galgos,  gobierno de coalici\u00f3n, o podencos, gobierno de cooperaci\u00f3n, que parece  que va a llevarnos a una primera investidura fallida. Una vez que los  militantes socialistas le dejaron claro a Pedro S\u00e1nchez la noche  electoral que \u00abcon Rivera NO\u00bb y que el propio Rivera se haya encargado  de inhabilitarse para poder formar gobierno con Pedro S\u00e1nchez, no hay  alternativa al Gobierno de izquierda. Si no se entiende as\u00ed, la nueva  legislatura prolongar\u00e1 el desgobierno de las dos anteriores.<\/p>\n\n\n\n<p><a href=\"https:\/\/www.eldiario.es\/autores\/javier_perez_royo\/\">Javier  P\u00e9rez Royo<\/a><\/p>\n\n\n\n<p><a href=\"https:\/\/www.eldiario.es\/zonacritica\/desgobierno_6_914168610.html\">https:\/\/www.eldiario.es\/zonacritica\/desgobierno_6_914168610.html<\/a><\/p>\n","protected":false},"excerpt":{"rendered":"<p>La moraleja que se deduce de la experiencia de estos \u00faltimos cuatro a\u00f1os es clara&#8230;.<\/p>\n","protected":false},"author":1,"featured_media":33011,"comment_status":"closed","ping_status":"closed","sticky":false,"template":"","format":"standard","meta":{"_coblocks_attr":"","_coblocks_dimensions":"","_coblocks_responsive_height":"","_coblocks_accordion_ie_support":"","jetpack_post_was_ever_published":false,"_jetpack_newsletter_access":"","_jetpack_dont_email_post_to_subs":false,"_jetpack_newsletter_tier_id":0,"_jetpack_memberships_contains_paywalled_content":false,"_jetpack_memberships_contains_paid_content":false,"footnotes":"","jetpack_publicize_message":"","jetpack_publicize_feature_enabled":true,"jetpack_social_post_already_shared":false,"jetpack_social_options":{"image_generator_settings":{"template":"highway","default_image_id":0,"enabled":false},"version":2}},"categories":[1161,186,44,15],"tags":[906,171,725,688],"class_list":["post-33010","post","type-post","status-publish","format-standard","has-post-thumbnail","hentry","category-ciudadania","category-instituciones","category-noticias-de-hoy","category-ultimas-noticias","tag-acuerdos","tag-elecciones","tag-espana","tag-pactos"],"jetpack_publicize_connections":[],"jetpack_featured_media_url":"https:\/\/i0.wp.com\/miradordeatarfe.es\/wp-content\/uploads\/2019\/06\/Grupo-CC-PRC-EH-PSOE_EDIIMA20190613_0876_19.jpg?fit=643%2C362&ssl=1","jetpack_likes_enabled":true,"jetpack_sharing_enabled":true,"_links":{"self":[{"href":"https:\/\/miradordeatarfe.es\/index.php?rest_route=\/wp\/v2\/posts\/33010","targetHints":{"allow":["GET"]}}],"collection":[{"href":"https:\/\/miradordeatarfe.es\/index.php?rest_route=\/wp\/v2\/posts"}],"about":[{"href":"https:\/\/miradordeatarfe.es\/index.php?rest_route=\/wp\/v2\/types\/post"}],"author":[{"embeddable":true,"href":"https:\/\/miradordeatarfe.es\/index.php?rest_route=\/wp\/v2\/users\/1"}],"replies":[{"embeddable":true,"href":"https:\/\/miradordeatarfe.es\/index.php?rest_route=%2Fwp%2Fv2%2Fcomments&post=33010"}],"version-history":[{"count":1,"href":"https:\/\/miradordeatarfe.es\/index.php?rest_route=\/wp\/v2\/posts\/33010\/revisions"}],"predecessor-version":[{"id":33012,"href":"https:\/\/miradordeatarfe.es\/index.php?rest_route=\/wp\/v2\/posts\/33010\/revisions\/33012"}],"wp:featuredmedia":[{"embeddable":true,"href":"https:\/\/miradordeatarfe.es\/index.php?rest_route=\/wp\/v2\/media\/33011"}],"wp:attachment":[{"href":"https:\/\/miradordeatarfe.es\/index.php?rest_route=%2Fwp%2Fv2%2Fmedia&parent=33010"}],"wp:term":[{"taxonomy":"category","embeddable":true,"href":"https:\/\/miradordeatarfe.es\/index.php?rest_route=%2Fwp%2Fv2%2Fcategories&post=33010"},{"taxonomy":"post_tag","embeddable":true,"href":"https:\/\/miradordeatarfe.es\/index.php?rest_route=%2Fwp%2Fv2%2Ftags&post=33010"}],"curies":[{"name":"wp","href":"https:\/\/api.w.org\/{rel}","templated":true}]}}