{"id":33017,"date":"2019-06-28T10:34:58","date_gmt":"2019-06-28T08:34:58","guid":{"rendered":"http:\/\/miradordeatarfe.es\/?p=33017"},"modified":"2019-06-27T16:03:03","modified_gmt":"2019-06-27T14:03:03","slug":"por-que-los-coches-deberian-ser-electricos","status":"publish","type":"post","link":"https:\/\/miradordeatarfe.es\/?p=33017","title":{"rendered":"Por qu\u00e9 los coches deber\u00edan ser el\u00e9ctricos"},"content":{"rendered":"\n<p>Los\n coches el\u00e9ctricos ya no son una rareza, y seguramente los hayas visto \npor tu ciudad. La intuici\u00f3n nos dice que un coche que no echa humo por \nel escape es mejor para el planeta. Pero la pregunta que nos hacemos es:\n si todos los coches fueran el\u00e9ctricos \u00bfconseguir\u00edamos evitar el cambio \nclim\u00e1tico?<\/p>\n\n\n\n<p>La respuesta es que solo con hacer este cambio no ser\u00eda suficiente. Pero puede que sea absolutamente necesario.<\/p>\n\n\n\n<p>Antes\n vamos a dejar clara una cosa, por si tu primo a\u00fan tiene dudas. El 98% \nde los cient\u00edficos consideran probado que la temperatura del planeta <a href=\"https:\/\/climate.nasa.gov\/evidence\/\"> est\u00e1 subiendo debido a la actividad humana <\/a>. La temperatura media ya ha aumentado en 1,4 grados desde los niveles preindustriales, y esto ha sido suficiente para <a href=\"https:\/\/www.youtube.com\/watch?v=Vj1G9gqhkYA\"> derretir el Polo Norte en solo 50 a\u00f1os <\/a>. Las consecuencias van mucho m\u00e1s all\u00e1: sequ\u00edas, inundaciones, hambre, guerra, puede que extinci\u00f3n.<\/p>\n\n\n\n<p>Los\n culpables del calentamiento son los gases de efecto invernadero que \nproduce la actividad humana. El m\u00e1s importantes es el CO2, que sobre \ntodo se emite al quemar cosas, desde gasolina hasta \u00e1rboles.<\/p>\n\n\n\n<p>Hay\n otros gases, como el metano, emitido por la agricultura y la ganader\u00eda,\n y los hidrofluorocarbonos, que tienen a\u00fan un mayor efecto sobre el \ncalentamiento. Pero mientras estos otros gases se han mantenido \nconstantes en los \u00faltimos a\u00f1os, o han descendido, el CO2 <a href=\"https:\/\/www.pbl.nl\/en\/infographic\/global-greenhouse-gas-emissions-per-type-of-gas-and-source-including-lulucf\"> no ha hecho m\u00e1s que aumentar <\/a>.<\/p>\n\n\n\n<p>\u00bfDe d\u00f3nde sale todo ese CO2?<\/p>\n\n\n\n<p>Las emisiones de CO2 <a href=\"https:\/\/www.epa.gov\/ghgemissions\/global-greenhouse-gas-emissions-data\"> est\u00e1n repartidas as\u00ed <\/a>.\n China produce una tercera parte. Estados unidos un 15%, Europa un 9%. \nSiguen la Uni\u00f3n Europea, India, Rusia, y Jap\u00f3n. El resto del mundo solo \nproduce un tercio.<\/p>\n\n\n\n<p>El problema es que mientras las emisiones en Europa y EEUU se han frenado, <a href=\"https:\/\/ourworldindata.org\/grapher\/annual-co-emissions-by-region\"> las de Asia se han triplicado en las \u00faltimas d\u00e9cadas <\/a>. El desarrollo de pa\u00edses como China o la India supone m\u00e1s consumo de energ\u00eda, y m\u00e1s CO2.<\/p>\n\n\n\n<p>Pero, \u00bfqu\u00e9 parte tienen los coches en todas estas emisiones?<\/p>\n\n\n\n<p>En todo el mundo, la actividad que m\u00e1s gases de efecto invernadero produce es <a href=\"https:\/\/www.epa.gov\/ghgemissions\/global-greenhouse-gas-emissions-data\"> la generaci\u00f3n de energ\u00eda, es decir, la electricidad <\/a>.\n Esto se debe a que los paises que m\u00e1s contaminan, especialmente China, \nEstados Unidos y la India, producen mucha de su electricidad quemando \ncarb\u00f3n.<\/p>\n\n\n\n<p>Puede parecer que eliminando las centrales \nsucias solucionamos el problema, pero Alemania nos demuestra que esto \ntampoco basta. En 2007 Alemania anunci\u00f3 que para 2020 reducir\u00eda sus \nemisiones en un 40%.<\/p>\n\n\n\n<p>Los alemanes han gastado 500.000 \nmillones de euros eliminando centrales de carb\u00f3n y apostando por las \nenerg\u00edas renovables. En diez a\u00f1os ha habido una reducci\u00f3n importante, \npero <a href=\"https:\/\/www.bloomberg.com\/graphics\/2018-germany-emissions\/\"> no han conseguido <\/a> llegar al objetivo. Lo que ha ocurrido es que en ese mismo tiempo Alemania ha a\u00f1adido hay <strong>cinco millones m\u00e1s de coches<\/strong> a sus carreteras. Solo los coches son ya el 20% de las emisiones.<\/p>\n\n\n\n<p>Podr\u00edamos pensar que los aviones y barcos contaminan mucho m\u00e1s, pero en realidad son muy pocos. En Europa y Estados Unidos <a href=\"https:\/\/ec.europa.eu\/clima\/policies\/transport_en\">el transporte por carretera supone las tres cuartas partes<\/a> del CO2.<\/p>\n\n\n\n<p>Y\n no olvidemos que los motores de gasolina no solo se encuentran en los \ncoches. Est\u00e1n en los tractores y cosechadoras usados en la agricultura, y\n tambi\u00e9n las excavadoras, apisonadoras, generadores y maquinaria de la \nindustria.<\/p>\n\n\n\n<p>As\u00ed que aunque el transporte solo tenga el 14% de las emisiones, <strong>sumando todos motores de gasolina, se calcula que son responsables del 40% del CO2 emitido<\/strong>.<\/p>\n\n\n\n<p>Todos esos motores podr\u00edan ser el\u00e9ctricos.<\/p>\n\n\n\n<p>En un <a href=\"https:\/\/europeanclimate.org\/wp-content\/uploads\/2018\/02\/Fuelling-Europes-Future-2018-v1.0.pdf\"> informe de la Fundaci\u00f3n Europea del Clima <\/a> se calcula que con este cambio podr\u00edamos llegar a las emisiones cero en 2050. Hay dos obst\u00e1culos.<\/p>\n\n\n\n<p>El\n primero son las bater\u00edas. Con la tecnolog\u00eda actual, la fabricaci\u00f3n de \nlas bater\u00edas emite una gran cantidad de CO2 a la atm\u00f3sfera. Hay nuevas <a href=\"https:\/\/www.sciencedirect.com\/science\/article\/abs\/pii\/S0378775318306712\"> patentes muy prometedoras <\/a> y poco contaminantes, pero faltan unos a\u00f1os para que terminen de desarrollarse.<\/p>\n\n\n\n<p>El otro obst\u00e1culo es la producci\u00f3n de energ\u00eda limpia. Un coche el\u00e9ctrico no emite CO2, pero <strong>si le sumamos lo que emiten las centrales el\u00e9ctricas<\/strong>, \u00bfcontaminar\u00eda m\u00e1s o menos que un coche de gasolina?<\/p>\n\n\n\n<p>En la <a href=\"http:\/\/umich.edu\/~umtriswt\/PDF\/SWT-2017-18.pdf\"> la Universidad de Michigan <\/a>\n compararon 141 pa\u00edses para responder a esta pregunta. En Albania casi \ntoda la electricidad la producen centrales hidroel\u00e9ctricas, as\u00ed que los \ncoches el\u00e9ctrico consumir\u00edan el equivalente a 0,05 litros de gasolina a \nlos 100 Km. En Francia, donde la mayor parte de la electricidad es \nnuclear y sin emisiones, el consumo del coche el\u00e9ctrico equivale a 0,4 \nlitros. En Espa\u00f1a la energ\u00eda el\u00e9ctrica no es tan limpia, y subir\u00eda a 2,9\n litros. La energ\u00eda el\u00e9ctrica m\u00e1s sucia est\u00e1 en sitios como Niger o \nSudan, con centrales de carb\u00f3n, y all\u00ed un coche el\u00e9ctrico consume en \ntotal m\u00e1s que uno de gasolina.<\/p>\n\n\n\n<p>Es decir, <strong>si la producci\u00f3n de energ\u00eda es limpia, los coches el\u00e9ctricos son limpios<\/strong>. Pero tienen que ocurrir las dos cosas a la vez.<\/p>\n\n\n\n<p>No nos queda mucho tiempo. La otra pieza que falta es empezar a plantar \u00e1rboles. Pero de esto hablaremos otro d\u00eda.<\/p>\n\n\n\n<p><a href=\"https:\/\/www.eldiario.es\/autores\/dario_pescador\/\">Dar\u00edo Pescador<\/a><\/p>\n\n\n\n<p><a href=\"https:\/\/www.eldiario.es\/comoyporque\/coches-deberian-electricos_0_913759288.html\">https:\/\/www.eldiario.es\/comoyporque\/coches-deberian-electricos_0_913759288.html<\/a><\/p>\n","protected":false},"excerpt":{"rendered":"<p>Los coches el\u00e9ctricos ya no son una rareza, y seguramente los hayas visto por tu&#8230;<\/p>\n","protected":false},"author":1,"featured_media":33018,"comment_status":"closed","ping_status":"closed","sticky":false,"template":"","format":"standard","meta":{"_coblocks_attr":"","_coblocks_dimensions":"","_coblocks_responsive_height":"","_coblocks_accordion_ie_support":"","jetpack_post_was_ever_published":false,"_jetpack_newsletter_access":"","_jetpack_dont_email_post_to_subs":false,"_jetpack_newsletter_tier_id":0,"_jetpack_memberships_contains_paywalled_content":false,"_jetpack_memberships_contains_paid_content":false,"footnotes":"","jetpack_publicize_message":"","jetpack_publicize_feature_enabled":true,"jetpack_social_post_already_shared":false,"jetpack_social_options":{"image_generator_settings":{"template":"highway","default_image_id":0,"enabled":false},"version":2}},"categories":[1161,186,44,15],"tags":[3998,4844,116,6217],"class_list":["post-33017","post","type-post","status-publish","format-standard","has-post-thumbnail","hentry","category-ciudadania","category-instituciones","category-noticias-de-hoy","category-ultimas-noticias","tag-baterias","tag-coches-electricos","tag-electricidad","tag-enrgia"],"jetpack_publicize_connections":[],"jetpack_featured_media_url":"https:\/\/i0.wp.com\/miradordeatarfe.es\/wp-content\/uploads\/2019\/06\/coches_electricos_8.jpg?fit=634%2C324&ssl=1","jetpack_likes_enabled":true,"jetpack_sharing_enabled":true,"_links":{"self":[{"href":"https:\/\/miradordeatarfe.es\/index.php?rest_route=\/wp\/v2\/posts\/33017","targetHints":{"allow":["GET"]}}],"collection":[{"href":"https:\/\/miradordeatarfe.es\/index.php?rest_route=\/wp\/v2\/posts"}],"about":[{"href":"https:\/\/miradordeatarfe.es\/index.php?rest_route=\/wp\/v2\/types\/post"}],"author":[{"embeddable":true,"href":"https:\/\/miradordeatarfe.es\/index.php?rest_route=\/wp\/v2\/users\/1"}],"replies":[{"embeddable":true,"href":"https:\/\/miradordeatarfe.es\/index.php?rest_route=%2Fwp%2Fv2%2Fcomments&post=33017"}],"version-history":[{"count":1,"href":"https:\/\/miradordeatarfe.es\/index.php?rest_route=\/wp\/v2\/posts\/33017\/revisions"}],"predecessor-version":[{"id":33019,"href":"https:\/\/miradordeatarfe.es\/index.php?rest_route=\/wp\/v2\/posts\/33017\/revisions\/33019"}],"wp:featuredmedia":[{"embeddable":true,"href":"https:\/\/miradordeatarfe.es\/index.php?rest_route=\/wp\/v2\/media\/33018"}],"wp:attachment":[{"href":"https:\/\/miradordeatarfe.es\/index.php?rest_route=%2Fwp%2Fv2%2Fmedia&parent=33017"}],"wp:term":[{"taxonomy":"category","embeddable":true,"href":"https:\/\/miradordeatarfe.es\/index.php?rest_route=%2Fwp%2Fv2%2Fcategories&post=33017"},{"taxonomy":"post_tag","embeddable":true,"href":"https:\/\/miradordeatarfe.es\/index.php?rest_route=%2Fwp%2Fv2%2Ftags&post=33017"}],"curies":[{"name":"wp","href":"https:\/\/api.w.org\/{rel}","templated":true}]}}