{"id":33022,"date":"2019-06-28T09:56:39","date_gmt":"2019-06-28T07:56:39","guid":{"rendered":"http:\/\/miradordeatarfe.es\/?p=33022"},"modified":"2019-06-27T16:02:55","modified_gmt":"2019-06-27T14:02:55","slug":"las-jovenes-ninis-son-mas-numerosas-que-los-hombres-en-todos-los-paises-de-la-ue","status":"publish","type":"post","link":"https:\/\/miradordeatarfe.es\/?p=33022","title":{"rendered":"Las j\u00f3venes \u2018ninis\u2019 son m\u00e1s numerosas que los hombres en todos los pa\u00edses de la UE"},"content":{"rendered":"\n<h4 class=\"wp-block-heading\">Una de cada cinco mujeres de entre 20 y 34 a\u00f1os ni estudia ni trabaja, seg\u00fan Eurostat. La raz\u00f3n principal es la maternidad<\/h4>\n\n\n\n<p>Su n\u00famero ha ca\u00eddo conforme Europa se lam\u00eda las heridas de la crisis,\n pero si los j\u00f3venes que ni estudian ni trabajan en la Uni\u00f3n Europea \nconformaran un pa\u00eds, todav\u00eda ser\u00eda el noveno m\u00e1s poblado del club \ncomunitario, justo por detr\u00e1s de Holanda. Alrededor de 15 millones de \nciudadanos de entre 20 y 34 a\u00f1os \u2014uno de cada seis\u2014 aparecen este jueves\n incluidos en la <a href=\"https:\/\/ec.europa.eu\/eurostat\/web\/products-eurostat-news\/-\/DDN-20190627-1?inheritRedirect=true&amp;redirect=%2Feurostat%2Fhome%3F\" target=\"_blank\" rel=\"noreferrer noopener\">categor\u00eda de los denominados <em>ninis<\/em> por la agencia estad\u00edstica comunitaria<\/a>,\n un descenso desde el 20,1% de 2013 \u2014su pico m\u00e1s alto\u2014 al 16,5% de 2018.\n El desglose de las cifras muestra sin embargo la persistencia de una \nimportante brecha de g\u00e9nero. \u00abHay una notable diferencia entre la tasa \nde j\u00f3venes mujeres y la de hombres\u00bb, advierte Eurostat. Concretamente, \nsus datos reflejan que el 12,2% de ellos no estaba inmerso en ning\u00fan \nprograma de formaci\u00f3n ni ten\u00eda empleo remunerado, frente al 20,9% de \nellas, casi el doble.<\/p>\n\n\n\n<p>Al\n observar individualmente cada pa\u00eds, el panorama no cambia. En ninguno \nde los Veintiocho Estados miembros la tasa masculina de <em>ninis<\/em> \nes superior, aunque las diferencias son considerables: mientras en \nSuecia, Portugal o B\u00e9lgica los porcentajes est\u00e1n cerca de converger, en \npa\u00edses del centro y Este de Europa como Hungr\u00eda, Eslovaquia, Ruman\u00eda y \nBulgaria la distancia se acent\u00faa. Especialmente chocante es el caso de \nRep\u00fablica Checa, donde, seg\u00fan Eurostat, el porcentaje de hombres que no \nestudia ni trabaja es del 4,6% y el de mujeres del 25,9%.PUBLICIDAD<\/p>\n\n\n\n<figure class=\"wp-block-image\"><img data-recalc-dims=\"1\" decoding=\"async\" src=\"https:\/\/i0.wp.com\/ep01.epimg.net\/sociedad\/imagenes\/2019\/06\/27\/actualidad\/1561626394_327578_1561640945_sumario_normal.png?w=640&#038;ssl=1\" alt=\"Las j\u00f3venes \u2018ninis\u2019 son m\u00e1s numerosas que los hombres en todos los pa\u00edses de la UE\"\/><\/figure>\n\n\n\n<p>Espa\u00f1a, que despu\u00e9s de Grecia es el pa\u00eds con m\u00e1s paro juvenil de la \nUE, es el sexto miembro del club comunitario con mayor tasa total de <em>ninis,<\/em>\n con un 19,6%. Italia encabeza la clasificaci\u00f3n, con el 28,9%, seguida \nde cerca por Grecia. En el otro extremo, Suecia, Holanda, Luxemburgo y \nMalta tienen la incidencia m\u00e1s baja. En el caso espa\u00f1ol, la diferencia \nentre la tasa de hombres (17,1%) y la de mujeres (22,1%) est\u00e1 entre las \nmenos distantes de la UE.<\/p>\n\n\n\n<p>La explicaci\u00f3n a la diferencia de sexos suele aludir a los problemas \npara compaginar la maternidad con otras actividades, pese a que pa\u00edses \ncomo Espa\u00f1a est\u00e1n a la cola en las tasas de fecundidad. \u00abMuchas de ellas\n cuidan a hijos peque\u00f1os y el alto costo de las guarder\u00edas es un fuerte \nobst\u00e1culo para el empleo\u00bb, <a href=\"https:\/\/www.oecd.org\/centrodemexico\/medios\/riesgo-creciente-de-exclusion-social-entre-los-jovenes-que-abandonan-los-estudios-prematuramente-seala-la-ocde.htm\" target=\"_blank\" rel=\"noreferrer noopener\">interpret\u00f3 la OCDE en su informe <em>Panorama de la Sociedad 2016<\/em> al abordar la cuesti\u00f3n.<\/a> Otro an\u00e1lisis del mismo organismo, titulado&nbsp;<em>NEET Youth in the Aftermath of the Crisis: Challenges and Policies<\/em> \u2014<a href=\"file:\/\/\/C:\/Users\/BRUSEL~1\/AppData\/Local\/Temp\/neet-youth.pdf\" target=\"_blank\" rel=\"noreferrer noopener\">Los j\u00f3venes <em>ninis<\/em> despu\u00e9s de la crisis: desaf\u00edos y pol\u00edticas<\/a>\u2014,\n matiza que las razones no est\u00e1n del todo claras, pero insiste en la \nmisma idea. \u00abEs m\u00e1s habitual que las mujeres se queden en casa para realizar trabajo dom\u00e9stico no remunerado. Estos\n patrones son m\u00e1s fuertes en el per\u00edodo posterior al nacimiento del \nni\u00f1o, especialmente si la disponibilidad de oportunidades de trabajo a \ntiempo parcial y el acceso a cuidado infantil asequible es limitado\u00bb, \ndice el texto.<\/p>\n\n\n\n<p>El italiano Massimo Mascherini, investigador de la Fundaci\u00f3n Europea para la Mejora de las Condiciones de Vida y de Trabajo (Eurofound) y autor de varios informes sobre el fen\u00f3meno <em>nini<\/em> comparte esa visi\u00f3n. \u00abDespu\u00e9s\n de tener un hijo las mujeres experimentan dificultades adicionales para\n volver al mercado laboral, y algunas deciden no regresar ya que no \npueden pagar el costo del cuidado de los ni\u00f1os o simplemente no pueden \ncompatibilizar la atenci\u00f3n a los hijos con el trabajo\u00bb. Mascherini \nse\u00f1ala que uno de sus estudios determin\u00f3 que el 90% de los j\u00f3venes que \nno estudian ni trabajan por dedicarse al cuidado de mayores o ni\u00f1os son \nmujeres. \u00abEsto sugiere que dise\u00f1ar pol\u00edticas para reintegrar a madres \nj\u00f3venes en el mercado laboral ser\u00eda muy \u00fatil para disminuir la \nproporci\u00f3n de ninis y cerrar la brecha de empleo entre g\u00e9neros\u00bb, a\u00f1ade.<br><\/p>\n\n\n\n<p>La brecha se reproduce en otros puntos del planeta. <a href=\"https:\/\/elpais.com\/internacional\/2018\/12\/04\/america\/1543937044_452881.html\" target=\"_blank\" rel=\"noreferrer noopener\">Un estudio de la fundaci\u00f3n chilena Espacio P\u00fablico publicado hace seis meses<\/a>\n cifr\u00f3 en el 27% las mujeres j\u00f3venes latinoamericanas que no estudian ni\n trabajan, frente al 14% de los hombres, y destac\u00f3 que se trata de un \nfen\u00f3meno \u00abaltamente feminizado\u00bb, sobre todo en M\u00e9xico, El Salvador y \nBrasil. El informe se\u00f1alaba al embarazo adolescente o el cuidado de los \nfamiliares entre los factores que dejaban a las mujeres fuera de las \naulas y del mercado laboral en mayor medida que a los hombres.<\/p>\n\n\n\n<p><a href=\"https:\/\/elpais.com\/autor\/alvaro_sanchez_lopez\/a\/\">\u00c1lvaro S\u00e1nche<\/a>Z<\/p>\n\n\n\n<p>FOTO:   Una joven utiliza una tablet. Luis Sevillano  <\/p>\n\n\n\n<p><a href=\"https:\/\/miradordeatarfe.es\/wp-admin\/post.php?post=33022&amp;action=edit\">https:\/\/miradordeatarfe.es\/wp-admin\/post.php?post=33022&amp;action=edit<\/a><\/p>\n","protected":false},"excerpt":{"rendered":"<p>Una de cada cinco mujeres de entre 20 y 34 a\u00f1os ni estudia ni trabaja,&#8230;<\/p>\n","protected":false},"author":1,"featured_media":33023,"comment_status":"closed","ping_status":"closed","sticky":false,"template":"","format":"standard","meta":{"_coblocks_attr":"","_coblocks_dimensions":"","_coblocks_responsive_height":"","_coblocks_accordion_ie_support":"","jetpack_post_was_ever_published":false,"_jetpack_newsletter_access":"","_jetpack_dont_email_post_to_subs":false,"_jetpack_newsletter_tier_id":0,"_jetpack_memberships_contains_paywalled_content":false,"_jetpack_memberships_contains_paid_content":false,"footnotes":"","jetpack_publicize_message":"","jetpack_publicize_feature_enabled":true,"jetpack_social_post_already_shared":false,"jetpack_social_options":{"image_generator_settings":{"template":"highway","default_image_id":0,"enabled":false},"version":2}},"categories":[1161,44,15],"tags":[4242,19,1293],"class_list":["post-33022","post","type-post","status-publish","format-standard","has-post-thumbnail","hentry","category-ciudadania","category-noticias-de-hoy","category-ultimas-noticias","tag-maternidad","tag-mujeres","tag-nini"],"jetpack_publicize_connections":[],"jetpack_featured_media_url":"https:\/\/i0.wp.com\/miradordeatarfe.es\/wp-content\/uploads\/2019\/06\/1561626394_327578_1561632669_noticia_normal_recorte1.jpg?fit=1960%2C1193&ssl=1","jetpack_likes_enabled":true,"jetpack_sharing_enabled":true,"_links":{"self":[{"href":"https:\/\/miradordeatarfe.es\/index.php?rest_route=\/wp\/v2\/posts\/33022","targetHints":{"allow":["GET"]}}],"collection":[{"href":"https:\/\/miradordeatarfe.es\/index.php?rest_route=\/wp\/v2\/posts"}],"about":[{"href":"https:\/\/miradordeatarfe.es\/index.php?rest_route=\/wp\/v2\/types\/post"}],"author":[{"embeddable":true,"href":"https:\/\/miradordeatarfe.es\/index.php?rest_route=\/wp\/v2\/users\/1"}],"replies":[{"embeddable":true,"href":"https:\/\/miradordeatarfe.es\/index.php?rest_route=%2Fwp%2Fv2%2Fcomments&post=33022"}],"version-history":[{"count":1,"href":"https:\/\/miradordeatarfe.es\/index.php?rest_route=\/wp\/v2\/posts\/33022\/revisions"}],"predecessor-version":[{"id":33024,"href":"https:\/\/miradordeatarfe.es\/index.php?rest_route=\/wp\/v2\/posts\/33022\/revisions\/33024"}],"wp:featuredmedia":[{"embeddable":true,"href":"https:\/\/miradordeatarfe.es\/index.php?rest_route=\/wp\/v2\/media\/33023"}],"wp:attachment":[{"href":"https:\/\/miradordeatarfe.es\/index.php?rest_route=%2Fwp%2Fv2%2Fmedia&parent=33022"}],"wp:term":[{"taxonomy":"category","embeddable":true,"href":"https:\/\/miradordeatarfe.es\/index.php?rest_route=%2Fwp%2Fv2%2Fcategories&post=33022"},{"taxonomy":"post_tag","embeddable":true,"href":"https:\/\/miradordeatarfe.es\/index.php?rest_route=%2Fwp%2Fv2%2Ftags&post=33022"}],"curies":[{"name":"wp","href":"https:\/\/api.w.org\/{rel}","templated":true}]}}