{"id":33029,"date":"2019-06-30T10:30:16","date_gmt":"2019-06-30T08:30:16","guid":{"rendered":"http:\/\/miradordeatarfe.es\/?p=33029"},"modified":"2019-06-27T16:34:07","modified_gmt":"2019-06-27T14:34:07","slug":"el-ingreso-medio-de-los-espanoles-supera-el-nivel-previo-a-la-crisis-pero-el-riesgo-de-pobreza-no","status":"publish","type":"post","link":"https:\/\/miradordeatarfe.es\/?p=33029","title":{"rendered":"El ingreso medio de los espa\u00f1oles supera el nivel previo a la crisis, pero el riesgo de pobreza no"},"content":{"rendered":"\n<h4 class=\"wp-block-heading\">El 36% de los hogares espa\u00f1oles no ten\u00eda capacidad para afrontar gastos imprevistos<\/h4>\n\n\n\n<p>l ingreso medio por persona en Espa\u00f1a ha superado el bache de la \ncrisis al marcar una subida del 3,1% en el a\u00f1o 2017, hasta los 11.412 \neuros, seg\u00fan la Encuesta de Condiciones de Vida (ECV) publicada hoy por \nel INE. Los datos se refieren a 2017 porque la encuesta de 2018, \npublicada hoy, se realiza sobre las condiciones de vida del a\u00f1o \nanterior. El anterior m\u00e1ximo de ingreso personal se registr\u00f3 en 2008 con\n 11.318 euros, ante de desplomarse un 9,2% entre ese a\u00f1o y 2013.<\/p>\n\n\n\n<p>La\n encuesta muestra tambi\u00e9n la reducci\u00f3n de la desigualdad: el \u00edndice de \nGini baja nueve d\u00e9cimas, el mayor descenso desde la crisis, hasta los \n33,2 puntos. Cuanto m\u00e1s alto es este \u00edndice, mayor es la desigualdad. El\n dato est\u00e1 todav\u00eda por encima del nivel previo a la crisis, 32,9 puntos,\n como tambi\u00e9n lo est\u00e1 la tasa de personas en riesgo de pobreza. el 21,5%\n de la poblaci\u00f3n est\u00e1 por debajo del umbral de riesgo de pobreza \n(ingresos menores al 60% de la renta mediana), nivel similar al del a\u00f1o \nanterior (21,6%) y superior al 20,4% previo a la crisis.&nbsp;<\/p>\n\n\n\n<p>El INE se\u00f1ala, adem\u00e1s, que el 36% de los hogares espa\u00f1oles no ten\u00eda \ncapacidad para afrontar gastos imprevistos el a\u00f1o pasado, frente al \n37,3% de 2017. El organismo considera que los hogares tienen capacidad \npara hacer frente a gastos imprevistos cuando disponen de recursos \npropios para ello, es decir, sin recurrir a pr\u00e9stamos o compras a plazos\n para pagar gastos habituales que antes se liquidaban al contado.<\/p>\n\n\n\n<p>La encuesta revela tambi\u00e9n que el 10,4% de los hogares llegaba a \nfinal de mes con \u00abmucha dificultad\u00bb en 2018, porcentaje que ha aumentado\n 1,1 puntos respecto a 2017. El INE apunta adem\u00e1s que el n\u00famero de \nhogares que no se ha podido permitir ir de vacaciones al menos una \nsemana al a\u00f1o se situ\u00f3 en 2018 en el 34,2%, dos d\u00e9cimas menos que en \n2017.<\/p>\n\n\n\n<p>Seg\u00fan el organismo estad\u00edstico, el 7,3% de los hogares admite que se \nretrasa en los pagos a la hora de abonar gastos relacionados con la \nvivienda principal en los 12 meses anteriores a la encuesta. Este \nporcentaje apenas se ha reducido una d\u00e9cima respecto a 2017, pero es el \nm\u00e1s bajo desde el a\u00f1o 2011.<\/p>\n\n\n\n<h3 class=\"wp-block-heading\">Fin de mes<\/h3>\n\n\n\n<p>Andaluc\u00eda (18,3%), Murcia (16,2%) y Canarias (15,5%) fueron las \ncomunidades aut\u00f3nomas con mayores porcentajes de hogares que llegaban a \nfin de mes con \u00abmucha dificultad\u00bb en 2018. En contraste, los menores \nporcentajes los presentaron Arag\u00f3n (4,1%), Castilla y Le\u00f3n (4,5%) y Pa\u00eds\n Vasco (6,4%).<\/p>\n\n\n\n<p>Asimismo, los hogares de Canarias (52,4%), Andaluc\u00eda (52,1%) y Murcia\n (47,3%) son los que menos capacidad ten\u00edan en 2018 a la hora de \nafrontar gastos imprevistos. En el lado contrario figuran Navarra \n(20,7%), Pa\u00eds Vasco (22,2%) y Galicia (23,1%).<\/p>\n\n\n\n<p>Por su parte, Andaluc\u00eda (49,8%), Extremadura (47,6%) y Galicia \n(45,6%) registraron los mayores porcentajes de hogares que no pod\u00edan \npermitirse ir de vacaciones fuera de casa al menos una semana al a\u00f1o en \n2018. Los porcentajes m\u00e1s bajos se dieron en Pa\u00eds Vasco (18,1%), Arag\u00f3n \n(21,2%) y Navarra (21,5%).<\/p>\n\n\n\n<p>En el caso de hogares con retrasos en los pagos relacionados con la  vivienda principal, Andaluc\u00eda (12,7%), Murcia (11,2%) y Canarias (9,0%)  presentaron los porcentajes m\u00e1s altos. Por el contrario, Arag\u00f3n (2,8%),  Castilla y Le\u00f3n (3,1%) y Galicia (4%) registraron los m\u00e1s bajos.<\/p>\n\n\n\n<p>\nDatos INE\n\n<\/p>\n\n\n\n<p><a href=\"https:\/\/cincodias.elpais.com\/cincodias\/2019\/06\/27\/economia\/1561628974_830431.html\">https:\/\/cincodias.elpais.com\/cincodias\/2019\/06\/27\/economia\/1561628974_830431.html<\/a><\/p>\n\n\n\n<p>FOTO:   Ciudadanos en Madrid Reuters  <\/p>\n","protected":false},"excerpt":{"rendered":"<p>El 36% de los hogares espa\u00f1oles no ten\u00eda capacidad para afrontar gastos imprevistos l ingreso&#8230;<\/p>\n","protected":false},"author":1,"featured_media":33030,"comment_status":"closed","ping_status":"closed","sticky":false,"template":"","format":"standard","meta":{"_coblocks_attr":"","_coblocks_dimensions":"","_coblocks_responsive_height":"","_coblocks_accordion_ie_support":"","jetpack_post_was_ever_published":false,"_jetpack_newsletter_access":"","_jetpack_dont_email_post_to_subs":false,"_jetpack_newsletter_tier_id":0,"_jetpack_memberships_contains_paywalled_content":false,"_jetpack_memberships_contains_paid_content":false,"footnotes":"","jetpack_publicize_message":"","jetpack_publicize_feature_enabled":true,"jetpack_social_post_already_shared":false,"jetpack_social_options":{"image_generator_settings":{"template":"highway","default_image_id":0,"enabled":false},"version":2}},"categories":[1161,44,15],"tags":[2369,65,49],"class_list":["post-33029","post","type-post","status-publish","format-standard","has-post-thumbnail","hentry","category-ciudadania","category-noticias-de-hoy","category-ultimas-noticias","tag-datos","tag-economia","tag-pobreza"],"jetpack_publicize_connections":[],"jetpack_featured_media_url":"https:\/\/i0.wp.com\/miradordeatarfe.es\/wp-content\/uploads\/2019\/06\/1561628974_830431_1561629472_noticia_normal_recorte1.jpg?fit=1960%2C745&ssl=1","jetpack_likes_enabled":true,"jetpack_sharing_enabled":true,"_links":{"self":[{"href":"https:\/\/miradordeatarfe.es\/index.php?rest_route=\/wp\/v2\/posts\/33029","targetHints":{"allow":["GET"]}}],"collection":[{"href":"https:\/\/miradordeatarfe.es\/index.php?rest_route=\/wp\/v2\/posts"}],"about":[{"href":"https:\/\/miradordeatarfe.es\/index.php?rest_route=\/wp\/v2\/types\/post"}],"author":[{"embeddable":true,"href":"https:\/\/miradordeatarfe.es\/index.php?rest_route=\/wp\/v2\/users\/1"}],"replies":[{"embeddable":true,"href":"https:\/\/miradordeatarfe.es\/index.php?rest_route=%2Fwp%2Fv2%2Fcomments&post=33029"}],"version-history":[{"count":1,"href":"https:\/\/miradordeatarfe.es\/index.php?rest_route=\/wp\/v2\/posts\/33029\/revisions"}],"predecessor-version":[{"id":33031,"href":"https:\/\/miradordeatarfe.es\/index.php?rest_route=\/wp\/v2\/posts\/33029\/revisions\/33031"}],"wp:featuredmedia":[{"embeddable":true,"href":"https:\/\/miradordeatarfe.es\/index.php?rest_route=\/wp\/v2\/media\/33030"}],"wp:attachment":[{"href":"https:\/\/miradordeatarfe.es\/index.php?rest_route=%2Fwp%2Fv2%2Fmedia&parent=33029"}],"wp:term":[{"taxonomy":"category","embeddable":true,"href":"https:\/\/miradordeatarfe.es\/index.php?rest_route=%2Fwp%2Fv2%2Fcategories&post=33029"},{"taxonomy":"post_tag","embeddable":true,"href":"https:\/\/miradordeatarfe.es\/index.php?rest_route=%2Fwp%2Fv2%2Ftags&post=33029"}],"curies":[{"name":"wp","href":"https:\/\/api.w.org\/{rel}","templated":true}]}}