{"id":33044,"date":"2019-06-29T11:00:51","date_gmt":"2019-06-29T09:00:51","guid":{"rendered":"http:\/\/miradordeatarfe.es\/?p=33044"},"modified":"2019-06-28T17:43:57","modified_gmt":"2019-06-28T15:43:57","slug":"iv-gala-a-beneficio-de-apiema","status":"publish","type":"post","link":"https:\/\/miradordeatarfe.es\/?p=33044","title":{"rendered":"IV GALA A BENEFICIO DE APIEMA"},"content":{"rendered":"\n<h4 class=\"wp-block-heading\">EL 30 DE JUNIO A LAS 20: 30 LAS ANTIGUAS ALUMNAS DEL LA ESCUELA DE DANZA DEL BOLERO ACTUARAN EN BENEFICIO DE APIEMA EN EL CENTRO CULTURAL MEDINA ELVIRA<\/h4>\n\n\n\n<p>Esta GALA en beneficio de Apiema vale siete euros. Las entradas se pueden adquirir en el Centro Cultural o en internet en giglon.com <\/p>\n\n\n\n<p> APIEMA  somos todos; cada socio, participante, voluntario y representante de la Junta directiva.  Enhorabuena a cada uno de vosotros por la colaboraci\u00f3n y dedicaci\u00f3n y por la participaci\u00f3n en esta Gala<\/p>\n\n\n\n<div class=\"wp-block-image\"><figure class=\"aligncenter\"><img data-recalc-dims=\"1\" loading=\"lazy\" decoding=\"async\" width=\"466\" height=\"960\" src=\"https:\/\/i0.wp.com\/miradordeatarfe.es\/wp-content\/uploads\/2019\/06\/61814099_2485543844790246_4709745365950136320_n.jpg?resize=466%2C960&#038;ssl=1\" alt=\"\" class=\"wp-image-33045\" srcset=\"https:\/\/i0.wp.com\/miradordeatarfe.es\/wp-content\/uploads\/2019\/06\/61814099_2485543844790246_4709745365950136320_n.jpg?w=466&amp;ssl=1 466w, https:\/\/i0.wp.com\/miradordeatarfe.es\/wp-content\/uploads\/2019\/06\/61814099_2485543844790246_4709745365950136320_n.jpg?resize=146%2C300&amp;ssl=1 146w\" sizes=\"auto, (max-width: 466px) 100vw, 466px\" \/><\/figure><\/div>\n\n\n\n<p>Por otra parte infromamos que el 20 de Junio se celebr\u00f3 la Asamblea General de Apiema, en la que  ha quedado elegida la nueva Junta Directiva.<\/p>\n\n\n\n<p>   A los que se retiran de sus cargos en la Junta Directiva por un motivo u  otro, agradecer la dedicacion e implicaci\u00f3n que han tenido para la  Asociaci\u00f3n y desearles lo mejor.  A los nuevos integrantes darles la bienvenida.<\/p>\n\n\n\n<figure class=\"wp-block-image\"><img data-recalc-dims=\"1\" loading=\"lazy\" decoding=\"async\" width=\"640\" height=\"360\" src=\"https:\/\/i0.wp.com\/miradordeatarfe.es\/wp-content\/uploads\/2019\/06\/65319169_2517630558248241_8685860740935974912_n.jpg?resize=640%2C360&#038;ssl=1\" alt=\"\" class=\"wp-image-33046\" srcset=\"https:\/\/i0.wp.com\/miradordeatarfe.es\/wp-content\/uploads\/2019\/06\/65319169_2517630558248241_8685860740935974912_n.jpg?w=960&amp;ssl=1 960w, https:\/\/i0.wp.com\/miradordeatarfe.es\/wp-content\/uploads\/2019\/06\/65319169_2517630558248241_8685860740935974912_n.jpg?resize=300%2C169&amp;ssl=1 300w, https:\/\/i0.wp.com\/miradordeatarfe.es\/wp-content\/uploads\/2019\/06\/65319169_2517630558248241_8685860740935974912_n.jpg?resize=768%2C432&amp;ssl=1 768w, https:\/\/i0.wp.com\/miradordeatarfe.es\/wp-content\/uploads\/2019\/06\/65319169_2517630558248241_8685860740935974912_n.jpg?resize=600%2C338&amp;ssl=1 600w\" sizes=\"auto, (max-width: 640px) 100vw, 640px\" \/><\/figure>\n\n\n\n<p> Entre todos haremos hagamos avanzar nuestra Asociaci\u00f3n. <\/p>\n\n\n\n<p> <\/p>\n","protected":false},"excerpt":{"rendered":"<p>EL 30 DE JUNIO A LAS 20: 30 LAS ANTIGUAS ALUMNAS DEL LA ESCUELA DE&#8230;<\/p>\n","protected":false},"author":1,"featured_media":33047,"comment_status":"closed","ping_status":"closed","sticky":false,"template":"","format":"standard","meta":{"_coblocks_attr":"","_coblocks_dimensions":"","_coblocks_responsive_height":"","_coblocks_accordion_ie_support":"","jetpack_post_was_ever_published":false,"_jetpack_newsletter_access":"","_jetpack_dont_email_post_to_subs":false,"_jetpack_newsletter_tier_id":0,"_jetpack_memberships_contains_paywalled_content":false,"_jetpack_memberships_contains_paid_content":false,"footnotes":"","jetpack_publicize_message":"","jetpack_publicize_feature_enabled":true,"jetpack_social_post_already_shared":false,"jetpack_social_options":{"image_generator_settings":{"template":"highway","default_image_id":0,"enabled":false},"version":2}},"categories":[2,1161,186,9,44,15],"tags":[2222,81,2843,6222],"class_list":["post-33044","post","type-post","status-publish","format-standard","has-post-thumbnail","hentry","category-atarfe","category-ciudadania","category-instituciones","category-medio-ambiente","category-noticias-de-hoy","category-ultimas-noticias","tag-apiema","tag-atarfe","tag-baile","tag-bolero"],"jetpack_publicize_connections":[],"jetpack_featured_media_url":"https:\/\/i0.wp.com\/miradordeatarfe.es\/wp-content\/uploads\/2019\/06\/61814099_2485543844790246_4709745365950136320_n-2.jpg?fit=450%2C300&ssl=1","jetpack_likes_enabled":true,"jetpack_sharing_enabled":true,"_links":{"self":[{"href":"https:\/\/miradordeatarfe.es\/index.php?rest_route=\/wp\/v2\/posts\/33044","targetHints":{"allow":["GET"]}}],"collection":[{"href":"https:\/\/miradordeatarfe.es\/index.php?rest_route=\/wp\/v2\/posts"}],"about":[{"href":"https:\/\/miradordeatarfe.es\/index.php?rest_route=\/wp\/v2\/types\/post"}],"author":[{"embeddable":true,"href":"https:\/\/miradordeatarfe.es\/index.php?rest_route=\/wp\/v2\/users\/1"}],"replies":[{"embeddable":true,"href":"https:\/\/miradordeatarfe.es\/index.php?rest_route=%2Fwp%2Fv2%2Fcomments&post=33044"}],"version-history":[{"count":1,"href":"https:\/\/miradordeatarfe.es\/index.php?rest_route=\/wp\/v2\/posts\/33044\/revisions"}],"predecessor-version":[{"id":33048,"href":"https:\/\/miradordeatarfe.es\/index.php?rest_route=\/wp\/v2\/posts\/33044\/revisions\/33048"}],"wp:featuredmedia":[{"embeddable":true,"href":"https:\/\/miradordeatarfe.es\/index.php?rest_route=\/wp\/v2\/media\/33047"}],"wp:attachment":[{"href":"https:\/\/miradordeatarfe.es\/index.php?rest_route=%2Fwp%2Fv2%2Fmedia&parent=33044"}],"wp:term":[{"taxonomy":"category","embeddable":true,"href":"https:\/\/miradordeatarfe.es\/index.php?rest_route=%2Fwp%2Fv2%2Fcategories&post=33044"},{"taxonomy":"post_tag","embeddable":true,"href":"https:\/\/miradordeatarfe.es\/index.php?rest_route=%2Fwp%2Fv2%2Ftags&post=33044"}],"curies":[{"name":"wp","href":"https:\/\/api.w.org\/{rel}","templated":true}]}}