{"id":33049,"date":"2019-06-30T11:00:23","date_gmt":"2019-06-30T09:00:23","guid":{"rendered":"http:\/\/miradordeatarfe.es\/?p=33049"},"modified":"2019-07-14T12:39:48","modified_gmt":"2019-07-14T10:39:48","slug":"navegacion-por-mares-procelosos-por-juan-alfredo-bellon","status":"publish","type":"post","link":"https:\/\/miradordeatarfe.es\/?p=33049","title":{"rendered":"NAVEGACI\u00d2N POR MARES PROCELOSOS  por JUAN ALFREDO BELL\u00d3N"},"content":{"rendered":"\n<p> <em><strong>NAVEGACI\u00d2N-POR-MARES-PROCELOSOS <\/strong><\/em> por <strong>JUAN ALFREDO BELL\u00d3N<\/strong>  <strong>para EL PLURAL Y EL MIRADOR DE ATARFE<\/strong> \n<strong>del domingo, 30-06-2019<\/strong><\/p>\n\n\n\n<p>\n\tCada vez que anualmente llega la \u00e9poca de la avalancha de\ncompeticiones deportivas y estas empiezan a retransmitirse en las\ndiferentes plataforma televisivas y radiof\u00f3nicas que existen para el\naparentemente libre disfrute de los radio escuchas y teleusuarios,\nm\u00e1s los muchos que adem\u00e1s consumen la informaci\u00f3n deportiva en\ndiferido y en la prensa generalista y\/o en la especializada, comienza\nuna gran campa\u00f1a de inculcaci\u00f3n e inyecci\u00f3n nacionalista del\nespa\u00f1olismo m\u00e1s patriotero que pueda imaginarse y esta inoculcaci\u00f3n\n ideol\u00f3gica ocurre con la mayor naturalidad, porque la gente debe\naceptar y considerar justo y necesario defender a Espa\u00f1a y a lo\nespa\u00f1ol, por ser lo nuestro, en todas las contiendas donde se\nparticipe o participemos contra cualquier otro contendiente\nextranjero, seamos mejores o peores y utilicemos nuestros recursos\ncon mejor o peor fuerza y destreza, es decir, usemos nuestros\nrecursos con mejor o peor  destreza y, por tanto, con mayor o peor\nraz\u00f3n.<\/p>\n\n\n\n<p>\n\tPues bien, ahora que estamos ya instalados en el verano deportivo,\ncon permiso de San Pedro  y San Pablo, y a punto de entrar en el mes\nde julio, con permiso de San Ferm\u00edn, no debemos olvidar la gran\ncantidad de intereses que se  juegan de una u otra forma, en las\n<em>movidas veraniega<\/em>s, dejando a un lado para otro posterior\nmomento a favor de los intereses ideol\u00f3gicos m\u00e1s o menos\n<em>patrioteros sin olvidar que el pa\u00eds campe\u00f3n en tales movidas <\/em>es\nnuestro vecino del norte, inventor del <em>localismo chovinista y\nm\u00e1ximo explotador del tal defecto, <\/em>si se me permite hablar con\nt\u00e9rminos e ideas propios que considero mayormente cercanos a la\nverdad sin por ello menoscabar un \u00e1pice las ingentes dosis de\nnacionalismo patriotero que los locutores y comentaristas usan al\nnarrar <em>las haza\u00f1as ten\u00edsticas de \u201cnuestro Rafa Nadal\u201d, de \n\u201cnuestras chicas de la selecci\u00f3n roja futbolera\u201c<\/em>,  \u201cnuestra\nelegant\u00edsima y fort\u00edsima Garbi\u00f1e Mugururza, pero bueno, -\u00bfMe ha\ndicho usted que \u201cGarbi\u00f1e\u201d es nombre vasco? Vaya, ya le notaba yo\na la t\u00eda algo de raro de  machote como a la Sanchez Vicario, que\nparece prima hermana de la Navratilova , o como campeona de la corta\nde troncos. -La que s\u00ed me gusta a m\u00ed es la Conchita. Esa s\u00ed que es\ndulce y fina, con esos ojos y esa sonrisa . Pero esa ya no juega \u00bfno?\nAunque era o ha sido Capitana del equipo internacional espa\u00f1ol \u00bfno\nverdad?<\/p>\n\n\n\n<p>\tY\notro que me gusta mucho por su juego y su virilidad y su\ncontundencia, es Sergio Ramos, capit\u00e1n del Real Madrid,  aunque\nnaci\u00f3 en un pueblecito sevillano, pero f\u00edjate en lo que se ha\npulido y refinado, que parece que invierte lo mucho que gana en el\nReal Madrid en obras de arte. porque le han dicho que as\u00ed no se lo\ncome Hacienda como a todos los dem\u00e1s y as\u00ed se libra del Calvario de\nMessi. Y ver\u00e1s Neymar como regrese al Bar\u00e7a ese, que es un equipo\nextranjero, pero todav\u00eda depende de Espa\u00f1a. Y el ni\u00f1o de Carlos\nSainz, tan bonico \u00bfCu\u00e1ndo va a ganar alg\u00fan Dakar o la F\u00f3rmula\nUno?  La verdad es que somos un pa\u00eds muy completico en los deportes.\nMira la Carolina Mar\u00edn, onubense, que en cuanto se recupere de la\noperaci\u00f3n esa de caballo que le han tenido que hacer  en la rodilla,\nno va a haber quien le alce la voz. Y eso que su deporte solo es\nfamoso en Extremo Oriente y all\u00ed quienes lo dominan son todos\njaponeses, coreanos buenos y malos,  ind\u00faes, malayos, etc. Pues\nver\u00e9is c\u00f3mo la t\u00eda puede con todos, con la cara de ni\u00f1a buena que\ntiene.<\/p>\n\n\n\n<p> \tEn\nf\u00fatbol, si remontamos, vamos a acabar ganando otra vez un mundial,\nque la estrella esa que lucimos sobre el escudo de nuestra roja\ncamiseta est\u00e1 muy sosa y muy sola, tan viuda. \u00bfY los italianos,\nbrasile\u00f1os, uruguayos, alemanes, franchutes, etc. son una panda de\nvagos compra \u00e1rbitros que no son nadie en el f\u00fatbol actual si La\nRoja despierta como corresponde. Y entre Messi y nuestros j\u00f3venes\nvalores de la Selecci\u00f3n vamos a tener para dar y para repartir.\nAdem\u00e1s, ya ver\u00e9is c\u00f3mo Messi se despega del soberanismo \ncatalanista separatista y supremacista y se inclina a nuestras tesis.\nY, si no, que vaya a jugar la liga catalana con el San Sadurn\u00ed de\nNoya, y que juegue la Copa del Obispo Co-Presidente de Andorra a\npartido \u00fanico o doble, a ver d\u00f3nde se le reconocen esas victorias\ninternacionalmente y se le da una Bota o un Bal\u00f3n de Oro. \n<\/p>\n\n\n\n<p>\n\tY de la prensa escrita \u00bfqu\u00e9 quer\u00e9is que os diga? Del AS, el MARCA\no DICEN, etc., prefiero el MARCA, que es el que tiene mayor tirada\nnacional y mejor plantilla&#8230; como en TVE, los Telediarios son m\u00e1s\necu\u00e1nimes y, de los otros, prefiero a Pedrerol, por lo <em>gracioso<\/em>\ny a Manolete porque es Atl\u00e8tico de Simeone. \n<\/p>\n\n\n\n<p>\tY\nparen ustedes de contar y yo de traslucir mis preferencias, que todo\nel mundo tiene derecho a opinar&#8230;menos yo, que soy cul\u00e9 irredento\nporque antes, cuando viv\u00eda e impart\u00eda doctrina Manuel V\u00e1zquez\nMontalb\u00e1n, casi toda la Proqres\u00eda era cul\u00e9, menos la sana y\nhonrosa excepci\u00f3n de Rubalcaba, que era madridista y al Pr\u00edncipe\n(hoy Rey)) tambi\u00e9n se le toleraba ser <em>colchonero.\n<\/em>por\nmero populismo, como al Papa se le tolera ser de la A<em>lbiceleste\ny a otros, muy pocos, ser del Alcoyano a la hora de ejecutar los\ncorners.<\/em><\/p>\n\n\n\n<p><em> <\/em>Me disculpo ya por tantas divagaciones debidas a la navegaci\u00f3n casi suicida por mares procelosos y aplazo el cierre de este comentario a cuando dilucide el tambi\u00e9n proceloso mundo de la cada vez peor llamada \u201cfiesta nacional\u201d para la que reservo otro comentario ideol\u00f3gico de la misma fiesta y de sus concomitancias con  el machismo populista y seudo conservacionista para celebrar como merece la llegada del  AVE a Granada<em> (tarde, mal y casi nunca<\/em>)  si se me permite felicitar, primero a quienes de una u otra forma lo han hecho posible, desde el primer anuncio de Zapatero,  hasta el postrer viaje inaugural en tren de Pedro S\u00e1nchez y el actual ministro de Fomento. Pero falta la unificaci\u00f3n de toda la v\u00eda y la Estaci\u00f3n de Andaluces, como poco\u2026 Felicitaciones, <em>ma non troppo, y gracias hasta el momento, incluyendo el trabajo de Manuel Pezzi, que no ha sido debidamente reconocido y que \u00e9l mismo ha reclamado su parte en la remoci\u00f3n de la opini\u00f3n publica de pensionista y jubilados, clase cada vez m\u00e1s cara y m\u00e1s numerosa a la que me honro yo tambi\u00e9n en pertenecer: Gracias Manolo.<\/em><\/p>\n\n\n\n<p>FOTO: PSOE DE GRANADA<\/p>\n","protected":false},"excerpt":{"rendered":"<p>NAVEGACI\u00d2N-POR-MARES-PROCELOSOS por JUAN ALFREDO BELL\u00d3N para EL PLURAL Y EL MIRADOR DE ATARFE del domingo,&#8230;<\/p>\n","protected":false},"author":1,"featured_media":33050,"comment_status":"closed","ping_status":"closed","sticky":false,"template":"","format":"standard","meta":{"_coblocks_attr":"","_coblocks_dimensions":"","_coblocks_responsive_height":"","_coblocks_accordion_ie_support":"","jetpack_post_was_ever_published":false,"_jetpack_newsletter_access":"","_jetpack_dont_email_post_to_subs":false,"_jetpack_newsletter_tier_id":0,"_jetpack_memberships_contains_paywalled_content":false,"_jetpack_memberships_contains_paid_content":false,"footnotes":"","jetpack_publicize_message":"","jetpack_publicize_feature_enabled":true,"jetpack_social_post_already_shared":false,"jetpack_social_options":{"image_generator_settings":{"template":"highway","default_image_id":0,"enabled":false},"version":2}},"categories":[1161,182,36,44,15],"tags":[758,123,666],"class_list":["post-33049","post","type-post","status-publish","format-standard","has-post-thumbnail","hentry","category-ciudadania","category-deportes","category-opinion-de-juan-alfredo-bellon","category-noticias-de-hoy","category-ultimas-noticias","tag-ave","tag-deportes","tag-futbol"],"jetpack_publicize_connections":[],"jetpack_featured_media_url":"https:\/\/i0.wp.com\/miradordeatarfe.es\/wp-content\/uploads\/2019\/06\/RP_Manolo_Pezzi_AVE_fiscalia.jpg?fit=651%2C505&ssl=1","jetpack_likes_enabled":true,"jetpack_sharing_enabled":true,"_links":{"self":[{"href":"https:\/\/miradordeatarfe.es\/index.php?rest_route=\/wp\/v2\/posts\/33049","targetHints":{"allow":["GET"]}}],"collection":[{"href":"https:\/\/miradordeatarfe.es\/index.php?rest_route=\/wp\/v2\/posts"}],"about":[{"href":"https:\/\/miradordeatarfe.es\/index.php?rest_route=\/wp\/v2\/types\/post"}],"author":[{"embeddable":true,"href":"https:\/\/miradordeatarfe.es\/index.php?rest_route=\/wp\/v2\/users\/1"}],"replies":[{"embeddable":true,"href":"https:\/\/miradordeatarfe.es\/index.php?rest_route=%2Fwp%2Fv2%2Fcomments&post=33049"}],"version-history":[{"count":2,"href":"https:\/\/miradordeatarfe.es\/index.php?rest_route=\/wp\/v2\/posts\/33049\/revisions"}],"predecessor-version":[{"id":33052,"href":"https:\/\/miradordeatarfe.es\/index.php?rest_route=\/wp\/v2\/posts\/33049\/revisions\/33052"}],"wp:featuredmedia":[{"embeddable":true,"href":"https:\/\/miradordeatarfe.es\/index.php?rest_route=\/wp\/v2\/media\/33050"}],"wp:attachment":[{"href":"https:\/\/miradordeatarfe.es\/index.php?rest_route=%2Fwp%2Fv2%2Fmedia&parent=33049"}],"wp:term":[{"taxonomy":"category","embeddable":true,"href":"https:\/\/miradordeatarfe.es\/index.php?rest_route=%2Fwp%2Fv2%2Fcategories&post=33049"},{"taxonomy":"post_tag","embeddable":true,"href":"https:\/\/miradordeatarfe.es\/index.php?rest_route=%2Fwp%2Fv2%2Ftags&post=33049"}],"curies":[{"name":"wp","href":"https:\/\/api.w.org\/{rel}","templated":true}]}}