{"id":33099,"date":"2019-07-03T10:35:20","date_gmt":"2019-07-03T08:35:20","guid":{"rendered":"http:\/\/miradordeatarfe.es\/?p=33099"},"modified":"2020-06-26T13:44:38","modified_gmt":"2020-06-26T11:44:38","slug":"nosotras-la-turba-por-remedios-sanchez","status":"publish","type":"post","link":"https:\/\/miradordeatarfe.es\/?p=33099","title":{"rendered":"\u00abNOSOTRAS, LA TURBA\u00bb por Remedios Sanchez"},"content":{"rendered":"\n<p>Dice\nel l\u00edder de VOX en Andaluc\u00eda, este se\u00f1or tan educado y tan fino\nque es Francisco Serrano que la culpa de la condena a \u2018La Manada\u2019,\nese grupo de violadores a los que se ha ampliado la condena el\nTribunal Supremo, la tiene la \u201cturba feminista supremacista\u00bb\ncapaz de lograr que se emita una sentencia il\u00f3gica e incongruente.\nLo cual que parece que, para el vicese\u00f1orito de la ultraderecha en\nAndaluc\u00eda, resulta razonable que unos tipos que han violado en grupo\na una mujer se vayan de rositas o se les d\u00e9 un aplauso desde la\nciudadan\u00eda por valientes y  por machotes. \n<\/p>\n\n\n\n<p>\nEl hecho de que la\njoven estuviese indefensa, ebria y fuese forzada en reiteradas\nocasiones no le parece lo suficientemente grave para que se env\u00ede a\nestos prendas quince a\u00f1os a la c\u00e1rcel y sugiere que, a partir de\nahora, hay que entender que \u00abla relaci\u00f3n m\u00e1s segura entre un\nhombre y una mujer ser\u00e1 \u00fanicamente a trav\u00e9s de la prostituci\u00f3n\u00bb.\nCita textual. Lo cual que el personaje ha vuelto a cubrirse de gloria\n(aunque haya sido desautorizado por sus colegas de bancada y se haya\npedido una baja para descansar despu\u00e9s de tan brillante reflexi\u00f3n)\ndejando a la altura del barro a un partido que sistem\u00e1ticamente\nataca la legislaci\u00f3n de violencia de g\u00e9nero y a las ayudas a las\nv\u00edctimas. Porque, que nadie olvide que este se\u00f1or ha sido\nmagistrado, un juez de familia que, adem\u00e1s, estuvo inhabilitado en\nsu momento por modificar las visitas de un padre para que su hijo\npudiera ir como nazareno en la \u201cMadrug\u00e1\u201d sevillana sin dar\nsiquiera audiencia a la madre del chaval. \n<\/p>\n\n\n\n<p>La tradici\u00f3n es lo primero, oigan, y la mujer con la pierna quebrada en casa, que no hay derecho a que tengamos la poca verg\u00fcenza de querer tener la libertad para decidir por nosotras mismas sin que nos haga las preceptivas indicaciones el var\u00f3n de turno. Desconozco si este se\u00f1or tiene conciencia (as\u00ed, en general) y si es capaz de asumir que hace a\u00f1os que las mujeres podemos abrir una cuenta en el banco o comprar un piso sin permiso del var\u00f3n; o hacer, exactamente, lo que nos d\u00e9 la gana. Y exigimos que se respete. A eso, a la lucha por la consecuci\u00f3n de los derechos leg\u00edtimos de igualdad,  es a lo que \u00e9l llama  poder de la \u201cturba feminista supremacista\u00bb sin que le exijan el acta. Porque alguien as\u00ed, que aplica el pensamiento de la \u00e9poca de los neandertales (se considera un m\u00e1rtir del \u201cyihadismo de g\u00e9nero\u201d), no deber\u00eda ser representante p\u00fablico. Ni siquiera de VOX que, nos guste o no, aunque ande siempre bordeando la legitimidad constitucional, todav\u00eda est\u00e1 dentro del sistema. Un sistema que tiene la obligaci\u00f3n de proteger a cualquier persona, a cualquier v\u00edctima, sea mujer u hombre. Conste. Y el problema no est\u00e1 s\u00f3lo en Serrano, sino en todos los que jalean opiniones perversas de quienes exigen derogar la ley vigente de violencia de g\u00e9nero, porque crean una discusi\u00f3n sobre un problema terrible en el que debiera exigirse un rotundo consenso: unidad pol\u00edtica frente a los maltratadores, los violadores, los asesinos de mujeres (esta semana se han cumplido las 1000 asesinadas). Mientras eso no suceda lo \u00fanico que nos queda a nosotras, la turba, es aplicar a tipos como \u00e9stos el mayor y m\u00e1s absoluto de los desprecios.<\/p>\n\n\n\n<p>REMEDIOS SANCHEZ<\/p>\n\n\n\n<p>PUBLICADO EN IDEAL EL 01\/07\/2019<\/p>\n","protected":false},"excerpt":{"rendered":"<p>Dice el l\u00edder de VOX en Andaluc\u00eda, este se\u00f1or tan educado y tan fino que&#8230;<\/p>\n","protected":false},"author":1,"featured_media":33100,"comment_status":"closed","ping_status":"closed","sticky":false,"template":"","format":"standard","meta":{"_coblocks_attr":"","_coblocks_dimensions":"","_coblocks_responsive_height":"","_coblocks_accordion_ie_support":"","jetpack_post_was_ever_published":false,"_jetpack_newsletter_access":"","_jetpack_dont_email_post_to_subs":false,"_jetpack_newsletter_tier_id":0,"_jetpack_memberships_contains_paywalled_content":false,"_jetpack_memberships_contains_paid_content":false,"footnotes":"","jetpack_publicize_message":"","jetpack_publicize_feature_enabled":true,"jetpack_social_post_already_shared":false,"jetpack_social_options":{"image_generator_settings":{"template":"highway","default_image_id":0,"enabled":false},"version":2}},"categories":[14,44,6914,15],"tags":[6228,41,3707,3032],"class_list":["post-33099","post","type-post","status-publish","format-standard","has-post-thumbnail","hentry","category-feminismo","category-noticias-de-hoy","category-opinion-de-reme-sanchez","category-ultimas-noticias","tag-feminazi","tag-feminismo","tag-juez","tag-politico"],"jetpack_publicize_connections":[],"jetpack_featured_media_url":"https:\/\/i0.wp.com\/miradordeatarfe.es\/wp-content\/uploads\/2019\/07\/IMG_20180622_194330.jpg?fit=805%2C604&ssl=1","jetpack_likes_enabled":true,"jetpack_sharing_enabled":true,"_links":{"self":[{"href":"https:\/\/miradordeatarfe.es\/index.php?rest_route=\/wp\/v2\/posts\/33099","targetHints":{"allow":["GET"]}}],"collection":[{"href":"https:\/\/miradordeatarfe.es\/index.php?rest_route=\/wp\/v2\/posts"}],"about":[{"href":"https:\/\/miradordeatarfe.es\/index.php?rest_route=\/wp\/v2\/types\/post"}],"author":[{"embeddable":true,"href":"https:\/\/miradordeatarfe.es\/index.php?rest_route=\/wp\/v2\/users\/1"}],"replies":[{"embeddable":true,"href":"https:\/\/miradordeatarfe.es\/index.php?rest_route=%2Fwp%2Fv2%2Fcomments&post=33099"}],"version-history":[{"count":1,"href":"https:\/\/miradordeatarfe.es\/index.php?rest_route=\/wp\/v2\/posts\/33099\/revisions"}],"predecessor-version":[{"id":33101,"href":"https:\/\/miradordeatarfe.es\/index.php?rest_route=\/wp\/v2\/posts\/33099\/revisions\/33101"}],"wp:featuredmedia":[{"embeddable":true,"href":"https:\/\/miradordeatarfe.es\/index.php?rest_route=\/wp\/v2\/media\/33100"}],"wp:attachment":[{"href":"https:\/\/miradordeatarfe.es\/index.php?rest_route=%2Fwp%2Fv2%2Fmedia&parent=33099"}],"wp:term":[{"taxonomy":"category","embeddable":true,"href":"https:\/\/miradordeatarfe.es\/index.php?rest_route=%2Fwp%2Fv2%2Fcategories&post=33099"},{"taxonomy":"post_tag","embeddable":true,"href":"https:\/\/miradordeatarfe.es\/index.php?rest_route=%2Fwp%2Fv2%2Ftags&post=33099"}],"curies":[{"name":"wp","href":"https:\/\/api.w.org\/{rel}","templated":true}]}}