{"id":33111,"date":"2019-07-03T10:03:49","date_gmt":"2019-07-03T08:03:49","guid":{"rendered":"http:\/\/miradordeatarfe.es\/?p=33111"},"modified":"2019-07-01T14:08:36","modified_gmt":"2019-07-01T12:08:36","slug":"el-fin-de-curso-y-los-regalos-a-los-profesores-practica-obsoleta-o-simple-agradecimiento","status":"publish","type":"post","link":"https:\/\/miradordeatarfe.es\/?p=33111","title":{"rendered":"El fin de curso y los regalos a los profesores: \u00bfPr\u00e1ctica obsoleta o simple agradecimiento?"},"content":{"rendered":"\n<h4 class=\"wp-block-heading\"> Se acab\u00f3 el colegio y se reabre el debate sobre si comprar un presente a  los maestros que han acompa\u00f1ado a los ni\u00f1os durante los \u00faltimos nueve  meses. En el centro: los grupos de WhatsApp de padres y c\u00f3mo negarse en  el caso de no querer participar.\u00a0 <\/h4>\n\n\n\n<p>Llega el fin de curso y con \u00e9l\n un \u00faltimo quebradero de cabeza para los padres. No tiene que ver con lo\n que har\u00e1n sus reto\u00f1os durante los meses estivales y ni si quiera con el\n \u00faltimo bolet\u00edn de notas: <strong>Alguien propone en el grupo de WhatsApp hacerle un regalo al profesor<\/strong>\n de sus hijos. No siempre es f\u00e1cil negarse a participar a pesar de que \npara muchos, sea una pr\u00e1ctica poco adecuada y algo anticuada.<\/p>\n\n\n\n<p>\u00abLo de regalar algo es algo que se ha convertido en una tradici\u00f3n y se hace m\u00e1s por costumbreque\n como un acto voluntario y altruista\u00bb, explica la psic\u00f3loga Miriam Sosa.\n Argumenta que esto es as\u00ed puesto que es una cuesti\u00f3n que no se plantea \nen otras profesiones ni en otros niveles educativos m\u00e1s all\u00e1 del \ncolegio. A\u00f1ade que estos presentes se hacen con una intenci\u00f3n: <strong>\u00abNos importa causar buena impresi\u00f3n, <\/strong>y creemos que a trav\u00e9s de ellos lo conseguiremos\u00bb, relata, aunque, en su opini\u00f3n, es un tema que se ha quedado \u00abobsoleto\u00bb.PUBLICIDAD<\/p>\n\n\n\n<p>Los progenitores que coinciden con esta visi\u00f3n no lo \ntienen nada f\u00e1cil. Algunos padres no se sienten libres ni c\u00f3modos a la \nhora de no participar. El motivo, en gran parte: los chats grupales de<em> mam\u00e1s y pap\u00e1s<\/em>.\n Sosa relata que son \u00abpeligrosos\u00bb y que hay que ir con cuidado con lo \nque se dice y c\u00f3mo se dice: \u00abHay mucha presi\u00f3n social, a veces nos \natrevemos a decir las cosas de manera m\u00e1s impulsiva y sin respetar la \nintimidad de los dem\u00e1s\u00bb. Esto hace que muchos tengan <strong>miedo de abandonar la conversaci\u00f3n aunque en realidad lo est\u00e9n deseando<\/strong>.\n Para los que se niegan a entrar en el regalo, aconseja que lo mejor es \ndecirlo de forma asertiva, sin justificarse: \u00abCon un no, lo siento pero \nno participo y un gracias por encargarte ser\u00eda suficiente\u00bb, afirma. Sin \nembargo, la apuesta de la profesional ser\u00eda que los <em>profes <\/em>dejasen claro que prefieren no recibir regalos al inicio del curso.&nbsp;\n\u00abDesde la direcci\u00f3n del centro deber\u00eda informarse a los padres que no se aceptan regalos\u00bb<\/p>\n\n\n\n<p>Es\n lo que pretenden hacer algunos colegios. \u00abDesde la direcci\u00f3n del centro\n educativo deber\u00eda informarse a los padres que no se aceptan regalos\u00bb, \nafirma Mar de Isasi, profesora de un centro que funciona a modo de \ncooperativa. En su opini\u00f3n, estos presentes no tienen ning\u00fan sentido y \nen ocasiones originan alg\u00fan que otro conflicto: \u00abEn etapas superiores, \ncomo ESO y Bachillerato, hay padres que <strong>han utilizado los regalos de otros padres para justificar los aprobados<\/strong>\n de otros compa\u00f1eros cuando sus hijos han suspendido\u00bb, cuenta, \nespecificando que, a pesar de ello, no conoce a&nbsp;ning\u00fan profesor que se \nsienta presionado para aprobar a alumnos al recibir un presente.<\/p>\n\n\n\n<p>Sosa se\u00f1ala que en el caso de decidir hacerles alg\u00fan detalle a los educadores, no deber\u00edan ser cosas materiales: \u00abUn <strong>ramo de flores<\/strong>,\n en el mejor de los casos\u00bb. Coincide con Isasi, que relata que en el \ncaso que se d\u00e9 un \u00abagradecimiento o reconocimiento\u00bb sea algo colectivo y\n prefiere <strong>una carta<\/strong> o un correo antes que un regalo. Al ser una \nprofesi\u00f3n muy vocacional, los profesores se sienten gratificados con \ncosas como que los ni\u00f1os les den las gracias, les digan que le \nrecordar\u00e1n siempre o la sonrisa de fin de curso o el hecho de ver la \nevoluci\u00f3n de cada alumno, sentencia en este sentido la psic\u00f3loga.&nbsp;\u200b<\/p>\n\n\n\n<p>Los docentes coinciden en que cuando se da el caso <strong>\u00absiempre hay que agradecer los detalles<\/strong>\n pero no tienen que desviar la atenci\u00f3n de lo que es en realidad nuestro\n trabajo: ense\u00f1ar, buscar para cada uno de nuestros alumnos las \nherramientas necesarias para que pueda desenvolverse en la sociedad que \nle ha tocado vivir\u00bb, cuenta Mar\u00eda C\u00e0naves, maestra en un Centro de \nEducaci\u00f3n Infantil y Primaria. Para ella, es algo que tiene sentido: \n\u00abTrabajamos con personas\u00bb, recuerda.<\/p>\n\n\n\n<h2 class=\"wp-block-heading\" id=\"m99-8-100\">Debate en el claustro<\/h2>\n\n\n\n<p>Mientras que algunos profesores abogan por \nprohibirlos, otros dejan la puerta abierta o ven una dif\u00edcil soluci\u00f3n: \n\u00abEs una iniciativa que sale de los propios padres. Prohibirlos o no \naceptarlos tampoco me parecer\u00eda bien\u00bb, especifica una de las compa\u00f1eras \nde Isasi. Otra de las trabajadoras de la cooperativa vive la situaci\u00f3n \ndesde los dos frentes, como docente y como madre: \u00abComo maestra he \nrecibido siempre muchos regalos y muy buenos, tanto en navidad como en \nfin de curso. Como madre <strong>siempre me gusta hacer alg\u00fan detalle <\/strong>a \nlas maestras de mi hija, lo veo un bonito detalle para agradecer todo el\n esfuerzo del d\u00eda a d\u00eda, las horas de trabajo fuera de horario y el \ncari\u00f1o que le dan durante todo el curso\u00bb.<\/p>\n\n\n\n<p>Un profesor del mismo centro, no ha tenido tanta \nsuerte y se muestra cr\u00edtico con los regalos que ha recibido por lo que \nsignifican: \u00ab<strong>Soy abstemio y la mayor\u00eda de regalos que me han hecho han sido bebidas alcoh\u00f3licas<\/strong>.\n Las he aceptado por educaci\u00f3n y con gratitud. Nadie regala tabaco sin \npreguntarse si la persona fuma y me gustar\u00eda que con el alcohol se \ntuviera la misma sensibilidad y conciencia social\u00bb, sentencia.<\/p>\n\n\n\n<p>Por su parte, C\u00e0navas rememora que durante este fin de curso ha recibido un regalo por parte de <strong>un grupo de nueve familias<\/strong>\n y otros cinco detalles individuales: \u00abQue conste que me los han dado \ndespu\u00e9s de entregar las notas y uno de los alumnos pasa de curso con dos\n materias pendientes\u00bb, explica en tono simp\u00e1tico.<\/p>\n\n\n\n<p> celia vasco<a rel=\"noreferrer noopener\" href=\"https:\/\/twitter.com\/CeliaVasco_\" target=\"_blank\">@CeliaVasco_<\/a><\/p>\n\n\n\n<p>FOTO:  Imagen de archivo de un profesor con sus alumnos. JUNTA DE ANDALUC\u00cdA <\/p>\n\n\n\n<p><a href=\"https:\/\/www.publico.es\/sociedad\/curso-regalos-profesores-practica-obsoleta-simple-agradecimiento.html\">https:\/\/www.publico.es\/sociedad\/curso-regalos-profesores-practica-obsoleta-simple-agradecimiento.html<\/a><\/p>\n","protected":false},"excerpt":{"rendered":"<p>Se acab\u00f3 el colegio y se reabre el debate sobre si comprar un presente a&#8230;<\/p>\n","protected":false},"author":1,"featured_media":33112,"comment_status":"closed","ping_status":"closed","sticky":false,"template":"","format":"standard","meta":{"_coblocks_attr":"","_coblocks_dimensions":"","_coblocks_responsive_height":"","_coblocks_accordion_ie_support":"","jetpack_post_was_ever_published":false,"_jetpack_newsletter_access":"","_jetpack_dont_email_post_to_subs":false,"_jetpack_newsletter_tier_id":0,"_jetpack_memberships_contains_paywalled_content":false,"_jetpack_memberships_contains_paid_content":false,"footnotes":"","jetpack_publicize_message":"","jetpack_publicize_feature_enabled":true,"jetpack_social_post_already_shared":false,"jetpack_social_options":{"image_generator_settings":{"template":"highway","default_image_id":0,"enabled":false},"version":2}},"categories":[187,186,44,15],"tags":[6088,526,1925],"class_list":["post-33111","post","type-post","status-publish","format-standard","has-post-thumbnail","hentry","category-centros-educativos","category-instituciones","category-noticias-de-hoy","category-ultimas-noticias","tag-agradecimientos","tag-centros-educativos","tag-regalos"],"jetpack_publicize_connections":[],"jetpack_featured_media_url":"https:\/\/i0.wp.com\/miradordeatarfe.es\/wp-content\/uploads\/2019\/07\/5d0a29a37cd32.r_1561285215310.0-0-640-330.jpg?fit=660%2C340&ssl=1","jetpack_likes_enabled":true,"jetpack_sharing_enabled":true,"_links":{"self":[{"href":"https:\/\/miradordeatarfe.es\/index.php?rest_route=\/wp\/v2\/posts\/33111","targetHints":{"allow":["GET"]}}],"collection":[{"href":"https:\/\/miradordeatarfe.es\/index.php?rest_route=\/wp\/v2\/posts"}],"about":[{"href":"https:\/\/miradordeatarfe.es\/index.php?rest_route=\/wp\/v2\/types\/post"}],"author":[{"embeddable":true,"href":"https:\/\/miradordeatarfe.es\/index.php?rest_route=\/wp\/v2\/users\/1"}],"replies":[{"embeddable":true,"href":"https:\/\/miradordeatarfe.es\/index.php?rest_route=%2Fwp%2Fv2%2Fcomments&post=33111"}],"version-history":[{"count":1,"href":"https:\/\/miradordeatarfe.es\/index.php?rest_route=\/wp\/v2\/posts\/33111\/revisions"}],"predecessor-version":[{"id":33113,"href":"https:\/\/miradordeatarfe.es\/index.php?rest_route=\/wp\/v2\/posts\/33111\/revisions\/33113"}],"wp:featuredmedia":[{"embeddable":true,"href":"https:\/\/miradordeatarfe.es\/index.php?rest_route=\/wp\/v2\/media\/33112"}],"wp:attachment":[{"href":"https:\/\/miradordeatarfe.es\/index.php?rest_route=%2Fwp%2Fv2%2Fmedia&parent=33111"}],"wp:term":[{"taxonomy":"category","embeddable":true,"href":"https:\/\/miradordeatarfe.es\/index.php?rest_route=%2Fwp%2Fv2%2Fcategories&post=33111"},{"taxonomy":"post_tag","embeddable":true,"href":"https:\/\/miradordeatarfe.es\/index.php?rest_route=%2Fwp%2Fv2%2Ftags&post=33111"}],"curies":[{"name":"wp","href":"https:\/\/api.w.org\/{rel}","templated":true}]}}