{"id":33223,"date":"2019-07-14T08:52:14","date_gmt":"2019-07-14T06:52:14","guid":{"rendered":"http:\/\/miradordeatarfe.es\/?p=33223"},"modified":"2019-07-12T12:37:16","modified_gmt":"2019-07-12T10:37:16","slug":"casi-el-40-de-los-universitarios-tiene-empleos-por-debajo-de-su-preparacion","status":"publish","type":"post","link":"https:\/\/miradordeatarfe.es\/?p=33223","title":{"rendered":"Casi el 40% de los universitarios tiene empleos por debajo de su preparaci\u00f3n"},"content":{"rendered":"\n<h4 class=\"wp-block-heading\">Un 30% est\u00e1 en el paro 4 a\u00f1os despu\u00e9s de graduarse aunque el porcentaje se ha reducido en 5 puntos desde 2015.Inform\u00e1tica y las ingenier\u00edas siguen siendo las carreras con m\u00e1s empleabilidad<\/h4>\n\n\n\n<p>Estudiar una carrera universitaria no garantiza un empleo pero ayuda y aumenta las posibilidades de conseguirlo. Casi el <strong>72% de los titulados<\/strong> est\u00e1 trabajando 4 a\u00f1os despu\u00e9s de graduarse seg\u00fan el informe <a href=\"http:\/\/www.ciencia.gob.es\/portal\/site\/MICINN\/menuitem.edc7f2029a2be27d7010721001432ea0\/?vgnextoid=5bb3081d728bb610VgnVCM1000001d04140aRCRD&amp;vgnextchannel=4346846085f90210VgnVCM1000001034e20aRCRD\"><em>`Inserci\u00f3n laboral de los titulados universitarios &#8211; Curso 2013-2014\u00b4<\/em><\/a> que ha publicado este jueves el Ministerio de Ciencia, Innovaci\u00f3n y Universidades. La cruz de ese dato es que hay un <strong>28% &#8211; pr\u00e1cticamente uno de cada tres &#8211; que est\u00e1 en el paro<\/strong>. La empleabilidad de los universitarios en cualquier caso ha subido. El <a href=\"http:\/\/www.educacionyfp.gob.es\/dam\/jcr:3469cbcd-0dfa-459e-a5c9-f27285b72121\/insercion-laboral-egresados-universitarios-.pdf\">primer informe de este tipo<\/a> publicado en 2015 reflejaba que los titulados sin empleo eran <strong>m\u00e1s del 35%<\/strong>\n cuatro a\u00f1os despu\u00e9s de salir de la universidad. El estudio se ha hecho \ncruzando los datos de los estudiantes universitarios del curso 2013-14 \ncon las cotizaciones a la Seguridad Social hasta 2018. Esa comparaci\u00f3n \npermite saber cu\u00e1ntos de los universitarios est\u00e1n trabajando y en qu\u00e9 \ncondiciones.&nbsp;<\/p>\n\n\n\n<p>Hay, por tanto, m\u00e1s trabajo ahora para los universitarios, otra cosa es la calidad. El informe se\u00f1ala que <strong>el 39% de los universitarios tiene empleos por debajo de su preparaci\u00f3n<\/strong>.\n Un 20,3% cotiza en empleos que pertenecen a la categor\u00eda `Bajo-Manual\u00b4:\n \u00abpara estos empleos no se requiere formaci\u00f3n espec\u00edfica y el trabajo es\n de car\u00e1cter manual (subalternos, auxiliares administrativos, oficiales \n1\u00ba y 2\u00ba, oficiales 3\u00aa y especialistas, peones ya asimilados,..)\u00bb y un \n19% en los `Medio-no manuales\u00b4: \u00abgrupos de cotizaci\u00f3n relacionados con \nun nivel de formaci\u00f3n medio, pero de car\u00e1cter no manual (jefes \nadministrativos y de taller, ayudantes no titulados, oficiales \nadministrativos,..)\u00bb. <strong>El 60% restante lo hace como `Titulados\u00b4<\/strong>:\n \u00abgrupos de cotizaci\u00f3n relacionados con el nivel de formaci\u00f3n superior \n(ingenieros, licenciados, alta direcci\u00f3n, ingenieros t\u00e9cnicos, ayudantes\n titulados,\u2026)\u00bb. Aunque las cifras reflejan una sobre cualificaci\u00f3n \npreocupante tambi\u00e9n han mejorado con respecto a 2015. Entonces eran el \n44% los titulados cotizando por empleos por debajo de su preparaci\u00f3n y \nel 55% lo hac\u00eda como titulados.PUBLICIDAD<\/p>\n\n\n\n<p>El informe del ministerio de Ciencia y Universidades analiza la \nempleabilidad de las carreras por ramas de conocimiento y por campo de \nestudio. Inform\u00e1tica y las Ingenier\u00edas tienen los niveles m\u00e1s altos: <strong>m\u00e1s del 80%<\/strong> de los egresados est\u00e1 trabajando cuatro a\u00f1os despu\u00e9s de terminar. Las humanidades y el derecho, los m\u00e1s bajos: <strong>menos del 60%<\/strong> .<\/p>\n\n\n\n<p>Por campo de estudio, que es quiz\u00e1s donde se ve m\u00e1s claro, hay estudios donde pr\u00e1cticamente se da el pleno empleo: <strong>Medicina y \u00d3ptica y optometr\u00eda rozan el 90%<\/strong>\n de estudiantes trabajando a los 4 a\u00f1os. En el otro extremo est\u00e1n Bellas\n Artes o lo que el informe califica como \u00abOtras lenguas extranjeras\u00bb que\n apenas alcanzan el 50%.<\/p>\n\n\n\n<p>A<a href=\"https:\/\/cadenaser.com\/autor\/adela_molina_villar\/a\/\">dela Molina<\/a> Madrid<\/p>\n\n\n\n<p><a href=\"https:\/\/cadenaser.com\/ser\/2019\/07\/04\/sociedad\/1562252343_518028.html\">https:\/\/cadenaser.com\/ser\/2019\/07\/04\/sociedad\/1562252343_518028.html<\/a><\/p>\n\n\n\n<p>FOTO:  Estudiantes, durante una clase \/  UPNA &#8211; Archivo (Europa Press) <\/p>\n","protected":false},"excerpt":{"rendered":"<p>Un 30% est\u00e1 en el paro 4 a\u00f1os despu\u00e9s de graduarse aunque el porcentaje se&#8230;<\/p>\n","protected":false},"author":1,"featured_media":33224,"comment_status":"closed","ping_status":"closed","sticky":false,"template":"","format":"standard","meta":{"_coblocks_attr":"","_coblocks_dimensions":"","_coblocks_responsive_height":"","_coblocks_accordion_ie_support":"","jetpack_post_was_ever_published":false,"_jetpack_newsletter_access":"","_jetpack_dont_email_post_to_subs":false,"_jetpack_newsletter_tier_id":0,"_jetpack_memberships_contains_paywalled_content":false,"_jetpack_memberships_contains_paid_content":false,"footnotes":"","jetpack_publicize_message":"","jetpack_publicize_feature_enabled":true,"jetpack_social_post_already_shared":false,"jetpack_social_options":{"image_generator_settings":{"template":"highway","default_image_id":0,"enabled":false},"version":2}},"categories":[187,186,44,15],"tags":[930,6253,2977],"class_list":["post-33223","post","type-post","status-publish","format-standard","has-post-thumbnail","hentry","category-centros-educativos","category-instituciones","category-noticias-de-hoy","category-ultimas-noticias","tag-estudios","tag-salidas-profesionales","tag-universitarios"],"jetpack_publicize_connections":[],"jetpack_featured_media_url":"https:\/\/i0.wp.com\/miradordeatarfe.es\/wp-content\/uploads\/2019\/07\/1562252343_518028_1562253684_noticia_normal_recorte1.jpg?fit=1300%2C867&ssl=1","jetpack_likes_enabled":true,"jetpack_sharing_enabled":true,"_links":{"self":[{"href":"https:\/\/miradordeatarfe.es\/index.php?rest_route=\/wp\/v2\/posts\/33223","targetHints":{"allow":["GET"]}}],"collection":[{"href":"https:\/\/miradordeatarfe.es\/index.php?rest_route=\/wp\/v2\/posts"}],"about":[{"href":"https:\/\/miradordeatarfe.es\/index.php?rest_route=\/wp\/v2\/types\/post"}],"author":[{"embeddable":true,"href":"https:\/\/miradordeatarfe.es\/index.php?rest_route=\/wp\/v2\/users\/1"}],"replies":[{"embeddable":true,"href":"https:\/\/miradordeatarfe.es\/index.php?rest_route=%2Fwp%2Fv2%2Fcomments&post=33223"}],"version-history":[{"count":2,"href":"https:\/\/miradordeatarfe.es\/index.php?rest_route=\/wp\/v2\/posts\/33223\/revisions"}],"predecessor-version":[{"id":33226,"href":"https:\/\/miradordeatarfe.es\/index.php?rest_route=\/wp\/v2\/posts\/33223\/revisions\/33226"}],"wp:featuredmedia":[{"embeddable":true,"href":"https:\/\/miradordeatarfe.es\/index.php?rest_route=\/wp\/v2\/media\/33224"}],"wp:attachment":[{"href":"https:\/\/miradordeatarfe.es\/index.php?rest_route=%2Fwp%2Fv2%2Fmedia&parent=33223"}],"wp:term":[{"taxonomy":"category","embeddable":true,"href":"https:\/\/miradordeatarfe.es\/index.php?rest_route=%2Fwp%2Fv2%2Fcategories&post=33223"},{"taxonomy":"post_tag","embeddable":true,"href":"https:\/\/miradordeatarfe.es\/index.php?rest_route=%2Fwp%2Fv2%2Ftags&post=33223"}],"curies":[{"name":"wp","href":"https:\/\/api.w.org\/{rel}","templated":true}]}}