{"id":33235,"date":"2019-07-07T11:24:47","date_gmt":"2019-07-07T09:24:47","guid":{"rendered":"http:\/\/miradordeatarfe.es\/?p=33235"},"modified":"2020-06-26T13:24:48","modified_gmt":"2020-06-26T11:24:48","slug":"los-caprichos-del-verano-por-juan-alfredo-bellon","status":"publish","type":"post","link":"https:\/\/miradordeatarfe.es\/?p=33235","title":{"rendered":"\u00abLOS CAPRICHOS DEL VERANO\u00bb por JUAN ALFREDO BELL\u00d3N"},"content":{"rendered":"\n<p><em><strong>LOS CAPRICHOS DEL VERANO<\/strong><\/em>  <strong>por JUAN ALFREDO BELL\u00d3N<\/strong>  <strong>para EL MIRADOR DE ATARFE<\/strong> \n<strong>del domingo 07-07-2019 <\/strong>\n<\/p>\n\n\n\n<p>\tDado\nque hoy es d\u00eda de san Ferm\u00edn y que el cuerpo nos suena a gloria\nveraniega, me pondr\u00e9 en modo festivo bullanguero ya que me lo\npermite mi condici\u00f3n de <em>jubilata<\/em>\ny porque, al comprender que m\u00e1s vale alegrarnos desinhibidamente que\nentristecernos viendo la escualidez de la paga extraordinaria, casi\nnada ganamos con la queja y m\u00e1s nos vale tirar por la calle de la\nalegr\u00eda, que es la de en medio y, para cuatro d\u00edas locos que vamos\na vivir, habr\u00e1 que divertirse y echar las campanas al vuelo y una\ncana al aire aunque no tengamos, a parte de esas ganas de diversi\u00f3n,\nm\u00e1s raz\u00f3n, incluyendo la salud, el dinero y el amor, para el\njolgorio.<\/p>\n\n\n\n<p>\tLo\ncierto es que ni el pa\u00eds, ni el paisaje ni el paisanaje est\u00e1n para\ntirar salvas celebrando lo bien que nos van las cosas, ni en lo\necon\u00f3mico, ni en lo pol\u00edtico, ni en lo social y solo en lo\ncultural, que pasa por ser lo m\u00e1s superfluo, puede decirse que\nespor\u00e1dicamente nos comamos alguna rosquilla, porque es lo nuestro,\nya saben lo que dec\u00edan los romanos del pan y del circo ese que hab\u00eda\nque echarle al pueblo de vez en cuando para calmarlo y distraerlo y,\nen las sociedades modernas, si no es de pan, lo que es de circo s\u00ed\ntenemos un rato largo.<\/p>\n\n\n\n<p>\tSin\nir m\u00e1s lejos y teniendo en cuenta que uno est\u00e1 casado y bien casado\n\u00bfa qui\u00e9n no se le han <em>soliviantado\nun poco las pajarillas<\/em>\nviendo a Garbi\u00f1e Mugururza jugar al tenis en Roland Garros, aunque\neste a\u00f1o tocara la de arena, tan veraniega, luciendo ese palmito con\nque la pari\u00f3 <em>su<\/em>\n<em>mam\u00e1<\/em>,\nteniendo adem\u00e1s como tiene, la muy pu\u00f1etera, esa moral de victoria\ntan resquebrajadiza y esas reacciones fulgurantes tan caprichosas e\ninesperadas?  Y no me digan ustedes que tampoco han disfrutado el\npasado fin de semana con el triunfo incontestable de <em>La\nRoja sub-21 en la Final del Campeonato de Europa<\/em>\nfrente a la rocosa Alemania, tan ordenada y firme como siempre. Y con\nnuestro paisano, el motrile\u00f1o Luis Rubiales Jr, celebrando el\ntriunfo en suelo italiano y dici\u00e9ndonos t\u00e1citamente a todos que a\n\u00e9l no le va a pasar lo que a su antecesor en el cargo, el Villar\nese, que fue <em>encontrado<\/em>\n<em>con\nlas manos en la masa. <\/em>Y\ncomo los periodistas y dirigentes deportivos, habla (qu\u00e9 orgullo)\nsin esconder el acento local.<\/p>\n\n\n\n<p>\tY\ntampoco debe de ser moco de pavo lo que el aficionado sienta si le da\npor ver la repetici\u00f3n de una corrida de San Isidro, en <em>Canal+\nToros,<\/em>\nesperando como estamos los Sanfermines, esa manifestaci\u00f3n\n<em>irrefrenable\n<\/em>de\nla <em>fuerza<\/em>\ny del <em>arte<\/em>\npatrios, esa plaza de toros donde pasa todo <em>en\nmanada <\/em>sin\nque nadie parezca verlo y como <em>quien\nno quiere la cosa. Y luego, c\u00f3mo comen las pe\u00f1as, redi\u00f3s. Y c\u00f3mo\nse tiran los mozos y las mozas haciendo balconing desde lo alto, tan\nintr\u00e9pidos como los requet\u00e9s, riau, riau. <\/em>Como\ndec\u00eda Gila contando c\u00f3mo eran las fiestas de su pueblo\u2026 Y si nos\nda por bajarnos a la Costa y tomarnos unos  espetos en un\nchiringuito, con sus <em>birritas\n<\/em>correspondientes\nno me digan que no disfrutamos una barbaridad.<\/p>\n\n\n\n<p>\nY\neso para quienes nos d\u00e9 por refrescarnos y divertirnos por la\nAlpujarra, o sobre todo por Lanjar\u00f3n, con esas  aguas tan saludables\npor dentro y por fuera, reci\u00e9n reseteadas,  y  a la vez, \nlimp\u00edsimas. Y Borrell, que ha terminado sali\u00e9ndose con la suya\nporque, como dec\u00edan en mi pueblo despu\u00e9s de la guerra, los\njorobados y los bizcos siempre tienen mucha suerte y acaban\nllev\u00e1ndose la raz\u00f3n incluso antes que sus jefes de filas que, en\nvez de tener que lidiar con Merkel o Cristine Lagarde (que tambi\u00e9n)\nles ha tocado discutir con  la persistencia machacona de Pablo\nIglesias, m\u00e1s pesado con sus asuntos que una pava en un pepino, que\nya es decir, y no lo dejan a uno ni respirar. \n<\/p>\n\n\n\n<p>\tY\ncon todos estos mimbres, el verano va a ser glorioso y no hay quien\npronostique en uno u otro sentido ni de qu\u00e9 lado de la red caer\u00e1 la\nbola amarilla ni en el campo de qui\u00e9n terminar\u00e1 por alojarse ni,\nsobre todo de si, para saberlo habr\u00e1 que recurrir a otras elecciones\ngenerales ni, sobre todo, cu\u00e1l ser\u00e1 el coste a\u00f1adido de las\nmismas.<\/p>\n\n\n\n<p>\tLuego\nfalta tambi\u00e9n dilucidar las soluciones de las inc\u00f3gnitas granadinas\ny saber si, como parece, el tanteo de VOX a la izquierda reci\u00e9n\ndesfenestrada de la alcald\u00eda de la capital  para formalizar un\naut\u00e9ntico pacto con su consiguiente moci\u00f3n de censura a Luis\nSalvador guarda alg\u00fan punto de verosimilitud como en Murcia o es que\nla derechona resulta tan cobarde como la derechita y se echa para\natr\u00e1s a la hora de la verdad tanto o m\u00e1s la una que la otra. Y al\nfinal, todo el mundo piensa que todo esto son <em>galiborleos<\/em>\nque no acaban de fraguar en nada serio (como en Murcia, repito, c\u00f3mo\nser\u00eda el candidato en cuesti\u00f3n paras sonrojarlos) como el nuevo\nalcalde cuando empieza a hablar en plan jurista como Groucho Marx con\naquello de la <em>primera\nparte contratante&#8230;<\/em>\n\n<\/p>\n\n\n\n<p>\tTotal\nque, resolviendo lo del Ave y su terminaci\u00f3n definitiva y poniendo\nuna vez m\u00e1s a nuestra Universidad en el cuadro de honor que ella sin\nduda merece en el concierto del resto de las espa\u00f1olas y\nextranjeras, dejamos pasada (o casi) la lista de cuestiones que\nnuestra Granada nos suscita y solo dejamos fuera el acuerdo expl\u00edcito\nentre el due\u00f1o    chino del Granada club de f\u00fatbol y los\nrepresentantes del poder local porque eso <em>va\nde suyo<\/em>\ny no hay forma de vigilar su cumplimiento por el secretismo de los\norientales.        <em>\n<\/em>\n \t Y as\u00ed acabar\u00e1 el verano, con algunos enigmas resueltos y otros\nsin resolver, pero con gran jolgorio sin que ello importe a priori\ndemasiado sabiendo como sabemos que <em>la\n historia es un proceso sin sujeto y sin fin(es)<\/em>,\ncomo dijo con tanta rez\u00f3n como precisi\u00f3n el maestro de fil\u00f3sofos y\nde m\u00e1s cosas, el gran Louis Althusser antes de empezar a hacer y a\ndecir cosas raras y a volver a entrar en la <em>f\u00e9rula\npapista y vaticana, <\/em>postrer\nproceso de sus andanzas filos\u00f3ficas donde ya no tiene nada que\nense\u00f1arnos ni sobre qu\u00e9 enga\u00f1arnos<\/p>\n","protected":false},"excerpt":{"rendered":"<p>LOS CAPRICHOS DEL VERANO por JUAN ALFREDO BELL\u00d3N para EL MIRADOR DE ATARFE del domingo&#8230;<\/p>\n","protected":false},"author":1,"featured_media":33236,"comment_status":"closed","ping_status":"closed","sticky":false,"template":"","format":"standard","meta":{"_coblocks_attr":"","_coblocks_dimensions":"","_coblocks_responsive_height":"","_coblocks_accordion_ie_support":"","jetpack_post_was_ever_published":false,"_jetpack_newsletter_access":"","_jetpack_dont_email_post_to_subs":false,"_jetpack_newsletter_tier_id":0,"_jetpack_memberships_contains_paywalled_content":false,"_jetpack_memberships_contains_paid_content":false,"footnotes":"","jetpack_publicize_message":"","jetpack_publicize_feature_enabled":true,"jetpack_social_post_already_shared":false,"jetpack_social_options":{"image_generator_settings":{"template":"highway","default_image_id":0,"enabled":false},"version":2}},"categories":[1161,186,36,44,15],"tags":[42,6254,965,914],"class_list":["post-33235","post","type-post","status-publish","format-standard","has-post-thumbnail","hentry","category-ciudadania","category-instituciones","category-opinion-de-juan-alfredo-bellon","category-noticias-de-hoy","category-ultimas-noticias","tag-politica","tag-san-fermines","tag-vacaciones","tag-verano"],"jetpack_publicize_connections":[],"jetpack_featured_media_url":"https:\/\/i0.wp.com\/miradordeatarfe.es\/wp-content\/uploads\/2019\/07\/4662998.jpg?fit=1600%2C900&ssl=1","jetpack_likes_enabled":true,"jetpack_sharing_enabled":true,"_links":{"self":[{"href":"https:\/\/miradordeatarfe.es\/index.php?rest_route=\/wp\/v2\/posts\/33235","targetHints":{"allow":["GET"]}}],"collection":[{"href":"https:\/\/miradordeatarfe.es\/index.php?rest_route=\/wp\/v2\/posts"}],"about":[{"href":"https:\/\/miradordeatarfe.es\/index.php?rest_route=\/wp\/v2\/types\/post"}],"author":[{"embeddable":true,"href":"https:\/\/miradordeatarfe.es\/index.php?rest_route=\/wp\/v2\/users\/1"}],"replies":[{"embeddable":true,"href":"https:\/\/miradordeatarfe.es\/index.php?rest_route=%2Fwp%2Fv2%2Fcomments&post=33235"}],"version-history":[{"count":1,"href":"https:\/\/miradordeatarfe.es\/index.php?rest_route=\/wp\/v2\/posts\/33235\/revisions"}],"predecessor-version":[{"id":33237,"href":"https:\/\/miradordeatarfe.es\/index.php?rest_route=\/wp\/v2\/posts\/33235\/revisions\/33237"}],"wp:featuredmedia":[{"embeddable":true,"href":"https:\/\/miradordeatarfe.es\/index.php?rest_route=\/wp\/v2\/media\/33236"}],"wp:attachment":[{"href":"https:\/\/miradordeatarfe.es\/index.php?rest_route=%2Fwp%2Fv2%2Fmedia&parent=33235"}],"wp:term":[{"taxonomy":"category","embeddable":true,"href":"https:\/\/miradordeatarfe.es\/index.php?rest_route=%2Fwp%2Fv2%2Fcategories&post=33235"},{"taxonomy":"post_tag","embeddable":true,"href":"https:\/\/miradordeatarfe.es\/index.php?rest_route=%2Fwp%2Fv2%2Ftags&post=33235"}],"curies":[{"name":"wp","href":"https:\/\/api.w.org\/{rel}","templated":true}]}}