{"id":33250,"date":"2019-07-09T10:00:52","date_gmt":"2019-07-09T08:00:52","guid":{"rendered":"http:\/\/miradordeatarfe.es\/?p=33250"},"modified":"2019-07-08T13:05:32","modified_gmt":"2019-07-08T11:05:32","slug":"cierran-cerca-de-1-500-aulas-publicas-en-andalucia-desde-2011-mientras-crecen-las-concertadas","status":"publish","type":"post","link":"https:\/\/miradordeatarfe.es\/?p=33250","title":{"rendered":"Cierran cerca de 1.500 aulas p\u00fablicas en Andaluc\u00eda desde 2011, mientras crecen las concertadas"},"content":{"rendered":"\n<h4 class=\"wp-block-heading\">Ustea denuncia que el pr\u00f3ximo curso los  centros privado-concertados atender\u00e1n a m\u00e1s de la mitad del alumnado de  muchas capitales y ciudades andaluzas, hasta llegar a un 60-70% de la  poblaci\u00f3n escolarizada<\/h4>\n\n\n\n<p>El sindicato Ustea ha lamentado este martes\n que el proceso de escolarizaci\u00f3n deja \u201ctambi\u00e9n\u201d este a\u00f1o \u201cun triste \nbalance de p\u00e9rdida de unidades en la ense\u00f1anza p\u00fablica en Andaluc\u00eda\u201d. Y \nes que destacan que desde 2011, <strong>en Andaluc\u00eda se han cerrado cerca de 1.500 aulas p\u00fablicas<\/strong>, mientras que en las grandes ciudades andaluzas la oferta privada-concertada predomina.<\/p>\n\n\n\n<p>En concreto, el sindicato detalla que, en <strong>Almer\u00eda<\/strong>,\n los centros afectados por \u201csupresi\u00f3n de unidades\u201d son los CEIP Luis \nSiret, Los Millares, Sim\u00f3n Fuentes (en Carboneras); Celia Vi\u00f1as (Berja),\n Francisco de Goya, Ave Mar\u00eda del Diezmo y Federico Garc\u00eda Lorca (en \nPulp\u00ed).<\/p>\n\n\n\n<p>En <strong>C\u00e1diz<\/strong>, los centros \nafectados, seg\u00fan Ustea, son los CEIP La Inmaculada, Almirante Laulh\u00e9 y \nLuis Lamadrid, adem\u00e1s de un primero de Bachillerato del IES San \nSeveriano, y l\u00edneas de infantil del CEIP Santa Teresa de Algeciras y del\n centro de educaci\u00f3n infantil El Faro. Tambi\u00e9n, los CEI El Juncal, \nTierno Galv\u00e1n, El Mayorazgo, La Inmaculada y el primero de ESO del IES \nColumela.<\/p>\n\n\n\n<p>En <strong>C\u00f3rdoba<\/strong>, desde Ustea citan los CEIP Algafequi, Lucano, Juan Alfonso, de Baena, Virrey del Pino y Jos\u00e9 de la Torre y el Cerro; en <strong>Granada<\/strong>, el IES Francisco Ayala \u2014una l\u00ednea en primero y otra en segundo de Bachillerato\u2014 y la Escuela Oficial de Idiomas de Baza.<\/p>\n\n\n\n<p>En <strong>Huelva<\/strong>, seg\u00fan Ustea, \nlos centros afectados son los CEIP Marismas del Odiel y Virgen del \nCarmen, y en Ja\u00e9n, los CEIP Manuel de la Chica, F\u00e9lix Rodr\u00edguez de la \nFuente \u2014una l\u00ednea de Infantil y<br>\notra de Primaria, y San Fernando \u2014una l\u00ednea de infantil\u2014; as\u00ed como el \nIES Sant\u00edsima Trinidad de Baeza, la EI Mart\u00ednez Monta\u00f1\u00e9s y el IES Los \nCerros.<\/p>\n\n\n\n<p>En <strong>M\u00e1laga<\/strong>, Ustea cita los \nCEIP \u00c1ngel Ganivet \u2014con \u201cuna unidad menos de infantil y una menos de \nPrimaria\u201d\u2014; Severo Ochoa \u2014con \u201cuna unidad menos en infantil\u201d\u2014, y Mar\u00eda \nAuxiliadora, en Carratraca; y, finalmente, en <strong>Sevilla<\/strong>, \nlos CEIP Concepci\u00f3n de Estevarena, Reina Sof\u00eda, El Llanete de Mor\u00f3n de \nla Frontera \u2014ambos con \u201cuna l\u00ednea menos\u201d\u2014, Huerta del Pilar, Juan de \nMairena, Federico Garc\u00eda Lorca y Mart\u00edn de Gainza.<\/p>\n\n\n\n<h4 class=\"wp-block-heading\">\u201cCientos de docentes seguir\u00e1n engrosando las bolsas de trabajo y las listas del paro\u201d<\/h4>\n\n\n\n<p>Seg\u00fan Ustea, se trata del \u201cen\u00e9simo cap\u00edtulo\n del deterioro continuado de un servicio p\u00fablico fundamental como la \neducaci\u00f3n, una peligrosa traves\u00eda cuya vuelta atr\u00e1s necesita una \nvoluntad pol\u00edtica que no existe en la Consejer\u00eda de Educaci\u00f3n y Deporte,\n como tampoco la hubo en la anterior administraci\u00f3n educativa\u201d, en la \netapa de gobierno socialista. En esa l\u00ednea, el sindicato resalta que, <strong>\u201cdesde 2011\u201d, son ya \u201ccerca de 1.500\u201d las aulas p\u00fablicas \u201csuprimidas\u201d en Andaluc\u00eda.<\/strong><\/p>\n\n\n\n<p>Desde Ustea lamentan as\u00ed que \u201ccientos de aulas no abrir\u00e1n sus puertas el pr\u00f3ximo curso\u201d y \u201c<strong>cientos de profesionales de la docencia seguir\u00e1n engrosando las bolsas de trabajo y las listas del paro<\/strong>\u201c, adem\u00e1s de que \u201ccentenares de familias que <strong>se\n ver\u00e1n obligadas a inscribir a sus hijos en centros alejados de su \ndomicilio o son inducidas a escolarizarlos en la red privada concertada<\/strong>\u201c.<\/p>\n\n\n\n<p>Adem\u00e1s, desde Ustea advierten de que \u201ccon \nestas unidades escolares perdemos tambi\u00e9n la ocasi\u00f3n para aumentar la \ncalidad educativa, disminuyendo la cantidad de alumnos que debe atender \ncada docente, mejorando la atenci\u00f3n al alumnado con necesidades \nespec\u00edficas de apoyo educativo, atendiendo como se merece a la \ndiversidad que puebla nuestras aulas, ofreciendo el apoyo y el refuerzo \nnecesarios para no seguir sufriendo una tasa vergonzosa de fracaso y \nabandono escolar, dignificando las condiciones laborales de todo el \nprofesorado\u201d.<\/p>\n\n\n\n<p>Desde Ustea apostillan que, sin embargo, \u201cen los <strong>centros privados concertados<\/strong> no s\u00f3lo no se cierran aulas, sino que el <strong>pr\u00f3ximo\n curso se atender\u00e1 a m\u00e1s de la mitad del alumnado de muchas capitales y \nciudades medias de Andaluc\u00eda, en ocasiones hasta llegar a un 60 o 70% de\n la poblaci\u00f3n escolarizada\u201d.<\/strong><\/p>\n\n\n\n<blockquote class=\"wp-block-quote is-layout-flow wp-block-quote-is-layout-flow\"><p>En C\u00e1diz, Granada, M\u00e1laga y algunos barrios de Sevilla, \nC\u00f3rdoba o Linares, la oferta privada-concertada predomina sobre la \np\u00fablica<\/p><\/blockquote>\n\n\n\n<p>\u201cEs el caso de C\u00e1diz, Granada, M\u00e1laga o \nalgunos barrios de Sevilla y C\u00f3rdoba, de Antequera (M\u00e1laga), Baena \n(C\u00f3rdoba), La Palma del Condado (Huelva) o Linares (Ja\u00e9n)\u201d, seg\u00fan abunda\n Ustea, desde donde precisan que, \u201cen estas y otras zonas, donde <strong>la oferta privada-concertada predomina sobre la p\u00fablica<\/strong>, no nos podemos permitir que el deterioro del servicio p\u00fablico se agudice a\u00fan m\u00e1s\u201d.<\/p>\n\n\n\n<p>Para Ustea, \u201cla bajada de las ratios \nm\u00e1ximas, demanda hist\u00f3rica del profesorado, incluso como medida \nextraordinaria en zonas como las se\u00f1aladas, saturadas de oferta \nprivada-concertada, podr\u00eda contribuir a paliar el deterioro del servicio\n p\u00fablico, evitando que se haga un fen\u00f3meno irreversible\u201d.<\/p>\n\n\n\n<p>Desde Ustea lanzan al consejero de \nEducaci\u00f3n y Deporte, Javier Imbroda, el mensaje de que \u201cno podemos \nconsentir el desmantelamiento de la ense\u00f1anza p\u00fablica en beneficio de \nunos privilegios elitistas\u201d, y exigen \u201cla adopci\u00f3n inmediata de medidas \npara evitarlo\u201d. \u201cNo podemos aceptar el abandono de la justicia y el \nprogreso a cambio de la desigualdad y la miseria\u201d, enfatiza el \nsindicato.<\/p>\n\n\n\n<p>Ustea anuncia que seguir\u00e1 \u201crecabando datos  de centros que pueden verse afectados\u201d y promover\u00e1 \u201cactivamente\u201d y  apoyar\u00e1 \u201ccuantas movilizaciones surjan, promovidas por ampas,  directivas, profesorado o desde la comunidad educativa en general\u201d, a  quienes les env\u00edan todo su \u201capoyo y solidaridad\u201d.<\/p>\n\n\n\n<figure class=\"wp-block-embed-wordpress wp-block-embed is-type-wp-embed is-provider-lavozdelsur-es\"><div class=\"wp-block-embed__wrapper\">\nhttps:\/\/www.lavozdelsur.es\/cierran-cerca-de-1-500-aulas-publicas-en-andalucia-desde-2011-mientras-crecen-las-concertadas\/?fbclid=IwAR3JeKl4-HPIBVYEJg1gmlwFKnaNNa5hGwjYvcJ7QvhHaM0QrGbv3fc1Qo0\n<\/div><\/figure>\n","protected":false},"excerpt":{"rendered":"<p>Ustea denuncia que el pr\u00f3ximo curso los centros privado-concertados atender\u00e1n a m\u00e1s de la mitad&#8230;<\/p>\n","protected":false},"author":1,"featured_media":33251,"comment_status":"closed","ping_status":"closed","sticky":false,"template":"","format":"standard","meta":{"_coblocks_attr":"","_coblocks_dimensions":"","_coblocks_responsive_height":"","_coblocks_accordion_ie_support":"","jetpack_post_was_ever_published":false,"_jetpack_newsletter_access":"","_jetpack_dont_email_post_to_subs":false,"_jetpack_newsletter_tier_id":0,"_jetpack_memberships_contains_paywalled_content":false,"_jetpack_memberships_contains_paid_content":false,"footnotes":"","jetpack_publicize_message":"","jetpack_publicize_feature_enabled":true,"jetpack_social_post_already_shared":false,"jetpack_social_options":{"image_generator_settings":{"template":"highway","default_image_id":0,"enabled":false},"version":2}},"categories":[187,186,44,15],"tags":[3626,27,463,934],"class_list":["post-33250","post","type-post","status-publish","format-standard","has-post-thumbnail","hentry","category-centros-educativos","category-instituciones","category-noticias-de-hoy","category-ultimas-noticias","tag-concertada","tag-educacion","tag-escuela-publica","tag-junta-de-andalucia"],"jetpack_publicize_connections":[],"jetpack_featured_media_url":"https:\/\/i0.wp.com\/miradordeatarfe.es\/wp-content\/uploads\/2019\/07\/escuela-publica-780x405.jpg?fit=780%2C405&ssl=1","jetpack_likes_enabled":true,"jetpack_sharing_enabled":true,"_links":{"self":[{"href":"https:\/\/miradordeatarfe.es\/index.php?rest_route=\/wp\/v2\/posts\/33250","targetHints":{"allow":["GET"]}}],"collection":[{"href":"https:\/\/miradordeatarfe.es\/index.php?rest_route=\/wp\/v2\/posts"}],"about":[{"href":"https:\/\/miradordeatarfe.es\/index.php?rest_route=\/wp\/v2\/types\/post"}],"author":[{"embeddable":true,"href":"https:\/\/miradordeatarfe.es\/index.php?rest_route=\/wp\/v2\/users\/1"}],"replies":[{"embeddable":true,"href":"https:\/\/miradordeatarfe.es\/index.php?rest_route=%2Fwp%2Fv2%2Fcomments&post=33250"}],"version-history":[{"count":1,"href":"https:\/\/miradordeatarfe.es\/index.php?rest_route=\/wp\/v2\/posts\/33250\/revisions"}],"predecessor-version":[{"id":33252,"href":"https:\/\/miradordeatarfe.es\/index.php?rest_route=\/wp\/v2\/posts\/33250\/revisions\/33252"}],"wp:featuredmedia":[{"embeddable":true,"href":"https:\/\/miradordeatarfe.es\/index.php?rest_route=\/wp\/v2\/media\/33251"}],"wp:attachment":[{"href":"https:\/\/miradordeatarfe.es\/index.php?rest_route=%2Fwp%2Fv2%2Fmedia&parent=33250"}],"wp:term":[{"taxonomy":"category","embeddable":true,"href":"https:\/\/miradordeatarfe.es\/index.php?rest_route=%2Fwp%2Fv2%2Fcategories&post=33250"},{"taxonomy":"post_tag","embeddable":true,"href":"https:\/\/miradordeatarfe.es\/index.php?rest_route=%2Fwp%2Fv2%2Ftags&post=33250"}],"curies":[{"name":"wp","href":"https:\/\/api.w.org\/{rel}","templated":true}]}}