{"id":33369,"date":"2019-07-14T11:21:26","date_gmt":"2019-07-14T09:21:26","guid":{"rendered":"http:\/\/miradordeatarfe.es\/?p=33369"},"modified":"2020-06-26T13:24:39","modified_gmt":"2020-06-26T11:24:39","slug":"la-mare-que-sus-va-parir-por-juan-alfredo-bellon","status":"publish","type":"post","link":"https:\/\/miradordeatarfe.es\/?p=33369","title":{"rendered":"\u00bb LA MARE QUE SUS VA PAR\u00cdR\u00bb por Juan Alfredo Bell\u00f3n"},"content":{"rendered":"\n<p> <em><strong>LA MARE QUE SUS VA PAR\u00cdR<\/strong><\/em> <strong>por JUAN ALFREDO BELL\u00d3N <\/strong> <strong>para EL  MIRADOR DE ATARFE <\/strong> <strong>del\ndomingo 14-07-2019<\/strong><\/p>\n\n\n\n<p>\tYa\nest\u00e1 aqu\u00ed el verano y s\u00ed, sabemos c\u00f3mo se nos han echado encima\nlas calores (siempre distingu\u00ed desde que tuve que vivir en Sevilla,\nla diferencia de intensidad entre <em>el\ncalor<\/em>,<em>\nla calor <\/em>y\n<em>las\ncalores <\/em>y,\npor lo que se ve, este a\u00f1o<em>\nhemos empezado la casa por el tejado<\/em>)<em>\n<\/em>as\u00ed,\nde sopet\u00f3n, como quien no quiere la cosa, \u00a1plaf! Y ya empieza a\nhablar todo el mundo de la <em>inclusividad<\/em>\n del cambio clim\u00e1tico, que s\u00ed, que ya lo tenemos encima, <em>pese\na quien Trump pese. <\/em>Pero\nes a nosotros a quienes nos achuchan <em>el\ncalor, la calor y las calores y la mare que sus va \u00e0 parir a los\nmetere\u00f3logos, que parec\u00e9is todos cortados por la misma tijera y\nmentis m\u00e1s que habl\u00e1is (bueno,  porque habl\u00e1is) y nos envolv\u00e9is\ncon vuestro discurso tecnocr\u00e1tico y, al final, siempre nos coge el\ntoro. Al final, siempre nos coge, no teng\u00e1is duda de ninguna clase y\nla verdad es as\u00ed d\u00edgala Agamen\u00f3n o su porquero, y ya sab\u00e9is que\nAgamen\u00f3n asiente pero su porquero no est\u00e1 de acuerdo\u2026<\/em><\/p>\n\n\n\n<p>\n<em>\tY\nos preguntar\u00e9is por qu\u00e9 hago tantas veces menci\u00f3n del discurso\nmetereol\u00f3gico y es as\u00ed porque,  tomando una opci\u00f3n leg\u00edtima, nos\nentendemos mejor, tomando lo escrito al pie de la letra y tambi\u00e9n,\nsobre todo, ateni\u00e9ndonos al estilo figurado. Que funciona como un\ndoble discurso de fondo: no hay mal (ni bien) que mil a\u00f1os dure y \ntras de la tempestad viene la calma. Por eso \u00bfa qu\u00e9 viene tanto\nmiedo ni tanto asco a la extrema derecha, si a la postre v\u00e1is (y\nvamos) a tener que posar con ella. Por eso, el discurso meteorol\u00f3gico\ny el pol\u00edtico en suma, tienen tanto \u00e9xito, porque ayudan a la\nintercomprensi\u00f3n y tanto dan como quitan porque son interfaces de\nuna \u00fanica matriz: la de la derecha administradora universal de\ncuanto existe en los anaqueles de esta Administraci\u00f3n y de ah\u00ed el\ninter\u00e9s que tambi\u00e9n tiene Pablo Iglesias por ingresar en la\nCofrad\u00eda.<\/em><\/p>\n\n\n\n<p>\n<em>\t-Y\nno que me voy a gi\u00f1ar en la mare que sus va a parir, as\u00ed, con una\naparente per\u00edfrasis de futuro para indicar per\u00edfrasis de pasado,\ncomo dicen los catalanes, que todo lo cantan por per\u00edfrasis\nmetaf\u00f3ricas (t\u00b4extimo \u00bfno?). O Ignasi: te he dicho que vengas,\n<\/em>como\ndec\u00eda la Gata Loca.<\/p>\n\n\n\n<p><em>\t\n<\/em>Por\neso, no hay nada mas feo que un exremista de derechas, como tampoco \nuno de izquierdas, como Pablo Iglesias, el Predicador, que nos habla\nde isobaras,  ciclog\u00e9nesis explosivas, depresi\u00f3n, viento\nhuracanado, frente nuboso y borrascoso, paralelos y meridianos,\nfen\u00f3menos propios de un frente borrascoso huracanado lleno de una\nconcatenaci\u00f3n de tormentas tropicales de alto voltaje, etc.<\/p>\n\n\n\n<p>\tY\nahora llevamos una eternidad ofreciendo a Podemos (nosotras, claro)\nacceder a la mesa de los mejor tratados, que no es poco, y ellos\/-as\nllevan otro tanto dici\u00e9ndonos que s\u00ed pero que no, que no se f\u00edan\nde nosotras <em>ni\nde Dios que baje a vernos desde su santo <\/em><em>Cielo<\/em><em>.\n\u00bfEst\u00e1 claro? \u00bfNo? <\/em>Pues\nparece que no, porque llevamos as\u00ed todo el a\u00f1o y nadie nos apeamos\ndel burro mientras corre el tiempo que se las pela y ya lo tenemos\nencima en sucesivas oleadas y el veraneo, apretando y las agencias de\nviajes, meti\u00e9ndonos la bulla y, como dec\u00eda mi hermana Laly, cuando\nchica, y le entraba el <em>filil\u00ed<\/em>\npor salir: <em>los\nni\u00f1os, en la calle; la m\u00fasica, tocando; la Virgen , procesionando y\nLaly, sin vestir.<\/em><\/p>\n\n\n\n<p><em>\t<\/em>Y\nlos de la UE dicen ahora que la Uni\u00f3n no puede perder influencia en\nlas instituciones comunitarias con la marcha de Lagarde a la\nComisi\u00f3n, y yo les digo que les mandemos a Aznar a ver si, estando\nocupado, nos deja respirar tranquilos a sus compatriotas y se dedica\na cambiar para bien la presencia espa\u00f1ola en la Uni\u00f3n Europea ahora\nque ya parecemos mayores de edad.<\/p>\n\n\n\n<p><em>\t<\/em>De\ntodas formas, no ser\u00e9 yo quien defienda mejor lo que debemos hacer\nlos europeos para ganar en Bruselas peso para nuestras respectivas\nnaciones, dado que aquello parece una merienda de negros y\nconstantemente nos recuerdan que llegamos tarde, que no fuimos socios\nfundadores y lo mucho que tuvieron que ayudarnos hasta poder estar en\ncondiciones de ser socios de pleno derecho. As\u00ed,\nse me ocurre c\u00f3mo podr\u00edamos  quitarnos de encima la pejiguera de\nPablo Iglesias y su imposici\u00f3n de un acuerdo de Gobierno de\nCoalici\u00f3n  para poder gobernar en esta legislatura: bastar\u00eda con\nhacer ministros\na I\u00f1igo Errej\u00f3n (de\nla Infancia y otras Menudencias)\ny a  Manuela Carmena (de\nla Madurez y otras Magnificencias)\nlncondicionalmente. Eso.<\/p>\n","protected":false},"excerpt":{"rendered":"<p>LA MARE QUE SUS VA PAR\u00cdR por JUAN ALFREDO BELL\u00d3N para EL MIRADOR DE ATARFE&#8230;<\/p>\n","protected":false},"author":1,"featured_media":33396,"comment_status":"closed","ping_status":"closed","sticky":false,"template":"","format":"standard","meta":{"_coblocks_attr":"","_coblocks_dimensions":"","_coblocks_responsive_height":"","_coblocks_accordion_ie_support":"","jetpack_post_was_ever_published":false,"_jetpack_newsletter_access":"","_jetpack_dont_email_post_to_subs":false,"_jetpack_newsletter_tier_id":0,"_jetpack_memberships_contains_paywalled_content":false,"_jetpack_memberships_contains_paid_content":false,"footnotes":"","jetpack_publicize_message":"","jetpack_publicize_feature_enabled":true,"jetpack_social_post_already_shared":false,"jetpack_social_options":{"image_generator_settings":{"template":"highway","default_image_id":0,"enabled":false},"version":2}},"categories":[1161,36,44,15],"tags":[3878,4603,2837,714],"class_list":["post-33369","post","type-post","status-publish","format-standard","has-post-thumbnail","hentry","category-ciudadania","category-opinion-de-juan-alfredo-bellon","category-noticias-de-hoy","category-ultimas-noticias","tag-iglesias","tag-meteorologia","tag-pablo-manuel","tag-tiempo"],"jetpack_publicize_connections":[],"jetpack_featured_media_url":"https:\/\/i0.wp.com\/miradordeatarfe.es\/wp-content\/uploads\/2019\/07\/1562705481_660794_1562705549_noticia_normal-1.jpg?fit=1080%2C720&ssl=1","jetpack_likes_enabled":true,"jetpack_sharing_enabled":true,"_links":{"self":[{"href":"https:\/\/miradordeatarfe.es\/index.php?rest_route=\/wp\/v2\/posts\/33369","targetHints":{"allow":["GET"]}}],"collection":[{"href":"https:\/\/miradordeatarfe.es\/index.php?rest_route=\/wp\/v2\/posts"}],"about":[{"href":"https:\/\/miradordeatarfe.es\/index.php?rest_route=\/wp\/v2\/types\/post"}],"author":[{"embeddable":true,"href":"https:\/\/miradordeatarfe.es\/index.php?rest_route=\/wp\/v2\/users\/1"}],"replies":[{"embeddable":true,"href":"https:\/\/miradordeatarfe.es\/index.php?rest_route=%2Fwp%2Fv2%2Fcomments&post=33369"}],"version-history":[{"count":1,"href":"https:\/\/miradordeatarfe.es\/index.php?rest_route=\/wp\/v2\/posts\/33369\/revisions"}],"predecessor-version":[{"id":33372,"href":"https:\/\/miradordeatarfe.es\/index.php?rest_route=\/wp\/v2\/posts\/33369\/revisions\/33372"}],"wp:featuredmedia":[{"embeddable":true,"href":"https:\/\/miradordeatarfe.es\/index.php?rest_route=\/wp\/v2\/media\/33396"}],"wp:attachment":[{"href":"https:\/\/miradordeatarfe.es\/index.php?rest_route=%2Fwp%2Fv2%2Fmedia&parent=33369"}],"wp:term":[{"taxonomy":"category","embeddable":true,"href":"https:\/\/miradordeatarfe.es\/index.php?rest_route=%2Fwp%2Fv2%2Fcategories&post=33369"},{"taxonomy":"post_tag","embeddable":true,"href":"https:\/\/miradordeatarfe.es\/index.php?rest_route=%2Fwp%2Fv2%2Ftags&post=33369"}],"curies":[{"name":"wp","href":"https:\/\/api.w.org\/{rel}","templated":true}]}}