{"id":33376,"date":"2019-07-15T10:09:05","date_gmt":"2019-07-15T08:09:05","guid":{"rendered":"http:\/\/miradordeatarfe.es\/?p=33376"},"modified":"2019-07-13T14:09:46","modified_gmt":"2019-07-13T12:09:46","slug":"primera-general-en-la-historia-de-las-fuerzas-armadas-espanolas","status":"publish","type":"post","link":"https:\/\/miradordeatarfe.es\/?p=33376","title":{"rendered":"Primera general en la historia de las Fuerzas Armadas espa\u00f1olas"},"content":{"rendered":"\n<h4 class=\"wp-block-heading\">El Gobierno ver\u00e1 este viernes el ascenso de la coronel Ortega, 31 a\u00f1os despu\u00e9s del ingreso de la mujer en el Ej\u00e9rcito<\/h4>\n\n\n\n<p><a href=\"https:\/\/elpais.com\/politica\/2018\/10\/30\/actualidad\/1540889421_709330.html\">Patricia Ortega Garc\u00eda, madrile\u00f1a de 56 a\u00f1os,<\/a>\n se convertir\u00e1 este viernes, con toda probabilidad, en la primera \noficial general de la historia de las Fuerzas Armadas espa\u00f1olas. La \nministra de Defensa en funciones, Margarita Robles, tiene ya preparada \nsu propuesta de ascenso a general de brigada para llevarla al Consejo de\n Ministros.<\/p>\n\n\n\n<p>La llegada de la primera mujer a la c\u00faspide de la jerarqu\u00eda militar se produce 31 a\u00f1os despu\u00e9s de que <a href=\"https:\/\/elpais.com\/diario\/1985\/07\/26\/sociedad\/491176804_850215.html\">el Ej\u00e9rcito abriera sus puertas al sexo femenino<\/a>.\n Ortega fue una de las pioneras que se alist\u00f3 hace tres d\u00e9cadas, cuando \npor primera vez se rompi\u00f3 el monopolio de los varones en las Fuerzas \nArmadas espa\u00f1olas; y desde entonces, a su pesar, ha ido abriendo camino:\n fue la primera teniente coronel en 2009, la primera coronel en 2015 y, \nahora, la primera que ostentar\u00e1 el faj\u00edn de general.PUBLICIDAD<\/p>\n\n\n\n<p>\u201cAl principio hab\u00eda much\u00edsima presi\u00f3n. Te sent\u00edas muy observada, estabas siempre bajo lupa\u201d, explicaba en una <a href=\"https:\/\/elpais.com\/politica\/2016\/08\/13\/actualidad\/1471104656_794304.html\">entrevista a EL PA\u00cdS en agosto de 2016.<\/a>\n \u201cSi un hombre hace algo, lo ha hecho Zutano, y no se juzga al colectivo\n masculino por una actuaci\u00f3n individual. En el caso de las mujeres no es\n as\u00ed. Si alguna de nosotras hace algo bueno o malo, generalmente lo \nsegundo, nos salpica a todas\u201d.<\/p>\n\n\n\n<p>Ingeniera agr\u00f3noma por la Universidad Polit\u00e9cnica de Madrid, ingres\u00f3 \nen la Academia General Militar de Zaragoza en 1988 y continu\u00f3 su \nformaci\u00f3n en la Escuela Polit\u00e9cnica Superior del Ej\u00e9rcito de Tierra, \nespecialidad en Construcci\u00f3n, siendo la \u00fanica mujer de su promoci\u00f3n del \nCuerpo de Ingenieros Polit\u00e9cnicos del Ej\u00e9rcito. Nieta, hija y hermana de\n militares, est\u00e1 casada y tiene tres hijos.<\/p>\n\n\n\n<p>Como teniente coronel, estuvo destinada en la Direcci\u00f3n de \nInfraestructuras del Ministerio de Defensa, donde dirigi\u00f3 diversos \nproyectos al frente de un equipo de ingenieros. Ya como coronel, ha \nestado en el Cuartel General del Ej\u00e9rcito de Tierra y, actualmente, en \nel Instituto de T\u00e9cnica Aeroespacial Esteban de Terradas (INTA).<\/p>\n\n\n\n<p>Aunque el ascenso al generalato es una decisi\u00f3n discrecional del \nConsejo de Ministros, los aspirantes deben cumplir una serie de \nrigurosos requisitos. Entre ellos, superar el denominado curso de \n\u201cactualizaci\u00f3n para el desarrollo de cometidos de oficial general\u201d, que \nla coronel Ortega realiz\u00f3 entre el 9 de noviembre y el 15 de marzo \npasados. Posteriormente, debe producirse la propuesta del Consejo \nSuperior del Ej\u00e9rcito y existir una vacante de su especialidad.<\/p>\n\n\n\n<p>Ortega se ha manifestado en contra de la existencia de cupos y no ha \nocultado su malestar por el hecho de que algunos atribuyeran su carrera \nprofesional a su condici\u00f3n de mujer. \u201cEl proceso ha sido completamente \nas\u00e9ptico\u201d, explicaba tras su ascenso a coronel. \u201cSe ha seguido el m\u00e9todo\n habitual de evaluaci\u00f3n en las Fuerzas Armadas, en base a unos baremos \nobjetivos que dan una clasificaci\u00f3n. [&#8230;] Hemos salido ordenados con el\n n\u00famero que nos dio la clasificaci\u00f3n prevista en la ley de la carrera \nmilitar, en la que se valora el m\u00e9rito y la capacidad\u201d, insist\u00eda.<\/p>\n\n\n\n<p>En cualquier caso, el ascenso de una mujer al empleo de oficial \ngeneral viene a normalizar una situaci\u00f3n que ya se da en muchos \nej\u00e9rcitos extranjeros, como el de Estados Unidos, e incluso \nlatinoamericanos.<\/p>\n\n\n\n<p>Tres d\u00e9cadas despu\u00e9s de su incorporaci\u00f3n, las Fuerzas Armadas \nespa\u00f1olas cuentan con 15.286 mujeres, seg\u00fan las \u00faltimas cifras \ndisponibles, lo que representa el 12,7% del total. Un porcentaje que \nest\u00e1 por encima de la media de la OTAN, 10,9%, y de pa\u00edses como Italia, \nAlemania, Holanda o Reino Unido, aunque por detr\u00e1s de EE UU y Francia.<\/p>\n\n\n\n<p>La mayor\u00eda de las mujeres militares, el 81,4%, pertenece a la escala \nde tropa y mariner\u00eda, el escal\u00f3n m\u00e1s bajo de la jerarqu\u00eda militar. Las \nmujeres son el 16,3% de los soldados y marineros, pero solo el 8,9% de \nlos oficiales y el 5% de los suboficiales.<\/p>\n\n\n\n<p>La escasa presencia de mujeres en los empleos m\u00e1s altos se ha \njustificado por su tard\u00eda incorporaci\u00f3n a las Fuerzas Armadas. El techo \nse rompe con el ascenso de Ortega a oficial general, un camino en el que\n le seguir\u00e1n otras; pues al menos hay ya dos coroneles y numerosas \ntenientes coroneles y comandantes de sexo femenino.<\/p>\n\n\n\n<p>Aunque las puertas de los cuarteles se entreabrieron para las mujeres\n en 1988, no fue hasta una d\u00e9cada despu\u00e9s, en 1999, cuando se \nsuprimieron completamente las restricciones y se permiti\u00f3 su acceso a \ntodos los empleos, cuerpos y destinos.<\/p>\n\n\n\n<p>Preguntada por el proceso de integraci\u00f3n de la mujer en las Fuerzas  Armadas, Ortega respond\u00eda a este diario: \u201cCreo que podemos sentir  orgullo. \u00bfHay alguna sombra? Obvio. Somos el reflejo de la sociedad y en  las Fuerzas Armadas hay cabestros, como en todas partes. Pero  institucionalmente se han tomado medidas para que determinadas cosas no  pasen y, si pasan, se corrigen\u201d.<\/p>\n\n\n<p><br \/><!--StartFragment--><\/p>\n\n\n<h4 class=\"wp-block-heading\">La ministra y las pioneras<\/h4>\n\n\n\n<p><em>Cuando Margarita Robles, pionera en el mundo judicial, lleg\u00f3 al  Ministerio de Defensa en junio de 2018, se sorprendi\u00f3 de que solo el  12,7% de los militares fuesen mujeres y de que ninguna fuese general.  \u201cNo nos podemos conformar\u201d, dijo. La incorporaci\u00f3n de la mujer a las  Fuerzas Armadas, masiva en los primeros a\u00f1os, se fren\u00f3 con la crisis; y  su ascenso en la jerarqu\u00eda sigui\u00f3 el lento ritmo de la carrera militar.<\/em><\/p>\n\n\n\n<p>P<em>ero la coronel Patricia Ortega no ha estado sola. La comandante Rosa  Mar\u00eda Garc\u00eda-Malea fue la primera piloto de combate del Ej\u00e9rcito del  Aire y la primera de la patrulla acrob\u00e1tica \u00c1guila; la teniente de nav\u00edo  Esther Y\u00e1\u00f1ez Gonz\u00e1lez-Ir\u00fan, la primera al mando de un buque de la  Armada; la sargento primero Mar\u00eda de los \u00c1ngeles Roda, la primera en  embarcar en un submarino; la teniente coronel Ana Beteg\u00f3n, la primera en  dirigir un hospital de campa\u00f1a en Afganist\u00e1n; o la comandante Gala  Gallego, la primera al frente de una unidad de helic\u00f3pteros en Irak. La  soldado Idoia Rodr\u00edguez se convirti\u00f3 en 2007 en la primera militar  fallecida en zona de conflicto. Pero a las mujeres con vocaci\u00f3n militar  les faltaba un referente: la primera mujer con galones de general.<\/em><\/p>\n\n\n\n<p><a href=\"https:\/\/elpais.com\/autor\/miguel_gonzalez\/a\/\">Miguel Gonz\u00e1lez<\/a><\/p>\n\n\n\n<p><a href=\"https:\/\/elpais.com\/politica\/2019\/07\/10\/actualidad\/1562784246_624867.html?fbclid=IwAR2CTm_XwdHyrEBE_MQyTFRFt1pAWUcrdIvsJbIN0bA2XHQIfwAxrhcSLGY\">https:\/\/elpais.com\/politica\/2019\/07\/10\/actualidad\/1562784246_624867.html?fbclid=IwAR2CTm_XwdHyrEBE_MQyTFRFt1pAWUcrdIvsJbIN0bA2XHQIfwAxrhcSLGY<\/a><\/p>\n\n\n\n<p>\nPatricia Ortega, en agosto de 2016, cuando fue ascendida a coronel. \u00c1lvaro Garc\u00eda FOTO DE PORTADA\n\n<\/p>\n","protected":false},"excerpt":{"rendered":"<p>El Gobierno ver\u00e1 este viernes el ascenso de la coronel Ortega, 31 a\u00f1os despu\u00e9s del&#8230;<\/p>\n","protected":false},"author":1,"featured_media":33378,"comment_status":"closed","ping_status":"closed","sticky":false,"template":"","format":"standard","meta":{"_coblocks_attr":"","_coblocks_dimensions":"","_coblocks_responsive_height":"","_coblocks_accordion_ie_support":"","jetpack_post_was_ever_published":false,"_jetpack_newsletter_access":"","_jetpack_dont_email_post_to_subs":false,"_jetpack_newsletter_tier_id":0,"_jetpack_memberships_contains_paywalled_content":false,"_jetpack_memberships_contains_paid_content":false,"footnotes":"","jetpack_publicize_message":"","jetpack_publicize_feature_enabled":true,"jetpack_social_post_already_shared":false,"jetpack_social_options":{"image_generator_settings":{"template":"highway","default_image_id":0,"enabled":false},"version":2}},"categories":[1161,186,44,15],"tags":[6281,19],"class_list":["post-33376","post","type-post","status-publish","format-standard","has-post-thumbnail","hentry","category-ciudadania","category-instituciones","category-noticias-de-hoy","category-ultimas-noticias","tag-ejercito","tag-mujeres"],"jetpack_publicize_connections":[],"jetpack_featured_media_url":"https:\/\/i0.wp.com\/miradordeatarfe.es\/wp-content\/uploads\/2019\/07\/1562784246_624867_1562784656_noticia_normal_recorte1.jpg?fit=1960%2C1100&ssl=1","jetpack_likes_enabled":true,"jetpack_sharing_enabled":true,"_links":{"self":[{"href":"https:\/\/miradordeatarfe.es\/index.php?rest_route=\/wp\/v2\/posts\/33376","targetHints":{"allow":["GET"]}}],"collection":[{"href":"https:\/\/miradordeatarfe.es\/index.php?rest_route=\/wp\/v2\/posts"}],"about":[{"href":"https:\/\/miradordeatarfe.es\/index.php?rest_route=\/wp\/v2\/types\/post"}],"author":[{"embeddable":true,"href":"https:\/\/miradordeatarfe.es\/index.php?rest_route=\/wp\/v2\/users\/1"}],"replies":[{"embeddable":true,"href":"https:\/\/miradordeatarfe.es\/index.php?rest_route=%2Fwp%2Fv2%2Fcomments&post=33376"}],"version-history":[{"count":2,"href":"https:\/\/miradordeatarfe.es\/index.php?rest_route=\/wp\/v2\/posts\/33376\/revisions"}],"predecessor-version":[{"id":33379,"href":"https:\/\/miradordeatarfe.es\/index.php?rest_route=\/wp\/v2\/posts\/33376\/revisions\/33379"}],"wp:featuredmedia":[{"embeddable":true,"href":"https:\/\/miradordeatarfe.es\/index.php?rest_route=\/wp\/v2\/media\/33378"}],"wp:attachment":[{"href":"https:\/\/miradordeatarfe.es\/index.php?rest_route=%2Fwp%2Fv2%2Fmedia&parent=33376"}],"wp:term":[{"taxonomy":"category","embeddable":true,"href":"https:\/\/miradordeatarfe.es\/index.php?rest_route=%2Fwp%2Fv2%2Fcategories&post=33376"},{"taxonomy":"post_tag","embeddable":true,"href":"https:\/\/miradordeatarfe.es\/index.php?rest_route=%2Fwp%2Fv2%2Ftags&post=33376"}],"curies":[{"name":"wp","href":"https:\/\/api.w.org\/{rel}","templated":true}]}}