{"id":33383,"date":"2019-07-17T10:42:04","date_gmt":"2019-07-17T08:42:04","guid":{"rendered":"http:\/\/miradordeatarfe.es\/?p=33383"},"modified":"2019-07-14T21:11:28","modified_gmt":"2019-07-14T19:11:28","slug":"los-profesores-de-religion-cuestan-mas-de-700-millones-de-euros-al-estado-y-las-ccaa-segun-europa-laica-y-ccoo","status":"publish","type":"post","link":"https:\/\/miradordeatarfe.es\/?p=33383","title":{"rendered":"Los profesores de Religi\u00f3n cuestan m\u00e1s de 700 millones de euros al Estado y las CCAA, seg\u00fan Europa Laica y CCOO"},"content":{"rendered":"\n<h4 class=\"wp-block-heading\">Europa  Laica y la Federaci\u00f3n de Ense\u00f1anza de CCOO Madrid han denunciado que  los profesores de Religi\u00f3n cuestan al Estado y a las comunidades  aut\u00f3nomas m\u00e1s de 700 millones de euros y han pedido a los partidos  pol\u00edticos de cara a las elecciones del 28 de abril que \u00absaquen la  Religi\u00f3n confesional\u00bb del sistema educativo.<\/h4>\n\n\n\n<p>As\u00ed lo han indicado la secretaria general de Ense\u00f1anza de CCOO \nMadrid, Isabel Galv\u00edn, y el responsable de comunicaci\u00f3n de Europa Laica,\n Francisco Delgado, este jueves 11 de abril en una rueda de prensa para \npresentar la campa\u00f1a &#8216;Por una escuela p\u00fablica y laica. Religi\u00f3n fuera de\n la escuela&#8217;, firmado por m\u00e1s de 50 organizaciones sindicales, sociales y\n algunos partidos pol\u00edticos como Podemos, Izquierda Unida, Comprom\u00eds y \nEquo.<\/p>\n\n\n\n<p> \u00abEn relaci\u00f3n a los profesores de Religi\u00f3n, el de Espa\u00f1a es un caso \nat\u00edpico, an\u00f3malo en Europa porque los contrata y despide el obispado y \nlo pagamos los espa\u00f1oles. M\u00e1s de 700 millones de euros sumando todo lo \nque gastan las CCAA en esta materia. Y no se les selecciona de manera \ntransparente\u00bb, ha expuesto la secretaria general de Ense\u00f1anza de CCOO \nMadrid, Isabel Galv\u00edn.<\/p>\n\n\n\n<p> Hace tres a\u00f1os, realizaron un balance comunidad aut\u00f3noma por \ncomunidad aut\u00f3noma, y sumando el gasto del Estado donde tiene \ncompetencia en Educaci\u00f3n, calcularon que el coste de los profesores de \nReligi\u00f3n era en ese momento de \u00ab600 millones de euros\u00bb. Ahora, calculan \nque \u00abha superado los 700 millones\u00bb, teniendo en cuenta las subidas \nsalariales y el aumento del n\u00famero de profesores de esta materia. Seg\u00fan \nla \u00faltima memoria disponible de la Conferencia Episcopal, en Espa\u00f1a hay \n34.658 profesores de Religi\u00f3n cat\u00f3lica.<\/p>\n\n\n\n<p> El portavoz de STEs Alberto Carrillo ha afirmado que los profesores \nde Religi\u00f3n son \u00abcatequistas\u00bb y ha defendido que las creencias deben \ntransmitirse en \u00ablos templos\u00bb. Sobre el futuro de los profesores de \nReligi\u00f3n si se elimina la materia de las aulas, ha precisado que \u00abno van\n a perder el empleo porque son trabajadores del arzobispado\u00bb.<\/p>\n\n\n\n<p> Por su parte, Sara Merino, de STEs Castilla-La Mancha ha alertado \ndel \u00abaumento\u00bb del n\u00famero de colegios concertados que, seg\u00fan ha \nasegurado, est\u00e1n siendo \u00abpotenciados por los partidos de derechas\u00bb.<\/p>\n\n\n\n<p> En la campa\u00f1a por la escuela p\u00fablica de este a\u00f1o piden \u00abun \ncompromiso expl\u00edcito en torno a la lacicidad\u00bb en el sistema educativo \nespa\u00f1ol. En concreto, proponen a los partidos que formen Gobierno tras \nlas pr\u00f3ximas elecciones: \u00absacar la religi\u00f3n confesional de la Ense\u00f1anza \nde forma inmediata, no financiar con dinero p\u00fablico el adoctrinamiento \nreligioso en ning\u00fan centro escolar y potenciar la Red P\u00fablica de \nEnse\u00f1anza\u00bb.<\/p>\n\n\n\n<p> Asimismo, piden \u00abla derogaci\u00f3n de los Acuerdos con el Vaticano\u00bb y \ncon el resto de confesiones religiosas con las que el Estado espa\u00f1ol \ntiene firmados acuerdos -musulmanes, jud\u00edos y evang\u00e9licos-. \nPrecisamente, el portavoz de Europa Laica ha criticado las \n\u00abcontradicciones\u00bb de PSOE y Podemos que no llevan en sus programas \nelectorales la denuncia y derogaci\u00f3n de los Acuerdos con la Santa Sede.<\/p>\n\n\n\n<p> En el caso del PSOE, Delgado ha evidenciado que \u00aba pesar de haber \napoyado con su voto en febrero de 2018 la denuncia y derogaci\u00f3n de los \nAcuerdos con la Santa Sede, en su programa no aparece\u00bb. \u00abAhora debe \ncumplir ese compromiso si logra gobernar, eso es lo que deben exigir los\n militantes y votantes del PSOE\u00bb, ha subrayado.<\/p>\n\n\n\n<p> Tambi\u00e9n ha criticado la \u00abcontradicci\u00f3n\u00bb de Podemos, que por un lado \nha firmado el documento que Europa Laica y el resto de organizaciones \nsindicales y sociales han presentado este jueves en el que reivindican \nla salida de la clase de Religi\u00f3n del sistema educativo y la denuncia de\n los Acuerdos y, por otra parte, no lo incluyen en su programa \nelectoral. \u00abVamos a hacer que aclaren esas contradicciones\u00bb, ha zanjado.<\/p>\n\n\n\n<figure class=\"wp-block-image\"><img data-recalc-dims=\"1\" decoding=\"async\" src=\"https:\/\/i0.wp.com\/assets.linicom.com\/cdn\/18697b4d53bc48e9.png?w=640&#038;ssl=1\" alt=\"\"\/><\/figure>\n\n\n\n<p> <a href=\"https:\/\/www.eleconomista.es\/ecoaula\/noticias\/9819797\/04\/19\/Los-profesores-de-Religion-cuestan-mas-de-700-millones-de-euros-al-Estado-y-las-CCAA-segun-Europa-Laica-y-CCOO.html\">https:\/\/www.eleconomista.es\/ecoaula\/noticias\/9819797\/04\/19\/Los-profesores-de-Religion-cuestan-mas-de-700-millones-de-euros-al-Estado-y-las-CCAA-segun-Europa-Laica-y-CCOO.html<\/a><\/p>\n","protected":false},"excerpt":{"rendered":"<p>Europa Laica y la Federaci\u00f3n de Ense\u00f1anza de CCOO Madrid han denunciado que los profesores&#8230;<\/p>\n","protected":false},"author":1,"featured_media":33384,"comment_status":"closed","ping_status":"closed","sticky":false,"template":"","format":"standard","meta":{"_coblocks_attr":"","_coblocks_dimensions":"","_coblocks_responsive_height":"","_coblocks_accordion_ie_support":"","jetpack_post_was_ever_published":false,"_jetpack_newsletter_access":"","_jetpack_dont_email_post_to_subs":false,"_jetpack_newsletter_tier_id":0,"_jetpack_memberships_contains_paywalled_content":false,"_jetpack_memberships_contains_paid_content":false,"footnotes":"","jetpack_publicize_message":"","jetpack_publicize_feature_enabled":true,"jetpack_social_post_already_shared":false,"jetpack_social_options":{"image_generator_settings":{"template":"highway","default_image_id":0,"enabled":false},"version":2}},"categories":[187,1161,186,9,44,15],"tags":[6284,6285,6283,973],"class_list":["post-33383","post","type-post","status-publish","format-standard","has-post-thumbnail","hentry","category-centros-educativos","category-ciudadania","category-instituciones","category-medio-ambiente","category-noticias-de-hoy","category-ultimas-noticias","tag-ccoo","tag-europa-laica","tag-profesorado-de-religion","tag-sistema-educativo"],"jetpack_publicize_connections":[],"jetpack_featured_media_url":"https:\/\/i0.wp.com\/miradordeatarfe.es\/wp-content\/uploads\/2019\/07\/%C3%ADndice.jpg?fit=304%2C166&ssl=1","jetpack_likes_enabled":true,"jetpack_sharing_enabled":true,"_links":{"self":[{"href":"https:\/\/miradordeatarfe.es\/index.php?rest_route=\/wp\/v2\/posts\/33383","targetHints":{"allow":["GET"]}}],"collection":[{"href":"https:\/\/miradordeatarfe.es\/index.php?rest_route=\/wp\/v2\/posts"}],"about":[{"href":"https:\/\/miradordeatarfe.es\/index.php?rest_route=\/wp\/v2\/types\/post"}],"author":[{"embeddable":true,"href":"https:\/\/miradordeatarfe.es\/index.php?rest_route=\/wp\/v2\/users\/1"}],"replies":[{"embeddable":true,"href":"https:\/\/miradordeatarfe.es\/index.php?rest_route=%2Fwp%2Fv2%2Fcomments&post=33383"}],"version-history":[{"count":1,"href":"https:\/\/miradordeatarfe.es\/index.php?rest_route=\/wp\/v2\/posts\/33383\/revisions"}],"predecessor-version":[{"id":33385,"href":"https:\/\/miradordeatarfe.es\/index.php?rest_route=\/wp\/v2\/posts\/33383\/revisions\/33385"}],"wp:featuredmedia":[{"embeddable":true,"href":"https:\/\/miradordeatarfe.es\/index.php?rest_route=\/wp\/v2\/media\/33384"}],"wp:attachment":[{"href":"https:\/\/miradordeatarfe.es\/index.php?rest_route=%2Fwp%2Fv2%2Fmedia&parent=33383"}],"wp:term":[{"taxonomy":"category","embeddable":true,"href":"https:\/\/miradordeatarfe.es\/index.php?rest_route=%2Fwp%2Fv2%2Fcategories&post=33383"},{"taxonomy":"post_tag","embeddable":true,"href":"https:\/\/miradordeatarfe.es\/index.php?rest_route=%2Fwp%2Fv2%2Ftags&post=33383"}],"curies":[{"name":"wp","href":"https:\/\/api.w.org\/{rel}","templated":true}]}}