{"id":33389,"date":"2019-07-18T08:19:47","date_gmt":"2019-07-18T06:19:47","guid":{"rendered":"http:\/\/miradordeatarfe.es\/?p=33389"},"modified":"2019-07-13T18:24:57","modified_gmt":"2019-07-13T16:24:57","slug":"el-lino-el-canamo-y-el-coco-los-nuevos-sustitutos-del-plastico","status":"publish","type":"post","link":"https:\/\/miradordeatarfe.es\/?p=33389","title":{"rendered":"El lino, el c\u00e1\u00f1amo y el coco, los nuevos sustitutos del pl\u00e1stico"},"content":{"rendered":"\n<h4 class=\"wp-block-heading\">Las fibras vegetales, como el <strong>lino<\/strong>, el <strong>c\u00e1\u00f1amo<\/strong> o el <strong>coco<\/strong>,  sustituir\u00e1n el pl\u00e1stico en muchas cosas cotidianas y ya se utilizan  para revestir el interior de coches y aviones, en\u00a0las tablas de surf de  nieve, en cuberter\u00edas sostenibles y en los billetes de d\u00f3lar, entre  otras utilidades.<\/h4>\n\n\n\n<p> <br> As\u00ed lo han afirmado  los expertos que se han reunido en Barcelona en  un encuentro internacional de investigaci\u00f3n vegetal b\u00e1sica y aplicada al  desarrollo de nuevos materiales sostenibles, convocado por B\u00b7Debat,  Biocat y la Obra Social \u00abla Caixa\u00bb y organizado por el Centro de  Investigaci\u00f3n en Agrigen\u00f2mica (CRAG).<br> <br> Seg\u00fan los expertos, la investigaci\u00f3n en plantas permitir\u00e1 <strong>sustituir los pl\u00e1sticos derivados del petr\u00f3leo<\/strong>  por\u00a0alternativas m\u00e1s sostenibles con el renombre de \u00abindustria verde\u00bb,  que busca en especias como el lino, el c\u00e1\u00f1amo y la fibra de coco  sustitutos para reemplazar materiales contaminantes que se usan cada  d\u00eda.<\/p>\n\n\n\n<h4 class=\"wp-block-heading\">El caso franc\u00e9s<\/h4>\n\n\n\n<p>El gobierno franc\u00e9s <a href=\"https:\/\/www.elnacional.cat\/ca\/vida\/franca-prohibeix-plastic_109825_102.html\" rel=\"noreferrer noopener\" target=\"_blank\">aprob\u00f3 el 30 de agosto un decreto<\/a>\n que proh\u00edbe el uso de vajillas de pl\u00e1stico de un solo uso a partir del \na\u00f1o 2020, cuando&nbsp;s\u00f3lo se permitir\u00e1n en Francia vajillas que contengan un\n m\u00ednimo de materiales biol\u00f3gicos o compostajes, como el almid\u00f3n de ma\u00edz,\n de patata, el bamb\u00fa o fibras y celulosa.<\/p>\n\n\n\n<p>La sustituci\u00f3n del pl\u00e1stico es un reto porque el material proviene de\n recursos no renovables y es altamente contaminante al no ser \nbiodegradable. Los expertos calculan que en los oc\u00e9anos de todo el mundo\n hay 270.000 toneladas m\u00e9tricas de desperdicios, que equivaldr\u00edan al \ncamino que ocupar\u00eda una botella de pl\u00e1stico detr\u00e1s de otra de aqu\u00ed hasta\n la Luna ida&nbsp;y vuelta dos veces, seg\u00fan el Instituto 5 Gyres.<\/p>\n\n\n\n<h4 class=\"wp-block-heading\">Marcar la diferencia<\/h4>\n\n\n\n<p>Adem\u00e1s, los pl\u00e1sticos pueden afectar a la salud humana, ya que \nalgunos productos qu\u00edmicos industriales contienen sustancias que pueden \ninferir con producci\u00f3n de hormonas y el metabolismo humano y afectar a \nla salud. En cambio, seg\u00fan han destacado los expertos, las fibras \nvegetales ofrecen ventajas ya durante la cadena de producci\u00f3n, porque \nlas plantas eliminan di\u00f3xido de carbono (CO2).<br>\n<br>\nPara producir un kilo de lino se utiliza cinco veces menos energ\u00eda que \npara producir la misma cantidad de fibra de cristal, y adem\u00e1s, la fibra \nde lino pesa la mitad que la fibra de cristal.<br>\n<br>\nSeg\u00fan los expertos, entre las industrias que m\u00e1s se pueden beneficiar de\n estos avances destaca el sector automovil\u00edstico, que necesita \nmateriales de alta calidad, y otros como la arquitectura o la \ndecoraci\u00f3n. De momento, la m\u00e1s desarrollada en Europa es la industria \ndel lino, donde ya funciona toda la cadena de producci\u00f3n desde los \nproductores hasta la manufactura.<\/p>\n\n\n\n<h4 class=\"wp-block-heading\">En&nbsp;Catalunya<\/h4>\n\n\n\n<p>Durante el encuentro, los expertos han puesto como ejemplo algunos  proyectos como\u00a0el Traysrenew.eu, que quiere desarrollar una bandeja de  pechuga de pollo hecha con material biodegradable, o SpuWaren,\u00a0que es  una de las primeras cuberter\u00edas de biopl\u00e1stico que se lanz\u00f3 al mercado,  resistente a temperaturas altas y al paso de los d\u00edas.<br> <br> Tambi\u00e9n el Instituto de Arquitectura Avanzada de Catalunya (IAAC) ha  creado biopl\u00e1sticos a partir de restos de naranja, y otros compuestos  org\u00e1nicos biodegradables y la empresa de Poliny\u00e0 (Vall\u00e8s Occidental)  Nupik tiene una l\u00ednea de platos y vasos biodegradables que respetan el  medio ambiente, aunque de momento los vasos tienen la limitaci\u00f3n de las  temperatura y s\u00f3lo se pueden utilizar para servir bebidas fr\u00edas.<\/p>\n\n\n\n\n\n\n\n<p><a href=\"https:\/\/www.elnacional.cat\/enblau\/es\/curiosidades\/lino-canamo-coco-substitutos-plastico_112503_102.html\">https:\/\/www.elnacional.cat\/enblau\/es\/curiosidades\/lino-canamo-coco-substitutos-plastico_112503_102.html<\/a><\/p>\n","protected":false},"excerpt":{"rendered":"<p>Las fibras vegetales, como el lino, el c\u00e1\u00f1amo o el coco, sustituir\u00e1n el pl\u00e1stico en&#8230;<\/p>\n","protected":false},"author":1,"featured_media":33390,"comment_status":"closed","ping_status":"closed","sticky":false,"template":"","format":"standard","meta":{"_coblocks_attr":"","_coblocks_dimensions":"","_coblocks_responsive_height":"","_coblocks_accordion_ie_support":"","jetpack_post_was_ever_published":false,"_jetpack_newsletter_access":"","_jetpack_dont_email_post_to_subs":false,"_jetpack_newsletter_tier_id":0,"_jetpack_memberships_contains_paywalled_content":false,"_jetpack_memberships_contains_paid_content":false,"footnotes":"","jetpack_publicize_message":"","jetpack_publicize_feature_enabled":true,"jetpack_social_post_already_shared":false,"jetpack_social_options":{"image_generator_settings":{"template":"highway","default_image_id":0,"enabled":false},"version":2}},"categories":[9,44,15],"tags":[6289,6290,6288,99,1027],"class_list":["post-33389","post","type-post","status-publish","format-standard","has-post-thumbnail","hentry","category-medio-ambiente","category-noticias-de-hoy","category-ultimas-noticias","tag-canamo","tag-coco","tag-lino","tag-medio-ambiente","tag-plasticos"],"jetpack_publicize_connections":[],"jetpack_featured_media_url":"https:\/\/i0.wp.com\/miradordeatarfe.es\/wp-content\/uploads\/2019\/07\/Flachsstroh_Garn_Vlies_und_Seil_1_630x630.jpg?fit=630%2C630&ssl=1","jetpack_likes_enabled":true,"jetpack_sharing_enabled":true,"_links":{"self":[{"href":"https:\/\/miradordeatarfe.es\/index.php?rest_route=\/wp\/v2\/posts\/33389","targetHints":{"allow":["GET"]}}],"collection":[{"href":"https:\/\/miradordeatarfe.es\/index.php?rest_route=\/wp\/v2\/posts"}],"about":[{"href":"https:\/\/miradordeatarfe.es\/index.php?rest_route=\/wp\/v2\/types\/post"}],"author":[{"embeddable":true,"href":"https:\/\/miradordeatarfe.es\/index.php?rest_route=\/wp\/v2\/users\/1"}],"replies":[{"embeddable":true,"href":"https:\/\/miradordeatarfe.es\/index.php?rest_route=%2Fwp%2Fv2%2Fcomments&post=33389"}],"version-history":[{"count":1,"href":"https:\/\/miradordeatarfe.es\/index.php?rest_route=\/wp\/v2\/posts\/33389\/revisions"}],"predecessor-version":[{"id":33391,"href":"https:\/\/miradordeatarfe.es\/index.php?rest_route=\/wp\/v2\/posts\/33389\/revisions\/33391"}],"wp:featuredmedia":[{"embeddable":true,"href":"https:\/\/miradordeatarfe.es\/index.php?rest_route=\/wp\/v2\/media\/33390"}],"wp:attachment":[{"href":"https:\/\/miradordeatarfe.es\/index.php?rest_route=%2Fwp%2Fv2%2Fmedia&parent=33389"}],"wp:term":[{"taxonomy":"category","embeddable":true,"href":"https:\/\/miradordeatarfe.es\/index.php?rest_route=%2Fwp%2Fv2%2Fcategories&post=33389"},{"taxonomy":"post_tag","embeddable":true,"href":"https:\/\/miradordeatarfe.es\/index.php?rest_route=%2Fwp%2Fv2%2Ftags&post=33389"}],"curies":[{"name":"wp","href":"https:\/\/api.w.org\/{rel}","templated":true}]}}