{"id":33399,"date":"2019-07-19T10:15:45","date_gmt":"2019-07-19T08:15:45","guid":{"rendered":"http:\/\/miradordeatarfe.es\/?p=33399"},"modified":"2019-07-14T19:21:04","modified_gmt":"2019-07-14T17:21:04","slug":"antonina-rodrigo-la-guerrillera-de-la-memoria","status":"publish","type":"post","link":"https:\/\/miradordeatarfe.es\/?p=33399","title":{"rendered":"Antonina Rodrigo: La guerrillera de la memoria"},"content":{"rendered":"\n<h4 class=\"wp-block-heading\">\n       El Ayuntamiento le ha puesto su nombre a la plazoleta albaicinera donde naci\u00f3            Tiene, adem\u00e1s de treinta y tantos libros publicados, la Medalla de Andaluc\u00eda, la de Oro de Granada y la Creu de San Jordi            Su libro &#8216;Mariana de Pineda: hero\u00edna de la libertad&#8217; lleva 15 ediciones     \n\n<\/h4>\n\n\n\n<p>Por muchos a\u00f1os que <strong>Antonina Rodrigo<\/strong> pase en Barcelona, jam\u00e1s se desprender\u00e1 de su <strong>voz grana\u00edna<\/strong>.\n En su habla mete palabras de nuestra tierra a espuertas (\u00abbonico\u00bb o \n\u00abbonica\u00bb son sus preferidas) y el tono de su voz siempre est\u00e1 marcado \npor la nostalgia de la ciudad en la que naci\u00f3. No la veo desde hace unos\n pocos a\u00f1os porque \u00faltimamente lo nuestro <strong>parece una historia de desencuentros<\/strong>.\n Cuando viene a Granada yo no estoy y alguna vez que he ido yo a \nBarcelona a verla ella no estaba. Antonina no se est\u00e1 quieta ni atada a \nuna silla.<\/p>\n\n\n\n<p>Cuando decid\u00ed hacer esta serie de personas que tienen un pasado que contar, una de las primeras personas que <strong>ten\u00eda anotada en mi lista de entrevistables<\/strong>\n era Antonina Rodrigo porque de alguna forma era esa escritora que \nanta\u00f1o estaba en mi agenda de periodista y a la que acud\u00eda cuando me \nenteraba de que hab\u00eda escrito un nuevo libro o simplemente cuando en \ncualquiera de mis cr\u00f3nicas requer\u00edan la opini\u00f3n de una intelectual \ngranadina luchadora y comprometida con la sociedad en la que viv\u00eda.<\/p>\n\n\n\n<figure class=\"wp-block-image\"><a href=\"https:\/\/i0.wp.com\/www.granadahoy.com\/2019\/07\/13\/granada\/Juan-Manuel-Lara-Premio-Planeta_1372672774_102536130_667x375.jpg?ssl=1\"><img data-recalc-dims=\"1\" decoding=\"async\" src=\"https:\/\/i0.wp.com\/www.granadahoy.com\/2019\/07\/13\/granada\/Juan-Manuel-Lara-Premio-Planeta_1372672774_102536130_667x375.jpg?w=640&#038;ssl=1\" alt=\"Con el editor Juan Manuel de Lara cuando fue finalista del Premio Planeta.\"\/><\/a><figcaption>\n    \n        Con el editor Juan Manuel de Lara cuando fue finalista del Premio Planeta.\n        \n\n            <\/figcaption><\/figure>\n\n\n\n<p>Desencantada de muchas cosas, a\u00fan es capaz de sentarse frente al ordenador y escribir sobre <strong>cualquier injusticia<\/strong>\n que ella haya percibido a su alrededor. Es autora de m\u00e1s de una \ntreintena de libros en los que ha puesto su pasi\u00f3n por lo que ha \ninvestigado, casi siempre personas que han sufrido alg\u00fan tipo de \ninjusticia, personas que vale la pena recobrar o recomponer, bien sea \npor su ideolog\u00eda, por su injusto olvido o por su <strong>excepcionalidad moral<\/strong>.&nbsp;Exiliadas, olvidadas, silenciadas, ilustres, perseguidas, an\u00f3nimas&#8230;<\/p>\n\n\n\n<p>Por sus manos y su memoria han pasado <strong>decenas de mujeres<\/strong>\n de diferentes \u00e9pocas, desde figuras reconocidas como Mariana de Pineda,\n Mar\u00eda Lej\u00e1rraga, Margarita Xirgu, Dolores Ib\u00e1rruri, Mar\u00eda Teresa Le\u00f3n, \nFederica Montseny o Mar\u00eda Zambrano, hasta activistas como Magda Donato o\n Rosario S\u00e1nchez Mora, La Dinamitera, pasando por feministas e \nintelectuales exiliadas.<\/p>\n\n\n\n<p>Se ha escrito sobre ella que es una <strong>pionera en una historiograf\u00eda femenina<\/strong>\n pr\u00e1cticamente desierta: de no haber dado la voz a esas mujeres \nsilenciadas, la historia m\u00e1s reciente hubiera quedado a\u00fan m\u00e1s mutilada. \nEn su obra no faltan trabajos y monograf\u00edas dedicadas a hombres \nsingulares: Garc\u00eda Lorca, Dal\u00ed, Manuel \u00c1ngeles Ortiz o Joseph Trueta.<\/p>\n\n\n\n<p>Su <strong>primer libro importante<\/strong> \nse llam\u00f3 Mariana de Pineda, la hero\u00edna de la libertad, que edit\u00f3 \nAlfaguara y que lleva 15 ediciones y acaba salir una nueva: Mariana de \nPineda. La libertad herida por los hombres (F. G. Lorca). Antonina todo \nlo tritura bajo su \u00f3ptica de mujer que no soporta las injusticias. Vivi\u00f3\n su infancia en el Albaic\u00edn, de joven se iba al Caf\u00e9 Suizo a o\u00edr los \npoemas de Elena Mart\u00edn Vivaldi, se cas\u00f3 con un anarquista cuando cumpli\u00f3\n 25 a\u00f1os y ahora se ve obligada a vivir en Barcelona porque all\u00ed da \nconferencias, escribe textos e imparte cursos para cumplimentar su \npensi\u00f3n de 413 euros. Y si hay algo que no soporta es que alguien la \ncite en un sitio para hablar de un tema y ese alguien est\u00e9 <strong>m\u00e1s pendiente del m\u00f3vil<\/strong>\n que ha puesto encima de la mesa que de la conversaci\u00f3n. Le gustar\u00eda \nregresar a su tierra natal porque aqu\u00ed est\u00e1 su gente. Sin duda, Granada \nse lo agradecer\u00eda<\/p>\n\n\n\n<h2 class=\"wp-block-heading\">Sus maestros<\/h2>\n\n\n\n<p>Antonina naci\u00f3 en Granada, en el <strong>barrio del Albaic\u00edn<\/strong>,\n en 1935. Cuando comenz\u00f3 la guerra civil ella ten\u00eda un a\u00f1o. Era la \nsegunda de siete hermanos. De su madre aprendi\u00f3 que hab\u00eda que \npreocuparse por los desheredados, de su maestra Paquita la republicana \nque era bonito ser libre, de Antonio Dom\u00ednguez Ortiz que hay que \naprender historia para no sucumbir ante los mismos errores y de Marino \nAntequera que hab\u00eda que amar el arte y todo lo dem\u00e1s vendr\u00eda por \na\u00f1adidura. Antonina era una ni\u00f1a flaca y t\u00edmida dispuesta siempre a <strong>aprender<\/strong> de aquellos a los que quer\u00eda.<\/p>\n\n\n\n<figure class=\"wp-block-image\"><a href=\"https:\/\/i0.wp.com\/www.granadahoy.com\/2019\/07\/13\/granada\/casa-pleno-trabajo_1372672775_102536176_667x375.jpg?ssl=1\"><img data-recalc-dims=\"1\" decoding=\"async\" src=\"https:\/\/i0.wp.com\/www.granadahoy.com\/2019\/07\/13\/granada\/casa-pleno-trabajo_1372672775_102536176_667x375.jpg?w=640&#038;ssl=1\" alt=\"En su casa, en pleno trabajo.\"\/><\/a><figcaption>\n    \n        En su casa, en pleno trabajo.\n        \n\n            <\/figcaption><\/figure>\n\n\n\n<p>-Mi madre fue mi soporte vital. Una vez me cont\u00f3 que hab\u00eda visto como un moro de los de la guardia de Franco hab\u00eda <strong>arrebatado a un beb\u00e9<\/strong>\n a una mujer del Albaic\u00edn y lo estrell\u00f3 contra la pared. Aquel suceso \nmarc\u00f3 a mi madre porque no pod\u00eda con las injusticias. Me hablaba de \nFederica Montseny y me dijo que era una mujer que llenaba las plazas. Yo\n me cre\u00ed que era torera. Luego, cuando fui un poco mayor, o\u00ed a unas \namigas decir que La Pasionaria y Federica Montseny eran dos demonios con\n rabo y cuernos. Yo estaba <strong>hecha un l\u00edo<\/strong> \nhasta que mi madre, una tarde se fue a la c\u00f3moda y sac\u00f3 de un caj\u00f3n un \nperi\u00f3dico en el que se ve\u00eda una mujer hablando en una plaza de toros. Me\n dijo que era Federica Montseny y que llenaba las plazas, pero con la \npalabra. Daba m\u00edtines a los que iban miles de obreros a o\u00edrla. As\u00ed que \nnada de torera ni nada de demonio. Despu\u00e9s me advirti\u00f3 que no le dijera \nnada de lo que me hab\u00eda contado a esas compa\u00f1eras que cre\u00edan que \nFederica era un demonio. Aquel era un tiempo en el que el silencio \nestaba instalado en las casas como un hu\u00e9sped m\u00e1s.<\/p>\n\n\n\n<p>Hasta que <strong>se mud\u00f3 al Camino de Ronda<\/strong>,\n Antonina vivi\u00f3 en la Cuesta de la Albahaca, m\u00e1s debajo de la plazoleta \nen donde convergen el Callej\u00f3n del Gallo y el del Ladr\u00f3n del Agua. La \nplazoleta a la que recientemente el Ayuntamiento le ha puesto su nombre y\n en donde ella practicar\u00eda las correr\u00edas propias de las ni\u00f1as. El \nAlbaic\u00edn por aquellos a\u00f1os ol\u00eda a vino de bota y a sardina arenque y en \nlos peque\u00f1os descampados los perros ro\u00edan los huesos de sepa Dios qu\u00e9 \nanimal. En el Albaic\u00edn viv\u00edan<strong> las mejores casta\u00f1eras y los mejores aguaores<\/strong>\n de toda Granada, en muchas familias hab\u00eda miedo porque el barrio fue el\n m\u00e1s reprimidos despu\u00e9s de la guerra. Antonina guarda un recuerdo \nespecial de su primera maestra, de do\u00f1a Francisca Casares, m\u00e1s conocida \ncomo do\u00f1a Paquita, que en una calle pr\u00f3xima a la plaza de Mariana de \nPineda fund\u00f3 una academia laica, el \u00fanico centro que hab\u00eda en Granada \ncon estas caracter\u00edsticas. Ser\u00edan, pues, do\u00f1a Paquita y <strong>su madre<\/strong>\n las primeras mujeres que le hablaron de Mariana Pineda, esa mujer cuya \nestatua dedicada a ella ve\u00eda todos los d\u00edas cuando iba hacia la \nAcademia.<\/p>\n\n\n\n<p>Luego entr\u00f3 en el<strong> Instituto \u00c1ngel Ganivet<\/strong>, donde tuvo de profesor a Antonio Dom\u00ednguez Ortiz. De \u00e9l guarda un recuerdo a prueba de cualquier indicio de alzheimer.<\/p>\n\n\n\n<figure class=\"wp-block-image\"><a href=\"https:\/\/i0.wp.com\/www.granadahoy.com\/2019\/07\/13\/granada\/Fuentevaqueros-Tica-Fernandez-Montesina-Maria_1372672776_102536222_667x375.jpg?ssl=1\"><img data-recalc-dims=\"1\" decoding=\"async\" src=\"https:\/\/i0.wp.com\/www.granadahoy.com\/2019\/07\/13\/granada\/Fuentevaqueros-Tica-Fernandez-Montesina-Maria_1372672776_102536222_667x375.jpg?w=640&#038;ssl=1\" alt=\"Con el alcalde de Fuentevaqueros, Tica Fern\u00e1ndez Montesina, Mar\u00eda Dal\u00ed y Juan de Loxa.\"\/><\/a><figcaption>\n    \n        Con el alcalde de Fuentevaqueros, Tica Fern\u00e1ndez Montesina, Mar\u00eda Dal\u00ed y Juan de Loxa.\n        \n\n            <\/figcaption><\/figure>\n\n\n\n<p>-Era un profesor maravilloso que explicaba muy bien. A pesar de que era una <strong>muchacha muy t\u00edmida<\/strong>,\n una vez me atrev\u00ed a hablar con \u00e9l y desde entonces fuimos amigos. Me \nacuerdo de que cuando le nombraron doctor honoris causa por la \nUniversidad de Granada a primeros de los noventa, fui al acto y cuando \nme vio le dio mucha alegr\u00eda. Les dijo a las personas que ten\u00eda a su \nlado: Mirad aqu\u00ed est\u00e1 mi alumna, que se ha convertido en una gran \nescritora. Luego estuvimos a punto de <strong>escribir un libro a medias<\/strong> sobre la historia de la mujer, pero al poco tiempo muri\u00f3.<\/p>\n\n\n\n<p>Tambi\u00e9n pas\u00f3 alg\u00fan tiempo en la Escuela de Arte y Oficios, donde <strong>tuvo como maestro a Marino Antequera<\/strong>. De \u00e9l dice que era un hombre con una cultura inmensa y que le ense\u00f1\u00f3 a mirar el arte.<\/p>\n\n\n\n<p>-Recuerdo las diapositivas que nos pon\u00eda sobre los cuadros y de sus explicaciones. Era <strong>un verdadero sabio<\/strong>\n al que Granada no ha sabido a\u00fan valorarlo. \u00c9l tampoco hab\u00eda ido a la \nUniversidad, como yo, pero eso no le impidi\u00f3 ser un verdadero experto en\n Arte. A \u00e9l le debo mucho. Yo no tengo ning\u00fan t\u00edtulo acad\u00e9mico, pero eso\n nunca me ha impedido ser una obrera de la pluma, que es lo que me \nconsidero.<\/p>\n\n\n\n<p>Dice Antonina que en los a\u00f1os sesenta hab\u00eda en Granada una <strong>interesante oferta cultural<\/strong>.\n Recuerda cuando muy jovencita iba al Caf\u00e9 Suizo a escuchar a los poetas\n como Elena Mart\u00edn Vivaldi \u2013que all\u00ed ten\u00eda su c\u00e1tedra\u2013, Rafael Guill\u00e9n, \nPepe Ladr\u00f3n de Guevara, Jos\u00e9 Carlos Gallardo, Miguel\u00f3n, Trina Mercader\u2026 \nEsa prehistoria suya en los intramuros de la poes\u00eda supuso sin duda un \npositivo engranaje con sus posteriores tareas biogr\u00e1ficas e \ninvestigadoras. Tambi\u00e9n iba mucho a las <strong>exposiciones de la Casa Am\u00e9rica<\/strong>\n y a las actividades del Centro Art\u00edstico, donde se represent\u00f3 una \nobrita de teatro suya. Por entonces era a\u00fan una jovencita a la que sus \npadres rega\u00f1aban, como a sus hermanas, si llegaban m\u00e1s tarde de las ocho\n o las nueve.<\/p>\n\n\n\n<p>Antonina trabaj\u00f3 en el estudio Torres Molina y, despu\u00e9s, como <strong>responsable de prensa en la Jefatura de Tr\u00e1fico<\/strong>.\n Me cuenta que ella era la encargada de enviar a los peri\u00f3dicos Patria e\n Ideal los sucesos sobre accidentes de tr\u00e1fico y que lo hac\u00eda con un \nlenguaje tan literario que todos se los publicaban.<\/p>\n\n\n\n<h2 class=\"wp-block-heading\">Cambio de vida<\/h2>\n\n\n\n<p>Ser\u00eda la edici\u00f3n de <strong>su libro sobre Mariana de Pineda<\/strong>,\n en el que trabaj\u00f3 casi cinco a\u00f1os, lo que cambiar\u00eda un vuelco total a \nsu vida, tanto laboral como personalmente porque gracias a ese libro \nconoci\u00f3 al hombre con el que se casar\u00eda: Eduardo Pons Prades, un \nescritor catal\u00e1n militante de la CNT.<\/p>\n\n\n\n<figure class=\"wp-block-image\"><a href=\"https:\/\/i0.wp.com\/www.granadahoy.com\/2019\/07\/13\/granada\/anos_1372672777_102536290_667x1093.jpg?ssl=1\"><img data-recalc-dims=\"1\" decoding=\"async\" src=\"https:\/\/i0.wp.com\/www.granadahoy.com\/2019\/07\/13\/granada\/anos_1372672777_102536290_667x1093.jpg?w=640&#038;ssl=1\" alt=\"Con cuatro o cinco a\u00f1os\"\/><\/a><figcaption>\n    \n        Con cuatro o cinco a\u00f1os\n        \n\n            <\/figcaption><\/figure>\n\n\n\n<p>-La edici\u00f3n del libro sobre Mariana Pineda tiene su historia y fue <strong>gracias a Antonio Gallego Morell<\/strong>.\n \u00c9l sab\u00eda que yo estaba escribiendo la historia sobre la hero\u00edna \ngranadina porque fue quien me facilit\u00f3 el sumario del proceso contra \nella. Yo estuve buscando ese sumario en El Archivo Hist\u00f3rico Nacional y \ncuando lo ped\u00ed me lo dieron, pero solo estaban las tapas. No s\u00e9 c\u00f3mo ese\n documento lleg\u00f3 a las manos de Antonio Gallego Bur\u00edn, el padre de \nGallego Morell. Lo cierto es que <strong>\u00e9l proyectaba hacer un estudio de Mariana<\/strong>,\n por eso Lorca le pidi\u00f3 datos a la hora de escribir su drama dedicado a \nla mujer de sus sue\u00f1os infantiles. Pero, claro, para Bur\u00edn era un \npersonaje comprometido que hab\u00eda luchado contra la tiran\u00eda absoluta y, \nal final, atendiendo a su ideolog\u00eda, lo dej\u00f3. Camilo Jos\u00e9 Cela, que \nacababa de funda la editorial Alfaguara, buscaba autores para una \ncolecci\u00f3n sobre los espa\u00f1oles que no murieron en la cama. Gallego Morell\n le hablo de m\u00ed y de mi investigaci\u00f3n sobre la hero\u00edna granadina y Cela \nacept\u00f3. Tras su lectura hizo un informe estupendo. Con Cela trabajaba en\n la editorial Eduardo Pons, con el que hablaba a menudo por tel\u00e9fono \nsobre la edici\u00f3n del libro. \u00c9l era libertario, sali\u00f3 del exilio en 1939 y\n estaba p<strong>erseguido por el r\u00e9gimen franquista<\/strong>.\n Ten\u00eda quince a\u00f1os m\u00e1s que yo, era viudo de su primera mujer, con la que\n hab\u00eda tenido cuatro hijos. La verdad es que qued\u00e9 fascinada por su \nlucha y su labor en la resistencia francesa. Nos casamos en Granada el \nd\u00eda 1 de septiembre de 1965, el aniversario del nacimiento de Mariana de\n Pineda. En mi casa el casamiento no cay\u00f3 bien. Nos fuimos a vivir a \nMadrid y luego a Francia, hasta que regresamos a Barcelona. Eduardo me \nhablaba constantemente de la lucha de los republicanos espa\u00f1oles, dentro\n y fuera del pa\u00eds, hasta que <strong>un d\u00eda le dije: No me hables m\u00e1s<\/strong>,\n escr\u00edbelo. Y lo hizo. Su primer libro fue Lo que s\u00ed hicimos la guerra. \nPoco despu\u00e9s nos fuimos a Francia. Mi convivencia con las realidades de \nlas nobles gentes del exilio fue enriquecedora. Empec\u00e9 a recoger sus \ntestimonios y a escribir sobre La Rep\u00fablica, la guerra y el exilio<\/p>\n\n\n\n<p>Antonina comenz\u00f3 as\u00ed a dedicar su vida a <strong>reconstruir el aliento de los derrotados<\/strong>\n y el suspiro de esas personas que fueron perseguidas. Se le conoce \nentonces como una pionera de la memoria hist\u00f3rica. En 1970 el matrimonio\n se instala en Barcelona y en 2007 muere Eduardo Pons. Con Catalu\u00f1a \nAntonina tiene sentimientos encontrados.<\/p>\n\n\n\n<p>-All\u00ed hay ahora un <strong>gran desasosiego<\/strong>\n y mucho malestar por lo que est\u00e1 pasando. Yo estoy muy agradecida a \naquella tierra, all\u00ed he podido trabajar y all\u00ed recib\u00ed la Creu de San \nJordi, la condecoraci\u00f3n m\u00e1s alta que da la Generalitat. Recuerdo que \ncuando me llamaron para comunic\u00e1rmelo yo cre\u00eda que era la broma de una \nradio. Pero s\u00ed, la recib\u00ed como mucho gusto de manos de Maragall. Pero de\n un tiempo a esta parte, con el \u2018proc\u00e9s\u2019, la convivencia tiene otro \nritmo. Est\u00e1 todo politizado y en cosas tan esenciales como la Cultura y \nla Sanidad, existe un preocupante abandono. Yo no quiero c\u00e1rcel para \nnadie, pero tampoco fronteras, como pretenden los pol\u00edticos huidos y a \nlos que llaman exiliados. \u00a1Qu\u00e9 barbaridad! \u00a1Para exiliados los de 1939!<\/p>\n\n\n\n<p>Antes de dar por concluida la <strong>conversaci\u00f3n<\/strong>, le digo:<\/p>\n\n\n\n<p>-Recuerdo que algunos periodistas de Granada te llam\u00e1bamos <strong>Antonina de Pineda<\/strong>, por tu dedicaci\u00f3n a la hero\u00edna granadina.<\/p>\n\n\n\n<p>-\u00a1Qu\u00e9 honor! Cuando empec\u00e9 a investigar sobre ella me encontr\u00e9 con una historia muy diferente a la real. Se le consideraba <strong>una mujer rom\u00e1ntica<\/strong>,\n que hab\u00eda muerto por bordar una bandera revolucionara, lejos de lo que \nyo intu\u00eda: la mujer comprometida que luch\u00f3 en la sombra frente al poder \npor un ideal y asumi\u00f3 el pat\u00edbulo en defensa de sus compa\u00f1eros de causa.\n Y fue <strong>Garc\u00eda Lorca<\/strong>, el amante m\u00e1s fiel de \nMariana, quien la elev\u00f3 a los escenarios del mundo para que todos \nconocieran su inmarchitable historia de amor y compromiso por la \nliberta. Mariana y Federico ser\u00edan v\u00edctimas de la Espa\u00f1a cainita.<\/p>\n\n\n\n<p>-\u00bfPuedo sacar ya <strong>el m\u00f3vil<\/strong>, Antonina?<\/p>\n\n\n\n<p>-Ya puedes.<\/p>\n\n\n\n<p><a href=\"https:\/\/www.granadahoy.com\/andres_cardenas\/\">Andr\u00e9s C\u00e1rdenas<\/a><\/p>\n\n\n\n<p><a href=\"https:\/\/www.granadahoy.com\/granada\/Antonina-Rodrigo-guerrillera-memoria-Andres-Cardenas_0_1372662725.html\">https:\/\/www.granadahoy.com\/granada\/Antonina-Rodrigo-guerrillera-memoria-Andres-Cardenas_0_1372662725.html<\/a><\/p>\n","protected":false},"excerpt":{"rendered":"<p>El Ayuntamiento le ha puesto su nombre a la plazoleta albaicinera donde naci\u00f3 Tiene, adem\u00e1s&#8230;<\/p>\n","protected":false},"author":1,"featured_media":33400,"comment_status":"closed","ping_status":"closed","sticky":false,"template":"","format":"standard","meta":{"_coblocks_attr":"","_coblocks_dimensions":"","_coblocks_responsive_height":"","_coblocks_accordion_ie_support":"","jetpack_post_was_ever_published":false,"_jetpack_newsletter_access":"","_jetpack_dont_email_post_to_subs":false,"_jetpack_newsletter_tier_id":0,"_jetpack_memberships_contains_paywalled_content":false,"_jetpack_memberships_contains_paid_content":false,"footnotes":"","jetpack_publicize_message":"","jetpack_publicize_feature_enabled":true,"jetpack_social_post_already_shared":false,"jetpack_social_options":{"image_generator_settings":{"template":"highway","default_image_id":0,"enabled":false},"version":2}},"categories":[1],"tags":[487,455,19],"class_list":["post-33399","post","type-post","status-publish","format-standard","has-post-thumbnail","hentry","category-uncategorized","tag-antonina-rodrigo","tag-memoria-historica","tag-mujeres"],"jetpack_publicize_connections":[],"jetpack_featured_media_url":"https:\/\/i0.wp.com\/miradordeatarfe.es\/wp-content\/uploads\/2019\/07\/Antonina-Rodrigo-recibiendo-Medalla-Andalucia_1372672773_102536067_667x375.jpg?fit=667%2C375&ssl=1","jetpack_likes_enabled":true,"jetpack_sharing_enabled":true,"_links":{"self":[{"href":"https:\/\/miradordeatarfe.es\/index.php?rest_route=\/wp\/v2\/posts\/33399","targetHints":{"allow":["GET"]}}],"collection":[{"href":"https:\/\/miradordeatarfe.es\/index.php?rest_route=\/wp\/v2\/posts"}],"about":[{"href":"https:\/\/miradordeatarfe.es\/index.php?rest_route=\/wp\/v2\/types\/post"}],"author":[{"embeddable":true,"href":"https:\/\/miradordeatarfe.es\/index.php?rest_route=\/wp\/v2\/users\/1"}],"replies":[{"embeddable":true,"href":"https:\/\/miradordeatarfe.es\/index.php?rest_route=%2Fwp%2Fv2%2Fcomments&post=33399"}],"version-history":[{"count":1,"href":"https:\/\/miradordeatarfe.es\/index.php?rest_route=\/wp\/v2\/posts\/33399\/revisions"}],"predecessor-version":[{"id":33401,"href":"https:\/\/miradordeatarfe.es\/index.php?rest_route=\/wp\/v2\/posts\/33399\/revisions\/33401"}],"wp:featuredmedia":[{"embeddable":true,"href":"https:\/\/miradordeatarfe.es\/index.php?rest_route=\/wp\/v2\/media\/33400"}],"wp:attachment":[{"href":"https:\/\/miradordeatarfe.es\/index.php?rest_route=%2Fwp%2Fv2%2Fmedia&parent=33399"}],"wp:term":[{"taxonomy":"category","embeddable":true,"href":"https:\/\/miradordeatarfe.es\/index.php?rest_route=%2Fwp%2Fv2%2Fcategories&post=33399"},{"taxonomy":"post_tag","embeddable":true,"href":"https:\/\/miradordeatarfe.es\/index.php?rest_route=%2Fwp%2Fv2%2Ftags&post=33399"}],"curies":[{"name":"wp","href":"https:\/\/api.w.org\/{rel}","templated":true}]}}