{"id":3341,"date":"2015-09-16T07:19:57","date_gmt":"2015-09-16T07:19:57","guid":{"rendered":"http:\/\/miradordeatarfe.es\/?p=3341"},"modified":"2015-09-17T10:49:47","modified_gmt":"2015-09-17T10:49:47","slug":"el-cantante-bono-y-los-refugiados-sirios","status":"publish","type":"post","link":"https:\/\/miradordeatarfe.es\/?p=3341","title":{"rendered":"El cantante Bono y los refugiados sirios"},"content":{"rendered":"<p><em>an Requetebono<\/em> deber\u00eda ser su nombre en el santoral laico como lo que es, el patr\u00f3n del siglo XXI de todos los oprimidos y desventurados del planeta. Tampoco esta vez nuestro h\u00e9roe ha dudado ni perdido un segundo en abanderar la causa de los refugiados sirios. Si hace varios a\u00f1os el motivo fue la hambruna en el \u00c1frica negra, en la pr\u00f3xima gira europea del grupo U2 los que paguen la entrada al concierto sentir\u00e1n la emoci\u00f3n de ser durante un par de horas los ap\u00f3stoles del \u00faltimo y m\u00e1s famoso redentor del sufrimiento sirio.<\/p>\n<p><strong>Bono<\/strong>, a remolque de las espeluznantes im\u00e1genes del \u00e9xodo sirio hacia el coraz\u00f3n de Europa, va con un poco de retraso en su nueva cruzada porque la guerra multilateral que estall\u00f3 en el feudo de <strong>Bashar al-Assad<\/strong> en la primavera de 2011 ya se ha cobrado quiz\u00e1s m\u00e1s de 300.000 muertos (unas 40.000 de las v\u00edctimas mortales las aportan los ni\u00f1os). \u00a1Pero qu\u00e9 m\u00e1s da cuando nuevas sensaciones \u2013ay, la aparici\u00f3n de esa l\u00fagubre foto infantil\u2026- devuelven la virginidad a quien no desea enterarse del mundo real que todav\u00eda no se ha colado por el televisor!<\/p>\n<p>La realidad, contante y sonante pero no difundida con sangre, sudor y l\u00e1grimas\u00a0por los medios occidentales se presta mal a la imaginaci\u00f3n popular, vale poco como moneda de cambio y no es f\u00e1cil de mercantilizar por los profesionales del coraz\u00f3n; un gremio empresarial que s\u00f3lo entiende de emociones colectivas, sensaciones a flor de piel y criterios de oportunidad. Y Bono, gran m\u00fasico y mejor profesional del coraz\u00f3n, sabe como ninguno que el presente momento es SEN-SA-CIO-NAL. Aunque ya <strong>nadie se acuerde de los cooperantes, periodistas y dem\u00e1s voluntarios occidentales que verdaderamente se han jugado la vida en el re\u00f1idero sirio<\/strong>. Y que poco importe que se haya ido por el desag\u00fce de la guerra tanta gente an\u00f3nima que no ha podido escapar de la ratonera.<\/p>\n<p>Nadie ignora que <strong>Paul Hewson <\/strong>(el verdadero nombre del cantante Bono)<strong>\u00a0<\/strong>es el mayor icono mundial en la defensa de los derechos humanos. Aunque no sin contradicciones porque el l\u00edder de U2 puede ser tan vers\u00e1til y proteico como la ocasi\u00f3n lo requiera. Bono no es <strong>San Francisco de As\u00eds<\/strong>. Tampoco, como veremos enseguida, es <strong>Nelson Mandela<\/strong>. Bono es un camale\u00f3n que se camufla seg\u00fan el paisaje en el que act\u00faa. Todo depende de la mayor\u00eda social, variable seg\u00fan las circunstancias geogr\u00e1ficas, que le paga y le adula. La habilidad del irland\u00e9s consiste en su capacidad de desdoblamiento: hay un Bono para el Primer Mundo (en el que ahora afloran las conciencias a favor de los refugiados sirios), y otro distinto destinado al consumo masivo lejos de Occidente. Para reconocer esta diversidad cultural y mercantil no tenemos m\u00e1s remedio que rebobinar y poner al cantante en su espacio favorito: \u00c1frica.<\/p>\n<p>Gira musical por Sud\u00e1frica en 2011 (justo el a\u00f1o en que estalla la guerra siria). Bono escucha extasiado el himno pol\u00edtico de <strong>Julius Malema <\/strong>(m\u00e1ximo dirigente de la organizaci\u00f3n juvenil del Congreso Nacional Africano y aspirante a suceder en la jefatura del Estado a <strong>Jacob Zuma<\/strong>). La canci\u00f3n se titula <em>Shoot the Boer <\/em>(Disparad al b\u00f3er). Bono se derrite cuando escucha esta canci\u00f3n zul\u00fa que retumba en los o\u00eddos de los j\u00f3venes negros de los suburbios, enardece su resentimiento hist\u00f3rico y excita su hambre de venganza:<\/p>\n<blockquote><p><em>\u201cAyasab\u00b4amagwala (Los cobardes tienen miedo)<br \/>\nDubula dubula (Disparad, disparad)<br \/>\nAyeah<br \/>\nDubula dubula (Disparad, disparad)<br \/>\nAyasab\u00b4amagwala (Los cobardes tienen miedo)<br \/>\nDubula dubula (Disparad, disparad)<br \/>\nAwu yoh<br \/>\nDubula dubula (Disparad, disparad)<br \/>\nAw dubul\u00b4 ibhunu (Disparad al b\u00f3er)<br \/>\nDubula dubula (Disparad, disparad)\u201d<\/em><\/p><\/blockquote>\n<p>A Bono se le saltan las l\u00e1grimas de emoci\u00f3n: \u201cCuando era ni\u00f1o y cantaba\u2026 recuerdo a mis t\u00edos entonando\u2026canciones rebeldes sobre los primeros tiempos del IRA\u201d (declaraciones al <em>Sunday Times <\/em>de Johannesburgo). Sobre <em>Shoot the Boer<\/em>: \u201cSe podr\u00eda decir que es m\u00fasica tradicional\u2026algo genuinamente irland\u00e9s\u201d.<\/p>\n<p>Desde luego, hay tradiciones siniestras. El ominoso himno racista <em>Shoot the Boer <\/em>es una <strong>incitaci\u00f3n al odio contra los sudafricanos blancos<\/strong> que atropella el hermoso legado del gran <strong>Nelson Mandela<\/strong>. No es una payasada inocente y hay que situar el himno en el contexto social de Sud\u00e1frica, en la que, despu\u00e9s de la derogaci\u00f3n del inhumano r\u00e9gimen de apartheid en 1994, han sido asesinados m\u00e1s de tres mil granjeros blancos a manos de j\u00f3venes negros que no perdonan. Un pa\u00eds que, cuando Paul Hewson lo visit\u00f3 en 2011, presentaba unas tasas anuales de treinta y dos mil homicidios y setenta mil violaciones, las mayores del mundo.<\/p>\n<p>Un poco imprudente el amigo Bono al dar rienda suelta a su aprecio por la m\u00fasica tradicional. Para m\u00e1s detalles el lector puede acudir a las p\u00e1ginas 72-77 de \u201cEl \u00faltimo tren a la zona verde\u201d, de <strong>Paul Theroux <\/strong>(Alfaguara, 2015). S\u00ed, Paul Theroux, quiz\u00e1s el occidental que mejor conoce las interioridades de \u00c1frica y el m\u00e1s excelso autor de literatura de viajes de nuestro tiempo. Memorable el \u201cviaje\u201d que le da al mercachifle Paul Hewson, el rockero multimillonario de gafas ahumadas de aviador, sombrero de <em>cow-boy <\/em>y fin\u00edsimo olfato para localizar residencias fiscales <em>offshore<\/em>. Los pobres sirios, cuando por fin tengan voz propia, har\u00edan bien en otorgar poderes de representaci\u00f3n a uno de los suyos.<\/p>\n<p>por <span class=\"fecha_ide\"><strong>F\u00e9LIX BORNSTEIN<\/strong> |<\/span><\/p>\n<p>publicado en : <a href=\"http:\/\/www.cuartopoder.es\/luzdecruce\/2015\/09\/10\/el-cantante-bono-y-los-refugiados-sirios\/8580\">http:\/\/www.cuartopoder.es\/luzdecruce\/2015\/09\/10\/el-cantante-bono-y-los-refugiados-sirios\/8580<\/a><\/p>\n","protected":false},"excerpt":{"rendered":"<p>an Requetebono deber\u00eda ser su nombre en el santoral laico como lo que es, el&#8230;<\/p>\n","protected":false},"author":1,"featured_media":3342,"comment_status":"closed","ping_status":"closed","sticky":false,"template":"","format":"standard","meta":{"_coblocks_attr":"","_coblocks_dimensions":"","_coblocks_responsive_height":"","_coblocks_accordion_ie_support":"","jetpack_post_was_ever_published":false,"_jetpack_newsletter_access":"","_jetpack_dont_email_post_to_subs":false,"_jetpack_newsletter_tier_id":0,"_jetpack_memberships_contains_paywalled_content":false,"_jetpack_memberships_contains_paid_content":false,"footnotes":"","jetpack_publicize_message":"","jetpack_publicize_feature_enabled":true,"jetpack_social_post_already_shared":false,"jetpack_social_options":{"image_generator_settings":{"template":"highway","default_image_id":0,"enabled":false},"version":2}},"categories":[12,1161,15],"tags":[1212,1213,1211,1136],"class_list":["post-3341","post","type-post","status-publish","format-standard","has-post-thumbnail","hentry","category-cultura","category-ciudadania","category-ultimas-noticias","tag-bono","tag-concierto","tag-exiliados","tag-siria"],"jetpack_publicize_connections":[],"jetpack_featured_media_url":"https:\/\/i0.wp.com\/miradordeatarfe.es\/wp-content\/uploads\/2015\/09\/1467-944-550.jpg?fit=944%2C550&ssl=1","jetpack_likes_enabled":true,"jetpack_sharing_enabled":true,"_links":{"self":[{"href":"https:\/\/miradordeatarfe.es\/index.php?rest_route=\/wp\/v2\/posts\/3341","targetHints":{"allow":["GET"]}}],"collection":[{"href":"https:\/\/miradordeatarfe.es\/index.php?rest_route=\/wp\/v2\/posts"}],"about":[{"href":"https:\/\/miradordeatarfe.es\/index.php?rest_route=\/wp\/v2\/types\/post"}],"author":[{"embeddable":true,"href":"https:\/\/miradordeatarfe.es\/index.php?rest_route=\/wp\/v2\/users\/1"}],"replies":[{"embeddable":true,"href":"https:\/\/miradordeatarfe.es\/index.php?rest_route=%2Fwp%2Fv2%2Fcomments&post=3341"}],"version-history":[{"count":2,"href":"https:\/\/miradordeatarfe.es\/index.php?rest_route=\/wp\/v2\/posts\/3341\/revisions"}],"predecessor-version":[{"id":3344,"href":"https:\/\/miradordeatarfe.es\/index.php?rest_route=\/wp\/v2\/posts\/3341\/revisions\/3344"}],"wp:featuredmedia":[{"embeddable":true,"href":"https:\/\/miradordeatarfe.es\/index.php?rest_route=\/wp\/v2\/media\/3342"}],"wp:attachment":[{"href":"https:\/\/miradordeatarfe.es\/index.php?rest_route=%2Fwp%2Fv2%2Fmedia&parent=3341"}],"wp:term":[{"taxonomy":"category","embeddable":true,"href":"https:\/\/miradordeatarfe.es\/index.php?rest_route=%2Fwp%2Fv2%2Fcategories&post=3341"},{"taxonomy":"post_tag","embeddable":true,"href":"https:\/\/miradordeatarfe.es\/index.php?rest_route=%2Fwp%2Fv2%2Ftags&post=3341"}],"curies":[{"name":"wp","href":"https:\/\/api.w.org\/{rel}","templated":true}]}}