{"id":33429,"date":"2019-07-15T11:15:13","date_gmt":"2019-07-15T09:15:13","guid":{"rendered":"http:\/\/miradordeatarfe.es\/?p=33429"},"modified":"2022-02-12T12:33:48","modified_gmt":"2022-02-12T11:33:48","slug":"vaya-vaya-con-raul-castillo-que-en-400-vallas-va-ya-por-dos-veces-en-que-baja-del-minuto-como-el-que-va-al-valle-y-no-lleva-llave-y-se-salta-la-valla-para-recoger-bellas-bayas","status":"publish","type":"post","link":"https:\/\/miradordeatarfe.es\/?p=33429","title":{"rendered":"VAYA, VAYA CON RA\u00daL CASTILLO QUE EN 400 VALLAS VA YA POR DOS VECES EN QUE BAJA DEL MINUTO COMO EL QUE VA AL VALLE Y NO LLEVA LLAVE Y SE SALTA LA VALLA PARA RECOGER BELLAS BAYAS"},"content":{"rendered":"\n<p> Ra\u00fal Castillo Santiago se ha ganado con todo merecimiento el derecho a que le  dediquemos una composici\u00f3n literaria de figuras de repetici\u00f3n a cascoporro pues este  s\u00e1bado nos ha dejado una colosal actuaci\u00f3n en la final de 400 vallas del campeonato  de Andaluc\u00eda Absoluto en la que sin haber cumplido aun los 18 a\u00f1os de edad se col\u00f3  en el cuarto puesto a un suspiro de la medalla de bronce, presea que acarici\u00f3 con la  punta de los dedos pues hasta el \u00faltimo obst\u00e1culo se mantuvo en posiciones de p\u00f3dium  perdiendo tan privilegiada clasificaci\u00f3n en los \u00faltimos metros lisos, sin duda lastrado ya  por una larga temporada en la que se ha consolidado como un competitivo atleta en la  vuelta a la pista con vallas.<\/p>\n\n\n\n<p><br \/> Con todo hay que decir que se qued\u00f3 a tan s\u00f3lo una d\u00e9cima de segundo de su mejor  marca personal (59.80) y corri\u00f3 con gran valent\u00eda siguiendo las instrucciones de su  entrenador (Manolo Jim\u00e9nez Ca\u00f1adas) quien le program\u00f3 unos pasos previos a  determinado n\u00famero de apoyos fijo que fueron clavados por Ra\u00fal, vi\u00e9ndosele bastante  c\u00f3modo en el paso de la valla manteniendo el ritmo sin grandes oscilaciones lo que  denota que comienza a dominar la especialidad. Seguro que la temporada que viene<br \/> con un invierno trabajando la t\u00e9cnica del paso de valla nos depara una notable mejora  cronom\u00e9trica que lo meta de lleno entre los mejores especialistas en la distancia.<\/p>\n\n\n\n<p> En este Campeonato de Andaluc\u00eda absoluto tuvimos adem\u00e1s la presencia de dos atletas  formadas en nuestra escuela hoy en las filas del V\u00e9lez. Paula Jim\u00e9nez L\u00f3pez termin\u00f3  9\u00aa en longitud con 5.04 y dos nulos bastante largos. Inmaculada L\u00f3pez Garrido corri\u00f3 el  200 donde consigui\u00f3 una marca de 27.90, 13\u00aa.<\/p>\n\n\n\n<p> Por otro lado en la tarde del s\u00e1bado se disput\u00f3 en el anejo de Sierra Elvira la octava  etapa de la liga provincial de Millas en una controvertida decisi\u00f3n de nuestros  responsables municipales de deportes que se llevaron esta prueba fuera de nuestra  ciudad cuando nunca hemos disfrutado de ninguna prueba de atletismo en la calle para  todos las edades en Atarfe con lo que se pierde una buena oportunidad de brindar a  todos los atletas locales, en especial a los integrantes del Club Atletismo Ciudad de<br \/> Atarfe, la posibilidad de mostrar ante sus paisanos la calidad que atesoran.<\/p>\n\n\n\n<p><br \/> Nuestros atletas coparon la mayor\u00eda de los puestos de p\u00f3dium en las categor\u00edas en que  compitieron (10 puestos), adem\u00e1s Manuel Jimenez L\u00f3pez consigui\u00f3 la mejor marca de  todas las categor\u00edas (5.17), Marcos Fern\u00e1ndez Requena la segunda (5.19), Virginia L\u00f3pez Garc\u00eda (7.13) la segunda y Jes\u00fas Zamora Tortosa la s\u00e9ptima (5.32)<\/p>\n\n\n\n<p> <strong>Prebenjam\u00edn<\/strong>: 1\u00ba Santiago N\u00fa\u00f1ez Real<br \/> <strong>Sub 18<\/strong>: 1\u00ba Manuel Jim\u00e9nez L\u00f3pez, 2\u00ba Jes\u00fas Zamora Tortosa<br \/> <strong>Sub 20<\/strong>: 1\u00ba Marcos Fern\u00e1ndez Requena<br \/> <strong>Veteranos B:<\/strong> 1\u00ba Carlos Lucena, 3\u00ba Jos\u00e9 Antonio Fern\u00e1ndez Atienza<br \/> <strong>Veteranas A:<\/strong> 1\u00aa Virginia L\u00f3pez Garc\u00eda<br \/> <strong>Sub 16<\/strong>: 2\u00ba \u00c1ngel Torres Villalba<br \/> <strong>Sub 12<\/strong>: 3\u00aa Alejandra Herrera Rivera, 4\u00aa Mar\u00eda \u00c1ngeles Fern\u00e1ndez Requena<br \/> <strong>Benjam\u00edn:<\/strong> 3\u00ba David Mar\u00edn Aranda<br \/> <strong>Veteranos A<\/strong>: 8\u00ba Gustavo Adolfo Herrera, 9\u00ba H\u00e9ctor Crespo<\/p>\n\n\n\n<ul class=\"wp-block-gallery columns-3 is-cropped wp-block-gallery-1 is-layout-flex wp-block-gallery-is-layout-flex\"><li class=\"blocks-gallery-item\"><figure><img data-recalc-dims=\"1\" loading=\"lazy\" decoding=\"async\" width=\"640\" height=\"360\" src=\"https:\/\/i0.wp.com\/miradordeatarfe.es\/wp-content\/uploads\/2019\/07\/Carlos-Lucena-Milla-Sierra-Elvira-130719.jpg?resize=640%2C360&#038;ssl=1\" alt=\"\" data-id=\"33431\" data-link=\"https:\/\/miradordeatarfe.es\/?attachment_id=33431\" class=\"wp-image-33431\" srcset=\"https:\/\/i0.wp.com\/miradordeatarfe.es\/wp-content\/uploads\/2019\/07\/Carlos-Lucena-Milla-Sierra-Elvira-130719.jpg?w=960&amp;ssl=1 960w, https:\/\/i0.wp.com\/miradordeatarfe.es\/wp-content\/uploads\/2019\/07\/Carlos-Lucena-Milla-Sierra-Elvira-130719.jpg?resize=300%2C169&amp;ssl=1 300w, https:\/\/i0.wp.com\/miradordeatarfe.es\/wp-content\/uploads\/2019\/07\/Carlos-Lucena-Milla-Sierra-Elvira-130719.jpg?resize=768%2C432&amp;ssl=1 768w, https:\/\/i0.wp.com\/miradordeatarfe.es\/wp-content\/uploads\/2019\/07\/Carlos-Lucena-Milla-Sierra-Elvira-130719.jpg?resize=600%2C338&amp;ssl=1 600w\" sizes=\"auto, (max-width: 640px) 100vw, 640px\" \/><\/figure><\/li><li class=\"blocks-gallery-item\"><figure><img data-recalc-dims=\"1\" loading=\"lazy\" decoding=\"async\" width=\"640\" height=\"360\" src=\"https:\/\/i0.wp.com\/miradordeatarfe.es\/wp-content\/uploads\/2019\/07\/Manu-Milla-Sierra-Elvira-130719.jpg?resize=640%2C360&#038;ssl=1\" alt=\"\" data-id=\"33432\" data-link=\"https:\/\/miradordeatarfe.es\/?attachment_id=33432\" class=\"wp-image-33432\" srcset=\"https:\/\/i0.wp.com\/miradordeatarfe.es\/wp-content\/uploads\/2019\/07\/Manu-Milla-Sierra-Elvira-130719.jpg?w=960&amp;ssl=1 960w, https:\/\/i0.wp.com\/miradordeatarfe.es\/wp-content\/uploads\/2019\/07\/Manu-Milla-Sierra-Elvira-130719.jpg?resize=300%2C169&amp;ssl=1 300w, https:\/\/i0.wp.com\/miradordeatarfe.es\/wp-content\/uploads\/2019\/07\/Manu-Milla-Sierra-Elvira-130719.jpg?resize=768%2C432&amp;ssl=1 768w, https:\/\/i0.wp.com\/miradordeatarfe.es\/wp-content\/uploads\/2019\/07\/Manu-Milla-Sierra-Elvira-130719.jpg?resize=600%2C338&amp;ssl=1 600w\" sizes=\"auto, (max-width: 640px) 100vw, 640px\" \/><\/figure><\/li><li class=\"blocks-gallery-item\"><figure><img data-recalc-dims=\"1\" loading=\"lazy\" decoding=\"async\" width=\"640\" height=\"360\" src=\"https:\/\/i0.wp.com\/miradordeatarfe.es\/wp-content\/uploads\/2019\/07\/Prebenjamin-Milla-Sierra-Elvira-130719-2.jpg?resize=640%2C360&#038;ssl=1\" alt=\"\" data-id=\"33433\" data-link=\"https:\/\/miradordeatarfe.es\/?attachment_id=33433\" class=\"wp-image-33433\" srcset=\"https:\/\/i0.wp.com\/miradordeatarfe.es\/wp-content\/uploads\/2019\/07\/Prebenjamin-Milla-Sierra-Elvira-130719-2.jpg?w=960&amp;ssl=1 960w, https:\/\/i0.wp.com\/miradordeatarfe.es\/wp-content\/uploads\/2019\/07\/Prebenjamin-Milla-Sierra-Elvira-130719-2.jpg?resize=300%2C169&amp;ssl=1 300w, https:\/\/i0.wp.com\/miradordeatarfe.es\/wp-content\/uploads\/2019\/07\/Prebenjamin-Milla-Sierra-Elvira-130719-2.jpg?resize=768%2C432&amp;ssl=1 768w, https:\/\/i0.wp.com\/miradordeatarfe.es\/wp-content\/uploads\/2019\/07\/Prebenjamin-Milla-Sierra-Elvira-130719-2.jpg?resize=600%2C338&amp;ssl=1 600w\" sizes=\"auto, (max-width: 640px) 100vw, 640px\" \/><\/figure><\/li><li class=\"blocks-gallery-item\"><figure><img data-recalc-dims=\"1\" loading=\"lazy\" decoding=\"async\" width=\"640\" height=\"958\" src=\"https:\/\/i0.wp.com\/miradordeatarfe.es\/wp-content\/uploads\/2019\/07\/Ra%C3%BAl-Castillo-400-m-140619-Granada-1.jpeg?resize=640%2C958&#038;ssl=1\" alt=\"\" data-id=\"33434\" data-link=\"https:\/\/miradordeatarfe.es\/?attachment_id=33434\" class=\"wp-image-33434\" srcset=\"https:\/\/i0.wp.com\/miradordeatarfe.es\/wp-content\/uploads\/2019\/07\/Ra%C3%BAl-Castillo-400-m-140619-Granada-1.jpeg?resize=684%2C1024&amp;ssl=1 684w, https:\/\/i0.wp.com\/miradordeatarfe.es\/wp-content\/uploads\/2019\/07\/Ra%C3%BAl-Castillo-400-m-140619-Granada-1.jpeg?resize=200%2C300&amp;ssl=1 200w, https:\/\/i0.wp.com\/miradordeatarfe.es\/wp-content\/uploads\/2019\/07\/Ra%C3%BAl-Castillo-400-m-140619-Granada-1.jpeg?resize=768%2C1150&amp;ssl=1 768w, https:\/\/i0.wp.com\/miradordeatarfe.es\/wp-content\/uploads\/2019\/07\/Ra%C3%BAl-Castillo-400-m-140619-Granada-1.jpeg?resize=600%2C899&amp;ssl=1 600w, https:\/\/i0.wp.com\/miradordeatarfe.es\/wp-content\/uploads\/2019\/07\/Ra%C3%BAl-Castillo-400-m-140619-Granada-1.jpeg?w=1004&amp;ssl=1 1004w\" sizes=\"auto, (max-width: 640px) 100vw, 640px\" \/><\/figure><\/li><li class=\"blocks-gallery-item\"><figure><img data-recalc-dims=\"1\" loading=\"lazy\" decoding=\"async\" width=\"528\" height=\"960\" src=\"https:\/\/i0.wp.com\/miradordeatarfe.es\/wp-content\/uploads\/2019\/07\/Virginia-L%C3%B3pez-Garc%C3%ADa-Milla-Sierra-Elvira-130719-2.jpg?resize=528%2C960&#038;ssl=1\" alt=\"\" data-id=\"33435\" data-link=\"https:\/\/miradordeatarfe.es\/?attachment_id=33435\" class=\"wp-image-33435\" srcset=\"https:\/\/i0.wp.com\/miradordeatarfe.es\/wp-content\/uploads\/2019\/07\/Virginia-L%C3%B3pez-Garc%C3%ADa-Milla-Sierra-Elvira-130719-2.jpg?w=528&amp;ssl=1 528w, https:\/\/i0.wp.com\/miradordeatarfe.es\/wp-content\/uploads\/2019\/07\/Virginia-L%C3%B3pez-Garc%C3%ADa-Milla-Sierra-Elvira-130719-2.jpg?resize=165%2C300&amp;ssl=1 165w\" sizes=\"auto, (max-width: 528px) 100vw, 528px\" \/><\/figure><\/li><\/ul>\n","protected":false},"excerpt":{"rendered":"<p>Ra\u00fal Castillo Santiago se ha ganado con todo merecimiento el derecho a que le dediquemos&#8230;<\/p>\n","protected":false},"author":1,"featured_media":33430,"comment_status":"closed","ping_status":"closed","sticky":false,"template":"","format":"standard","meta":{"_coblocks_attr":"","_coblocks_dimensions":"","_coblocks_responsive_height":"","_coblocks_accordion_ie_support":"","jetpack_post_was_ever_published":false,"_jetpack_newsletter_access":"","_jetpack_dont_email_post_to_subs":false,"_jetpack_newsletter_tier_id":0,"_jetpack_memberships_contains_paywalled_content":false,"_jetpack_memberships_contains_paid_content":false,"footnotes":"","jetpack_publicize_message":"","jetpack_publicize_feature_enabled":true,"jetpack_social_post_already_shared":false,"jetpack_social_options":{"image_generator_settings":{"template":"highway","default_image_id":0,"enabled":false},"version":2}},"categories":[2,182,6915,9,44,15],"tags":[81,85,322],"class_list":["post-33429","post","type-post","status-publish","format-standard","has-post-thumbnail","hentry","category-atarfe","category-deportes","category-opinion-de-manuel-jimenez","category-medio-ambiente","category-noticias-de-hoy","category-ultimas-noticias","tag-atarfe","tag-atletismo","tag-deporte"],"jetpack_publicize_connections":[],"jetpack_featured_media_url":"https:\/\/i0.wp.com\/miradordeatarfe.es\/wp-content\/uploads\/2019\/07\/Atletismo-Atarfe-en-Milla-Sierra-Elvira-130719.jpeg?fit=1200%2C1600&ssl=1","jetpack_likes_enabled":true,"jetpack_sharing_enabled":true,"_links":{"self":[{"href":"https:\/\/miradordeatarfe.es\/index.php?rest_route=\/wp\/v2\/posts\/33429","targetHints":{"allow":["GET"]}}],"collection":[{"href":"https:\/\/miradordeatarfe.es\/index.php?rest_route=\/wp\/v2\/posts"}],"about":[{"href":"https:\/\/miradordeatarfe.es\/index.php?rest_route=\/wp\/v2\/types\/post"}],"author":[{"embeddable":true,"href":"https:\/\/miradordeatarfe.es\/index.php?rest_route=\/wp\/v2\/users\/1"}],"replies":[{"embeddable":true,"href":"https:\/\/miradordeatarfe.es\/index.php?rest_route=%2Fwp%2Fv2%2Fcomments&post=33429"}],"version-history":[{"count":2,"href":"https:\/\/miradordeatarfe.es\/index.php?rest_route=\/wp\/v2\/posts\/33429\/revisions"}],"predecessor-version":[{"id":52280,"href":"https:\/\/miradordeatarfe.es\/index.php?rest_route=\/wp\/v2\/posts\/33429\/revisions\/52280"}],"wp:featuredmedia":[{"embeddable":true,"href":"https:\/\/miradordeatarfe.es\/index.php?rest_route=\/wp\/v2\/media\/33430"}],"wp:attachment":[{"href":"https:\/\/miradordeatarfe.es\/index.php?rest_route=%2Fwp%2Fv2%2Fmedia&parent=33429"}],"wp:term":[{"taxonomy":"category","embeddable":true,"href":"https:\/\/miradordeatarfe.es\/index.php?rest_route=%2Fwp%2Fv2%2Fcategories&post=33429"},{"taxonomy":"post_tag","embeddable":true,"href":"https:\/\/miradordeatarfe.es\/index.php?rest_route=%2Fwp%2Fv2%2Ftags&post=33429"}],"curies":[{"name":"wp","href":"https:\/\/api.w.org\/{rel}","templated":true}]}}