{"id":33440,"date":"2019-07-16T11:28:00","date_gmt":"2019-07-16T09:28:00","guid":{"rendered":"http:\/\/miradordeatarfe.es\/?p=33440"},"modified":"2019-07-15T13:38:41","modified_gmt":"2019-07-15T11:38:41","slug":"atarfe-el-ayuntamiento-convoca-ayudas-para-material-escolar-del-curso-2019-20","status":"publish","type":"post","link":"https:\/\/miradordeatarfe.es\/?p=33440","title":{"rendered":"ATARFE: EL AYUNTAMIENTO CONVOCA AYUDAS PARA MATERIAL ESCOLAR DEL CURSO 2019\/20"},"content":{"rendered":"\n<p> Son prestaciones econ\u00f3micas de naturaleza subvencional y car\u00e1cter  finalista destinadas a cubrir los gastos de adquisici\u00f3n de material did\u00e1ctico complementario, a las familias del  municipio de ATARFE que tengan menores a su cargo  escolarizados en centros del t\u00e9rmino municipal <br>La  condici\u00f3n de beneficiario de la subvenci\u00f3n le otorgar\u00e1 el derecho a la  adquisici\u00f3n gratuita de ayuda para la adquisici\u00f3n de material did\u00e1ctico complementario.<\/p>\n\n\n\n<h4 class=\"wp-block-heading\">RECORDAMOS QUE LA FECHA DE ENTREGA DE DOCUMENTACION ES :<\/h4>\n\n\n\n<h2 class=\"wp-block-heading\">DEL 15 DE JULIO AL 15 DE AGOSTO<\/h2>\n\n\n\n<figure class=\"wp-block-image\"><img data-recalc-dims=\"1\" loading=\"lazy\" decoding=\"async\" width=\"640\" height=\"905\" src=\"https:\/\/i0.wp.com\/miradordeatarfe.es\/wp-content\/uploads\/2019\/07\/66588429_2435642216499634_698852133235064832_n.jpg?resize=640%2C905&#038;ssl=1\" alt=\"\" class=\"wp-image-33441\" srcset=\"https:\/\/i0.wp.com\/miradordeatarfe.es\/wp-content\/uploads\/2019\/07\/66588429_2435642216499634_698852133235064832_n.jpg?w=679&amp;ssl=1 679w, https:\/\/i0.wp.com\/miradordeatarfe.es\/wp-content\/uploads\/2019\/07\/66588429_2435642216499634_698852133235064832_n.jpg?resize=212%2C300&amp;ssl=1 212w, https:\/\/i0.wp.com\/miradordeatarfe.es\/wp-content\/uploads\/2019\/07\/66588429_2435642216499634_698852133235064832_n.jpg?resize=600%2C848&amp;ssl=1 600w\" sizes=\"auto, (max-width: 640px) 100vw, 640px\" \/><\/figure>\n\n\n\n<figure class=\"wp-block-image\"><img data-recalc-dims=\"1\" loading=\"lazy\" decoding=\"async\" width=\"640\" height=\"421\" src=\"https:\/\/i0.wp.com\/miradordeatarfe.es\/wp-content\/uploads\/2019\/07\/67243488_2435673719829817_9191628509095657472_n.jpg?resize=640%2C421&#038;ssl=1\" alt=\"\" class=\"wp-image-33442\" srcset=\"https:\/\/i0.wp.com\/miradordeatarfe.es\/wp-content\/uploads\/2019\/07\/67243488_2435673719829817_9191628509095657472_n.jpg?w=960&amp;ssl=1 960w, https:\/\/i0.wp.com\/miradordeatarfe.es\/wp-content\/uploads\/2019\/07\/67243488_2435673719829817_9191628509095657472_n.jpg?resize=300%2C197&amp;ssl=1 300w, https:\/\/i0.wp.com\/miradordeatarfe.es\/wp-content\/uploads\/2019\/07\/67243488_2435673719829817_9191628509095657472_n.jpg?resize=768%2C505&amp;ssl=1 768w, https:\/\/i0.wp.com\/miradordeatarfe.es\/wp-content\/uploads\/2019\/07\/67243488_2435673719829817_9191628509095657472_n.jpg?resize=600%2C394&amp;ssl=1 600w\" sizes=\"auto, (max-width: 640px) 100vw, 640px\" \/><\/figure>\n","protected":false},"excerpt":{"rendered":"<p>Son prestaciones econ\u00f3micas de naturaleza subvencional y car\u00e1cter finalista destinadas a cubrir los gastos de&#8230;<\/p>\n","protected":false},"author":1,"featured_media":33443,"comment_status":"closed","ping_status":"closed","sticky":false,"template":"","format":"standard","meta":{"_coblocks_attr":"","_coblocks_dimensions":"","_coblocks_responsive_height":"","_coblocks_accordion_ie_support":"","jetpack_post_was_ever_published":false,"_jetpack_newsletter_access":"","_jetpack_dont_email_post_to_subs":false,"_jetpack_newsletter_tier_id":0,"_jetpack_memberships_contains_paywalled_content":false,"_jetpack_memberships_contains_paid_content":false,"footnotes":"","jetpack_publicize_message":"","jetpack_publicize_feature_enabled":true,"jetpack_social_post_already_shared":false,"jetpack_social_options":{"image_generator_settings":{"template":"highway","default_image_id":0,"enabled":false},"version":2}},"categories":[2,187,44,15],"tags":[81,6303,1813],"class_list":["post-33440","post","type-post","status-publish","format-standard","has-post-thumbnail","hentry","category-atarfe","category-centros-educativos","category-noticias-de-hoy","category-ultimas-noticias","tag-atarfe","tag-ayudas-materiales","tag-servicios-sociales"],"jetpack_publicize_connections":[],"jetpack_featured_media_url":"https:\/\/i0.wp.com\/miradordeatarfe.es\/wp-content\/uploads\/2019\/07\/image_gallery.jpg?fit=1244%2C843&ssl=1","jetpack_likes_enabled":true,"jetpack_sharing_enabled":true,"_links":{"self":[{"href":"https:\/\/miradordeatarfe.es\/index.php?rest_route=\/wp\/v2\/posts\/33440","targetHints":{"allow":["GET"]}}],"collection":[{"href":"https:\/\/miradordeatarfe.es\/index.php?rest_route=\/wp\/v2\/posts"}],"about":[{"href":"https:\/\/miradordeatarfe.es\/index.php?rest_route=\/wp\/v2\/types\/post"}],"author":[{"embeddable":true,"href":"https:\/\/miradordeatarfe.es\/index.php?rest_route=\/wp\/v2\/users\/1"}],"replies":[{"embeddable":true,"href":"https:\/\/miradordeatarfe.es\/index.php?rest_route=%2Fwp%2Fv2%2Fcomments&post=33440"}],"version-history":[{"count":1,"href":"https:\/\/miradordeatarfe.es\/index.php?rest_route=\/wp\/v2\/posts\/33440\/revisions"}],"predecessor-version":[{"id":33444,"href":"https:\/\/miradordeatarfe.es\/index.php?rest_route=\/wp\/v2\/posts\/33440\/revisions\/33444"}],"wp:featuredmedia":[{"embeddable":true,"href":"https:\/\/miradordeatarfe.es\/index.php?rest_route=\/wp\/v2\/media\/33443"}],"wp:attachment":[{"href":"https:\/\/miradordeatarfe.es\/index.php?rest_route=%2Fwp%2Fv2%2Fmedia&parent=33440"}],"wp:term":[{"taxonomy":"category","embeddable":true,"href":"https:\/\/miradordeatarfe.es\/index.php?rest_route=%2Fwp%2Fv2%2Fcategories&post=33440"},{"taxonomy":"post_tag","embeddable":true,"href":"https:\/\/miradordeatarfe.es\/index.php?rest_route=%2Fwp%2Fv2%2Ftags&post=33440"}],"curies":[{"name":"wp","href":"https:\/\/api.w.org\/{rel}","templated":true}]}}