{"id":33464,"date":"2019-07-21T08:42:03","date_gmt":"2019-07-21T06:42:03","guid":{"rendered":"http:\/\/miradordeatarfe.es\/?p=33464"},"modified":"2019-07-16T20:48:15","modified_gmt":"2019-07-16T18:48:15","slug":"dolor-de-huesos-y-depresion-estas-son-las-enfermedades-mas-comunes-de-los-trabajadores-que-emigran","status":"publish","type":"post","link":"https:\/\/miradordeatarfe.es\/?p=33464","title":{"rendered":"Dolor de huesos y depresi\u00f3n: estas son las enfermedades m\u00e1s comunes de los trabajadores que emigran"},"content":{"rendered":"\n<h4 class=\"wp-block-heading\">Un estudio analiza las dolencias de 7.260 personas que trabajan fuera de sus pa\u00edses y concluye que muchos realizan las tareas m\u00e1s peligrosas o en peores condiciones<\/h4>\n\n\n\n<p>Sissoko, maliense de 47 a\u00f1os, trabaj\u00f3 durante dos meses en 2015 en una obra como pintor. Un d\u00eda comenz\u00f3 a encontrarse mal y su responsable le dijo que se fuera a casa y volviera cuando mejorase. Pero lejos de eso, su estado empeor\u00f3 as\u00ed que al d\u00eda siguiente se vio en urgencias del hospital 12 de Octubre, de Madrid. Diagn\u00f3stico: \u201cEl paciente sufre un&nbsp;<em>saturnismo<\/em>&nbsp;(intoxicaci\u00f3n por plomo) grave\u201d. Permaneci\u00f3 casi un mes ingresado.<\/p>\n\n\n\n<p>En las decenas de documentos m\u00e9dicos y laborales que Sissoko muestra para acreditar su historia se encuentra una carta de uno de los facultativos. \u201cEs altamente probable que la naturaleza de la intoxicaci\u00f3n sea laboral habiendo sido comprobadas mediante inspecci\u00f3n las condiciones de trabajo del paciente y habida cuenta de que otros compa\u00f1eros tambi\u00e9n presentan niveles elevados de plomo en sangre\u201d. Los inspectores incluso acudieron a su casa para cerciorarse de que la intoxicaci\u00f3n no pod\u00eda provenir de la cazoleta que usa para cocinar. Tres a\u00f1os despu\u00e9s Sissoko, que hab\u00eda trabajado la mayor parte de su vida en la agricultura, tuvo que ser intervenido de la espalda. Se mueve con dificultad y ya no puede trabajar. Desde entonces lucha por una indemnizaci\u00f3n porque asegura que en la obra no se cumpl\u00edan las condiciones de seguridad. \u201cHe cotizado y ahora estoy jodido\u201d, resume.<\/p>\n\n\n\n<p>Un estudio recientemente\u00a0<a rel=\"noreferrer noopener\" href=\"https:\/\/www.thelancet.com\/journals\/langlo\/article\/PIIS2214-109X(19)30204-9\/fulltext?dgcid=raven_jbs_etoc_email\" target=\"_blank\">publicado en<\/a>\u00a0<em>The Lancet<\/em>\u00a0muestra que el 47% de los trabajadores inmigrantes sufren alg\u00fan problema de salud relacionados con el empleo y el 22% un accidente laboral, porque normalmente realizan tareas peligrosas o en condiciones precarias. \u00bfTienen m\u00e1s dolencias que los locales? \u201cEs dif\u00edcil de decir. Creo que hay suficiente evidencia para mostrar que los migrantes tienen peores resultados de salud, pero todav\u00eda hay muy pocos datos comparativos con respecto a los locales\u201d, se\u00f1ala Sally Hargreaves, la investigadora del Imperial College de Londres y quien lidera este estudio.<\/p>\n\n\n\n<p>Los investigadores bucearon entre 18 estudios para recabar datos relativos a 7.260 inmigrantes en 13 pa\u00edses, entre ellos Espa\u00f1a. Los otros son algunos de los principales importadores de mano de obra como Singapur, Qatar, Emiratos \u00c1rabes Unidos, Estados Unidos, Italia, L\u00edbano, Taiwan, Tailandia, Corea del Sur, Arabia Saud\u00ed y Hong Kong. Los pa\u00edses de origen se divid\u00edan entre 25 nacionalidades, entre las que se encuentran Marruecos, Ecuador, Ruman\u00eda, Colombia, Filipinas, Etiop\u00eda o China. Los investigadores advierten de que su an\u00e1lisis se ha centrado en los migrantes que viajan de pa\u00edses en desarrollo a otros ricos, pero deja fuera de este estudio a aquellos que viajan entre pa\u00edses con los mismos ingresos por lo alto y por lo bajo, y aquellos que se desplazan entre regiones de un mismo pa\u00eds. Los flujos m\u00e1s habituales son entre naciones pobres.<\/p>\n\n\n\n<p>A pesar de que no es el objeto principal de este an\u00e1lisis, los investigadores s\u00ed notan diferencias obvias en la atenci\u00f3n sanitaria dependiendo de modelo econ\u00f3mico. \u201cUna cosa que estamos viendo en Europa, en pa\u00edses con sistemas de salud financiados con impuestos es que se est\u00e1n volviendo cada vez m\u00e1s restrictivos y buscan disuadir a los migrantes de acceder al sistema nacional de salud especialmente a aquellos en situaci\u00f3n irregular\u201d, explica la investigadora principal. Sissoko regulariz\u00f3 su situaci\u00f3n en Espa\u00f1a en 2006, cuatro a\u00f1os despu\u00e9s de llegar, y asegura que nunca ha tenido problemas con sus doctores, pero s\u00ed para que le reconozcan su baja. \u00abTuve mucha suerte con \u00cd\u00f1igo, se port\u00f3 muy bien. El apellido no lo recuerdo que es muy raro\u00bb, bromea.<\/p>\n\n\n\n<p>La investigaci\u00f3n apunta que la mayor\u00eda de inmigrantes provenientes de pa\u00edses de ingresos medios y bajos realizan sobre todo tareas manuales, con bajos salarios y dedica muchas horas, y que una gran parte de ellos no tienen papeles en regla. Entre las dolencias m\u00e1s comunes se encuentran en dolor de huesos y articulaciones, problemas por exposici\u00f3n a qu\u00edmicos, depresi\u00f3n y estr\u00e9s. \u201cHemos identificado una cantidad significativa de enfermedades mentales, lo que podr\u00eda ser el resultado de m\u00faltiples factores, como el aislamiento, las malas condiciones de vida y de trabajo, y estar lejos de sus familias\u201d, puntualiza Hargreaves.<\/p>\n\n\n\n<p>Hay otro elemento que contribuye a las malas condiciones en las que a veces se encuentran estos empleados: el maltrato por parte de sus jefes. Los investigadores hablan de amenazas de deportaci\u00f3n, abusos y maltrato, discriminaci\u00f3n racial, falta de seguro sanitario y, en general, poco respeto de los derechos laborales. \u201cLos avances de verdad solo se conseguir\u00e1n cuando sus derechos y acceso a la salud est\u00e9n garantizados\u201d.<\/p>\n\n\n\n<p>Esta investigaci\u00f3n de&nbsp;<em>The Lancet<\/em>&nbsp;incluye los estudios realizados en Espa\u00f1a del profesor Andr\u00e9s Alonso Agudelo sobre las condiciones de la mano de obra inmigrante.&nbsp;<a href=\"http:\/\/www.gacetasanitaria.org\/es-condiciones-trabajo-salud-inmigrantes-proyecto-articulo-S0213911108000393\" target=\"_blank\" rel=\"noreferrer noopener\">En uno de ellos, el experto apunta que hay<\/a>&nbsp;\u00abdificultades para el reconocimiento de los da\u00f1os a la salud derivados del trabajo por las situaciones de irregularidad y precariedad, por resistencia por parte de los contratadores o las entidades aseguradoras, y por desconocimiento de los inmigrantes\u00bb. Seg\u00fan las conclusiones, \u00ablos riesgos laborales en los inmigrantes no difieren de los riesgos de los aut\u00f3ctonos en similares circunstancias, pero los primeros padecer\u00edan exposiciones m\u00e1s frecuentes e intensas por el acceso mayoritario a puestos menos cualificados y por la necesidad de prolongar las jornadas de trabajo\u00bb. Una s\u00edntesis reflejada en un&nbsp;<em>paper<\/em>&nbsp;cient\u00edfico lo que le ha ocurrido a Sissoko, quien sigue esperando que se reconozca que el plomo lleg\u00f3 a su sangre en su puesto de trabajo.<\/p>\n\n\n\n<h4 class=\"wp-block-heading\">\u00bfEXISTE EXCLUSI\u00d3N SANITARIA EN ESPA\u00d1A?<\/h4>\n\n\n\n<p>En septiembre de 2018,&nbsp;<a href=\"https:\/\/elpais.com\/politica\/2018\/09\/06\/actualidad\/1536235229_571444.html\" target=\"_blank\" rel=\"noreferrer noopener\">el Gobierno de Pedro S\u00e1nchez aprob\u00f3 un decreto que ven\u00eda a garantizar la sanidad universal&nbsp;<\/a>cercenada seis a\u00f1os antes. \u00abEste decreto sigue teniendo varios inconvenientes\u00bb, apunta el presidente de M\u00e9dicos del Mundo, Jos\u00e9 F\u00e9lix Hoyo. \u00abPor ejemplo con el tema del empadronamiento. Las personas que viven tanto irregular, como regularmente tienen dificultades para demostrar residencia efectiva en diferentes comunidades\u00bb, se\u00f1ala. Reder agrupa alrededor de 300 entidades que siguen promoviendo que no exista ninguna traba a la hora de atender a cualquier persona en la sanidad. \u00abEl decreto de exclusi\u00f3n se aprob\u00f3 supuestamente para proteger al sistema nacional de salud del turismo sanitario. Las personas migrantes que vienen a Espa\u00f1a de modo irregular est\u00e1n b\u00e1sicamente sanas o no lograr\u00edan completar todo el recorrido que tienen hasta llegar aqu\u00ed. El turismo sanitario de otros pa\u00edses ricos de Europa no tiene nada que ver con la inmigraci\u00f3n\u00bb, recalca Hoyo. El presidente de M\u00e9dicos del Mundo asegura que siguen regustrando casos en los que no se atiende a los migrantes. \u00abHemos registrado uno por ejemplo en el que un ciudadano rumano que acababa de llegar a Espa\u00f1a por reagrupaci\u00f3n familiar fue a hacerse una revisi\u00f3n por un c\u00e1ncer que hab\u00eda superado y no lo consigui\u00f3. O una embarazada que acudi\u00f3 a un centro de salud a Melilla para que le quitaran los puntos de la ces\u00e1rea, tuvo que ir a urgencias porque no pod\u00eda acceder por atenci\u00f3n primaria y no se lo hicieron\u00bb. Para las entidades que conforman Reder, la atenci\u00f3n sanitaria universal no es una cosa ideol\u00f3gica, sino t\u00e9cnica: \u00abEst\u00e1 totalmente comprobado que es mejor financieramente prevenir a trav\u00e9s de la atenci\u00f3n primaria que curar a trav\u00e9s de urgencias\u00bb.<\/p>\n\n\n\n<h4 class=\"wp-block-heading\"><\/h4>\n\n\n\n<p><a href=\"https:\/\/elpais.com\/politica\/2018\/09\/06\/actualidad\/1536235229_571444.html\" target=\"_blank\" rel=\"noreferrer noopener\"><\/a><\/p>\n\n\n\n\n","protected":false},"excerpt":{"rendered":"<p>Un estudio analiza las dolencias de 7.260 personas que trabajan fuera de sus pa\u00edses y&#8230;<\/p>\n","protected":false},"author":1,"featured_media":33465,"comment_status":"closed","ping_status":"closed","sticky":false,"template":"","format":"standard","meta":{"_coblocks_attr":"","_coblocks_dimensions":"","_coblocks_responsive_height":"","_coblocks_accordion_ie_support":"","jetpack_post_was_ever_published":false,"_jetpack_newsletter_access":"","_jetpack_dont_email_post_to_subs":false,"_jetpack_newsletter_tier_id":0,"_jetpack_memberships_contains_paywalled_content":false,"_jetpack_memberships_contains_paid_content":false,"footnotes":"","jetpack_publicize_message":"","jetpack_publicize_feature_enabled":true,"jetpack_social_post_already_shared":false,"jetpack_social_options":{"image_generator_settings":{"template":"highway","default_image_id":0,"enabled":false},"version":2}},"categories":[1161,186,44,15],"tags":[969,60,55],"class_list":["post-33464","post","type-post","status-publish","format-standard","has-post-thumbnail","hentry","category-ciudadania","category-instituciones","category-noticias-de-hoy","category-ultimas-noticias","tag-emigracion","tag-enfermedades","tag-salud"],"jetpack_publicize_connections":[],"jetpack_featured_media_url":"https:\/\/i0.wp.com\/miradordeatarfe.es\/wp-content\/uploads\/2019\/07\/6CC8FF63-C401-471A-AAA1-DCDF0855FDE4.jpeg?fit=1960%2C1110&ssl=1","jetpack_likes_enabled":true,"jetpack_sharing_enabled":true,"_links":{"self":[{"href":"https:\/\/miradordeatarfe.es\/index.php?rest_route=\/wp\/v2\/posts\/33464","targetHints":{"allow":["GET"]}}],"collection":[{"href":"https:\/\/miradordeatarfe.es\/index.php?rest_route=\/wp\/v2\/posts"}],"about":[{"href":"https:\/\/miradordeatarfe.es\/index.php?rest_route=\/wp\/v2\/types\/post"}],"author":[{"embeddable":true,"href":"https:\/\/miradordeatarfe.es\/index.php?rest_route=\/wp\/v2\/users\/1"}],"replies":[{"embeddable":true,"href":"https:\/\/miradordeatarfe.es\/index.php?rest_route=%2Fwp%2Fv2%2Fcomments&post=33464"}],"version-history":[{"count":1,"href":"https:\/\/miradordeatarfe.es\/index.php?rest_route=\/wp\/v2\/posts\/33464\/revisions"}],"predecessor-version":[{"id":33466,"href":"https:\/\/miradordeatarfe.es\/index.php?rest_route=\/wp\/v2\/posts\/33464\/revisions\/33466"}],"wp:featuredmedia":[{"embeddable":true,"href":"https:\/\/miradordeatarfe.es\/index.php?rest_route=\/wp\/v2\/media\/33465"}],"wp:attachment":[{"href":"https:\/\/miradordeatarfe.es\/index.php?rest_route=%2Fwp%2Fv2%2Fmedia&parent=33464"}],"wp:term":[{"taxonomy":"category","embeddable":true,"href":"https:\/\/miradordeatarfe.es\/index.php?rest_route=%2Fwp%2Fv2%2Fcategories&post=33464"},{"taxonomy":"post_tag","embeddable":true,"href":"https:\/\/miradordeatarfe.es\/index.php?rest_route=%2Fwp%2Fv2%2Ftags&post=33464"}],"curies":[{"name":"wp","href":"https:\/\/api.w.org\/{rel}","templated":true}]}}