{"id":33487,"date":"2019-07-20T11:45:58","date_gmt":"2019-07-20T09:45:58","guid":{"rendered":"http:\/\/miradordeatarfe.es\/?p=33487"},"modified":"2019-07-17T12:55:47","modified_gmt":"2019-07-17T10:55:47","slug":"programa-provectus-por-albetrto-granados","status":"publish","type":"post","link":"https:\/\/miradordeatarfe.es\/?p=33487","title":{"rendered":"Programa \u201cProvectus\u201d  por Albetrto Granados"},"content":{"rendered":"\n<h4 class=\"wp-block-heading\"> Este art\u00edculo  fue Publicado  por  <a href=\"https:\/\/albertogranados.wordpress.com\/author\/albertogranados\/\">Alberto Granados<\/a> el  <a href=\"https:\/\/albertogranados.wordpress.com\/2011\/10\/25\/programa-provectus\/\">25 octubre, 2011<\/a> y lo traemos al Mirador por su gran Actualidad.<br><\/h4>\n\n\n\n<p>Estamos\n en unos tiempos convulsos en que Europa busca su identidad en la Sra. \nMerkel y el mareo que produce con sus pendulares recetas sobre la deuda \np\u00fablica. El euro, la convergencia, Maastricht, la unidad de Europa\u2026 \nnecesitan que todos nos pongamos a pensar y aportar nuestras ideas. Uno,\n que es muy sacrificado, se ha puesto a ello y tras mucha reflexi\u00f3n \ndeseo aportar para el futuro (esperemos que perfecto) mi granito de \narena: el proyecto \u201cProvectus\u201d.<\/p>\n\n\n\n<p>Es bien simple: hemos mandado a estudiar a nuestros reto\u00f1os a otras \nciudades al amparo de programas como S\u00f3crates o Erasmus. Nuestros ni\u00f1os \nse conocen medio mundo, en tanto que nuestra generaci\u00f3n tuvo escas\u00edsimas\n ocasiones de viajar. Nuestras casas se est\u00e1n convirtiendo en una \nespecie de hostal internacional donde nuestros viajados v\u00e1stagos acogen \ntemporalmente a sus invitados europeos, que vienen en grupos organizados\n de seis o siete y que dejan incubado el huevo solidario de devolver la \nvisita, con lo que, a su vez, tu ni\u00f1o o ni\u00f1a acudir\u00e1 pronto a reunirse \ncon sus amigos europeos en la siguiente <em>quedada<\/em> (ellos escriben\n kdd y lo entienden, pero yo me confieso abiertamente mucho m\u00e1s torpe) \nen cualquier punto geogr\u00e1fico, a ser posible muy lejano. Toda una ganga,\n pues con ser vuelos baratos y todo, se te va a montar en un pico, que \nno vas a dejar que las criaturas vayan por ah\u00ed con&nbsp; lo puesto.<\/p>\n\n\n\n<p>Se lo merecen, sin duda alguna, pero yo llevo tiempo d\u00e1ndole vueltas a\n la idea del \u201cProvectus\u201d, que es recoger el fruto de nuestra inversi\u00f3n y\n salir por ah\u00ed a ver mundo. No s\u00f3lo ensancharemos nuestro horizonte \nvital, sino que aportaremos nuestra sabidur\u00eda a universidades que queden\n lejos de nuestras ciudades de origen.<\/p>\n\n\n\n<p>L\u00f3gicamente, lo pagar\u00e1n entre el Estado del bienestar y nuestros \nhijos, que ya habr\u00e1n madurado, se habr\u00e1n puesto al tajo (doy por sentado\n que la crisis se superar\u00e1 y volveremos a llegar a fin de mes) y tendr\u00e1n\n el futuro abierto que nosotros tuvimos en los setenta. Y con este casi \nfinal feliz les toca apoquinar con sus pap\u00e1s, ya casi octogenarios, pero\n con ganas de vivir. Ser\u00e1 el momento de ir a universidades extranjeras a\n compartir nuestra sabidur\u00eda, atesorada durante tantas d\u00e9cadas de \njuventud acumulada.<\/p>\n\n\n\n<p>All\u00ed coincidiremos con otros provectus de Francia, Alemania, Holanda,\n Reino Unido, Rusia, Grecia, Italia, Polonia\u2026 Nos contaremos la mili en \nvarios idiomas, hablaremos de nuestras pr\u00f3statas, de partos, de c\u00f3mo \nest\u00e1 el servicio, de si hay sexismo en Alemania o eso es cosa de los \n\u201cperif\u00e9ricos\u201d latinos, de c\u00f3mo se hacen los cimientos y las obras en los\n pa\u00edses de origen, de peluquer\u00eda y moda, ense\u00f1aremos fotos de hijos y \nnietos, compartiremos aquella historia de&nbsp; cuando fuimos a Torremolinos \nen 1970 a ver si <em>pill\u00e1bamos<\/em> con alguna sueca y fue que no\u2026<\/p>\n\n\n\n<div class=\"wp-block-image\"><figure class=\"aligncenter\"><a href=\"https:\/\/albertogranados.files.wordpress.com\/2011\/10\/webelpuente-punto-com.jpg\"><img data-recalc-dims=\"1\" decoding=\"async\" src=\"https:\/\/albertogranados.files.wordpress.com\/2011\/10\/webelpuente-punto-com.jpg?w=640\" alt=\"\" class=\"wp-image-2979\"\/><\/a><figcaption> Imagen de webelpuente punto com <\/figcaption><\/figure><\/div>\n\n\n\n<p>Tendremos ocasi\u00f3n de intercambiar medicamentos:<\/p>\n\n\n\n<p>-Pues yo traigo unas pastillas de Espa\u00f1a que te dejan fet\u00e9n de la artritis\u2026<\/p>\n\n\n\n<p>-Feten? What does it mean?<\/p>\n\n\n\n<p>-Oh, pardon. Fet\u00e9n is quite well.<\/p>\n\n\n\n<p>-Let me taste them, please!<\/p>\n\n\n\n<p>-Sure! (1)<\/p>\n\n\n\n<p>Comentaremos lo dulces que son las octogenarias italianas, lo \nardientes que son las francesas, nos daremos codazos cuando pase con su \ncarrito la alemana de los pechos generosos. Jugaremos a la petanca y nos\n mosquearemos de envida con el&nbsp; <em>kit<\/em> de bolas de fibra que trae \nel alem\u00e1n, la mochila de ox\u00edgeno ultraligera de ese polaco&nbsp;o el bast\u00f3n \nortop\u00e9dico de dise\u00f1o del franc\u00e9s. Intercambiaremos recetas aut\u00f3ctonas y \ncasi le prenderemos fuego a la residencia al intentar una paella o unas \nmigas cortijeras (es que le gustan a Dorothy, la nudista brit\u00e1nica que \nnos ha devuelto la curiosidad por el desnudo)\u2026 &nbsp;Es decir, haremos eso \nque podr\u00edamos hacer en el hogar del pensionista (si es que no los \ncierran los nuevos servicios sociales, que todo podr\u00eda pasar), pero al \namparo de una universidad con docencia en una lengua de la que apenas \nrecordaremos casi nada. Y haremos muchas fotos para envi\u00e1rselas a los \nhijos, s\u00f3lo que luego no nos acordaremos c\u00f3mo se cargan en la cuenta de \nGmail.<\/p>\n\n\n\n<p>Nuestros hijos soltar\u00e1n la pasta con el mismo placer con que nosotros\n lo hemos hecho por ellos. S\u00f3lo tendr\u00edamos que llamarlos a trav\u00e9s de \nSkype y decirles eso de:<\/p>\n\n\n\n<p>-A ver si me mand\u00e1is m\u00e1s dinero, que ya que estoy en Londres, c\u00f3mo me\n voy a volver sin cruzar a Edimburgo\u2026 S\u00f3lo es un vuelo barato, porque \nvamos a dormir en nuestros sacos en casa de Jane. No os preocup\u00e9is que \nllevaremos la medicaci\u00f3n y el antiinflamatorio para poder levantarnos \ndel suelo por las ma\u00f1anas.<\/p>\n\n\n\n<p>-\u00bfQu\u00e9 qui\u00e9n es Jane? Una escocesa. Una amiga muy simp\u00e1tica que nos ha\n invitado\u2026 Ya la conocer\u00e9is: piensa ir a Granada este verano.<\/p>\n\n\n\n<p>Estoy seguro de que, si mi proyecto se consolida, Europa se sentir\u00e1 \norgullosa de sus viejos. Es m\u00e1s, creo que recoger\u00e1 nuestras vivencias y \nlas conservar\u00e1 en una especie de Viejopedia que preservar\u00e1 estos saberes\n como lo que son: reliquias de un mundo abocado a desaparecer en la era \nde las tecnolog\u00edas.<\/p>\n\n\n\n<p>Luego ya nos iremos muriendo, pero mientras tanto, que nos quiten lo viajado\u2026<\/p>\n\n\n\n<p>Alberto Granados<\/p>\n\n\n\n<p>NOTA -\u00bfFet\u00e9n? \u00bfQu\u00e9 significa fet\u00e9n?<\/p>\n\n\n\n<p>\u00a1Oh, perd\u00f3n! Fet\u00e9n es \u201cmuy bien\u201d.<\/p>\n\n\n\n<p>-\u00a1D\u00e9jame que las pruebe, por favor!<\/p>\n\n\n\n<p>-\u00a1Claro!<\/p>\n\n\n\n<figure class=\"wp-block-embed is-type-link is-provider-alberto-granados\"><div class=\"wp-block-embed__wrapper\">\n<blockquote class=\"wp-embedded-content\" data-secret=\"XNw6gdtnvo\"><a href=\"https:\/\/albertogranados.wordpress.com\/2011\/10\/25\/programa-provectus\/\">Programa \u00abProvectus\u00bb<\/a><\/blockquote><iframe loading=\"lazy\" class=\"wp-embedded-content\" sandbox=\"allow-scripts\" security=\"restricted\" style=\"position: absolute; visibility: hidden;\" title=\"\u00abPrograma \u00abProvectus\u00bb\u00bb \u2014 Alberto Granados\" src=\"https:\/\/albertogranados.wordpress.com\/2011\/10\/25\/programa-provectus\/embed\/#?secret=4Cc3iiWEha#?secret=XNw6gdtnvo\" data-secret=\"XNw6gdtnvo\" width=\"600\" height=\"338\" frameborder=\"0\" marginwidth=\"0\" marginheight=\"0\" scrolling=\"no\"><\/iframe>\n<\/div><\/figure>\n\n\n\n<p>FOTO: http:\/\/euroencuentros.org\/index.php?menu=album<\/p>\n","protected":false},"excerpt":{"rendered":"<p>Este art\u00edculo fue Publicado por Alberto Granados el 25 octubre, 2011 y lo traemos al&#8230;<\/p>\n","protected":false},"author":1,"featured_media":33488,"comment_status":"closed","ping_status":"closed","sticky":false,"template":"","format":"standard","meta":{"_coblocks_attr":"","_coblocks_dimensions":"","_coblocks_responsive_height":"","_coblocks_accordion_ie_support":"","jetpack_post_was_ever_published":false,"_jetpack_newsletter_access":"","_jetpack_dont_email_post_to_subs":false,"_jetpack_newsletter_tier_id":0,"_jetpack_memberships_contains_paywalled_content":false,"_jetpack_memberships_contains_paid_content":false,"footnotes":"","jetpack_publicize_message":"","jetpack_publicize_feature_enabled":true,"jetpack_social_post_already_shared":false,"jetpack_social_options":{"image_generator_settings":{"template":"highway","default_image_id":0,"enabled":false},"version":2}},"categories":[39,1161,186,9,44,15],"tags":[1092,3584],"class_list":["post-33487","post","type-post","status-publish","format-standard","has-post-thumbnail","hentry","category-opinion-de-alberto-granados","category-ciudadania","category-instituciones","category-medio-ambiente","category-noticias-de-hoy","category-ultimas-noticias","tag-intercambios","tag-madurez"],"jetpack_publicize_connections":[],"jetpack_featured_media_url":"https:\/\/i0.wp.com\/miradordeatarfe.es\/wp-content\/uploads\/2019\/07\/IMG_0330.jpg?fit=800%2C533&ssl=1","jetpack_likes_enabled":true,"jetpack_sharing_enabled":true,"_links":{"self":[{"href":"https:\/\/miradordeatarfe.es\/index.php?rest_route=\/wp\/v2\/posts\/33487","targetHints":{"allow":["GET"]}}],"collection":[{"href":"https:\/\/miradordeatarfe.es\/index.php?rest_route=\/wp\/v2\/posts"}],"about":[{"href":"https:\/\/miradordeatarfe.es\/index.php?rest_route=\/wp\/v2\/types\/post"}],"author":[{"embeddable":true,"href":"https:\/\/miradordeatarfe.es\/index.php?rest_route=\/wp\/v2\/users\/1"}],"replies":[{"embeddable":true,"href":"https:\/\/miradordeatarfe.es\/index.php?rest_route=%2Fwp%2Fv2%2Fcomments&post=33487"}],"version-history":[{"count":1,"href":"https:\/\/miradordeatarfe.es\/index.php?rest_route=\/wp\/v2\/posts\/33487\/revisions"}],"predecessor-version":[{"id":33489,"href":"https:\/\/miradordeatarfe.es\/index.php?rest_route=\/wp\/v2\/posts\/33487\/revisions\/33489"}],"wp:featuredmedia":[{"embeddable":true,"href":"https:\/\/miradordeatarfe.es\/index.php?rest_route=\/wp\/v2\/media\/33488"}],"wp:attachment":[{"href":"https:\/\/miradordeatarfe.es\/index.php?rest_route=%2Fwp%2Fv2%2Fmedia&parent=33487"}],"wp:term":[{"taxonomy":"category","embeddable":true,"href":"https:\/\/miradordeatarfe.es\/index.php?rest_route=%2Fwp%2Fv2%2Fcategories&post=33487"},{"taxonomy":"post_tag","embeddable":true,"href":"https:\/\/miradordeatarfe.es\/index.php?rest_route=%2Fwp%2Fv2%2Ftags&post=33487"}],"curies":[{"name":"wp","href":"https:\/\/api.w.org\/{rel}","templated":true}]}}