{"id":33490,"date":"2019-07-19T10:02:51","date_gmt":"2019-07-19T08:02:51","guid":{"rendered":"http:\/\/miradordeatarfe.es\/?p=33490"},"modified":"2019-07-17T13:07:58","modified_gmt":"2019-07-17T11:07:58","slug":"espana-francia-portugal-y-la-comision-europea-se-reunen-para-hablar-de-cooperacion-y-transicion-energetica","status":"publish","type":"post","link":"https:\/\/miradordeatarfe.es\/?p=33490","title":{"rendered":"Espa\u00f1a, Francia, Portugal y la Comisi\u00f3n Europea se re\u00fanen para hablar de cooperaci\u00f3n y transici\u00f3n energ\u00e9tica"},"content":{"rendered":"\n<h4 class=\"wp-block-heading\">Los asistentes han coincidido en un \npr\u00f3ximo e importante aporte de renovables en los sistemas energ\u00e9ticos y \nen el papel fundamental que van a tener los sistemas de almacenamiento<\/h4>\n\n\n\n<p>Espa\u00f1a, Francia, Portugal se han reunido, junto a la Comisi\u00f3n  Europea, para hablar de cooperaci\u00f3n en la transici\u00f3n ecol\u00f3gica.  Asimismo, para fortalecer los Planes Nacionales de Energ\u00eda y Clima  (PNIEC). La ministra en funciones para la Transici\u00f3n Ecol\u00f3gica ha  presidido la reuni\u00f3n.<\/p>\n\n\n\n<p>La\n reuni\u00f3n entre los gobiernos de Espa\u00f1a, Francia y Portugal, y la \nComisi\u00f3n Europea, ha tenido lugar en Madrid. La ministra para la \nTransici\u00f3n Ecol\u00f3gica en funciones, Teresa Rivera, ha presidido el \nencuentro. &nbsp;El objetivo: <strong>construir\n nuevas f\u00f3rmulas de cooperaci\u00f3n interregional para conseguir la \ndescarbonizaci\u00f3n planteada por cada pa\u00eds en sus respectivos <a href=\"https:\/\/www.energynews.es\/pniec-2021-2030\/\" target=\"_blank\" rel=\"noreferrer noopener\">planes de energ\u00eda y clima<\/a>.<\/strong><\/p>\n\n\n\n<p>Las delegaciones de los tres pa\u00edses han estado acompa\u00f1adas por representantes de la Comisi\u00f3n Europea. Adem\u00e1s, han asistido los <strong>gestores nacionales de redes de transporte de electricidad y la asociaci\u00f3n<\/strong> que los aglutina a nivel comunitario, <strong>ENTSO-E<\/strong>.<\/p>\n\n\n\n<h2 class=\"wp-block-heading\">Cooperaci\u00f3n fundamental<\/h2>\n\n\n\n<p>Los asistentes han coincidido en temas de futuro pr\u00f3ximo. As\u00ed, consideran que <strong>los pr\u00f3ximos a\u00f1os estar\u00e1n marcados por una entrada masiva de energ\u00edas renovables en los sistemas energ\u00e9ticos<\/strong> de Espa\u00f1a, Francia y Portugal. Adem\u00e1s, creen que es una cuesti\u00f3n decisiva para cumplir el <a href=\"https:\/\/www.energynews.es\/comision-europea-analisis-planes-necp\/\" target=\"_blank\" rel=\"noreferrer noopener\"><strong>Acuerdo de Par\u00eds<\/strong><\/a> de lucha contra el cambio clim\u00e1tico. Pero tambi\u00e9n para <strong>colocar al ciudadano en el centro del sistema energ\u00e9tico, asegurando la provisi\u00f3n de energ\u00eda limpia y asequible.<\/strong><\/p>\n\n\n\n<p><strong>Todo ello requiere la cooperaci\u00f3n interregional entre Estrados fronterizos<\/strong>.\n Es fundamental para conseguir que el desarrollo de estos temas alcance \nsu mayor potencial. No basta con las estrategias de cada pa\u00eds.<\/p>\n\n\n\n<blockquote class=\"wp-block-quote is-layout-flow wp-block-quote-is-layout-flow\"><p>As\u00ed,\n podr\u00e1n explorar de forma conjunta las mejores tecnolog\u00edas para las \ndiferentes localizaciones geogr\u00e1ficas, intercambiar buenas pr\u00e1cticas o \ndesarrollar mayores mercados, de forma que la producci\u00f3n de energ\u00eda sea \nm\u00e1s accesible, barata y segura para el consumidor.<\/p><\/blockquote>\n\n\n\n<p>La cooperaci\u00f3n regional entre pa\u00edses vecinos es algo que contempla el reglamento europeo. Lo recoge el <strong>Reglamento (EU) 2018\/1999 del Parlamento Europeo y del Consejo, <a href=\"https:\/\/www.boe.es\/doue\/2018\/328\/L00001-00077.pdf\" target=\"_blank\" rel=\"noreferrer noopener\">de 11 de diciembre de 2018, sobre la gobernanza de la Uni\u00f3n de la Energ\u00eda y de la Acci\u00f3n por el Clima<\/a><\/strong>.\n Establece la obligaci\u00f3n para los Estados miembro de desarrollar Planes \nNacionales Integrados de Energ\u00eda y Clima (PNIECs) y considera esa \ncooperaci\u00f3n.<\/p>\n\n\n\n<h2 class=\"wp-block-heading\">Sistemas de almacenamiento<\/h2>\n\n\n\n<p>Tambi\u00e9n los asistentes han incidido en la importancia de la cooperaci\u00f3n para <strong>fortalecer la gestionabilidad y flexibilidad del sistema el\u00e9ctrico, cada vez m\u00e1s renovable<\/strong>. En esa l\u00ednea, han destacado la necesidad de continuar trabajando en los <strong>proyectos de interconexi\u00f3n energ\u00e9tica entre los tres pa\u00edses<\/strong>. Al mismo tiempo, han subrayado el papel que tendr\u00e1n en este nuevo mix energ\u00e9tico los <strong>sistemas de almacenamiento para alcanzar los objetivos de ambici\u00f3n clim\u00e1tica<\/strong>.\n Tanto Portugal, Espa\u00f1a y Francia, como la Comisi\u00f3n Europea, comparten \ndichos objetivos. De ah\u00ed que los tres pa\u00edses hayan acordado seguir \nreforzando la cooperaci\u00f3n y compartiendo mejores pr\u00e1cticas para \nfortalecer los planes de energ\u00eda y clima.<\/p>\n\n\n\n<h2 class=\"wp-block-heading\">Declaraciones de Teresa Ribera<\/h2>\n\n\n\n<p>La ministra en funciones ha subrayado:<\/p>\n\n\n\n<blockquote class=\"wp-block-quote is-layout-flow wp-block-quote-is-layout-flow\"><p><em>\u201cEl\n objetivo de este encuentro es trabajar en un modelo de cooperaci\u00f3n \nsubregional que facilite el cumplimiento de nuestros Planes Nacionales \nIntegrados de Energ\u00eda y Clima con la m\u00e1xima incorporaci\u00f3n posible de \nenerg\u00edas renovables en redes que deben ser inteligentes.<\/em><\/p><p><em>Interconexiones\n o almacenamiento son algunas de las cuestiones clave de este nuevo \nmodelo, junto con flexibilizaci\u00f3n o digitalizaci\u00f3n de nuestras redes. \nConstituyen desaf\u00edos para reguladores y administraciones pero tambi\u00e9n \npara el conjunto de los operadores del sistema: t\u00e9cnicos, pol\u00edticos, \nagentes sociales, o ambientales. Todos ellos ser\u00e1n clave para el \u00e9xito \nde una visi\u00f3n integrada que nos permita cumplir con nuestros objetivos \neuropeos de lucha contra el cambio clim\u00e1tico en el marco del Acuerdo de \nPar\u00eds\u201d.<\/em><\/p><\/blockquote>\n\n\n\n<p><a href=\"https:\/\/www.energynews.es\/espana-francia-portugal-y-ce-reunen-para-hablar-de-cooperacion\/\">https:\/\/www.energynews.es\/espana-francia-portugal-y-ce-reunen-para-hablar-de-cooperacion\/<\/a><\/p>\n\n\n\n<p>FOTO : MINISTERIO DE TRANSICI\u00d3N ECOLOGICA<\/p>\n","protected":false},"excerpt":{"rendered":"<p>Los asistentes han coincidido en un pr\u00f3ximo e importante aporte de renovables en los sistemas&#8230;<\/p>\n","protected":false},"author":1,"featured_media":33491,"comment_status":"closed","ping_status":"closed","sticky":false,"template":"","format":"standard","meta":{"_coblocks_attr":"","_coblocks_dimensions":"","_coblocks_responsive_height":"","_coblocks_accordion_ie_support":"","jetpack_post_was_ever_published":false,"_jetpack_newsletter_access":"","_jetpack_dont_email_post_to_subs":false,"_jetpack_newsletter_tier_id":0,"_jetpack_memberships_contains_paywalled_content":false,"_jetpack_memberships_contains_paid_content":false,"footnotes":"","jetpack_publicize_message":"","jetpack_publicize_feature_enabled":true,"jetpack_social_post_already_shared":false,"jetpack_social_options":{"image_generator_settings":{"template":"highway","default_image_id":0,"enabled":false},"version":2}},"categories":[1161,186,44,15],"tags":[2618,725,1053,6311],"class_list":["post-33490","post","type-post","status-publish","format-standard","has-post-thumbnail","hentry","category-ciudadania","category-instituciones","category-noticias-de-hoy","category-ultimas-noticias","tag-almacenamiento","tag-espana","tag-europa","tag-transicion-ecologica"],"jetpack_publicize_connections":[],"jetpack_featured_media_url":"https:\/\/i0.wp.com\/miradordeatarfe.es\/wp-content\/uploads\/2019\/07\/fr_sp_po_ce-750x500.jpg?fit=750%2C500&ssl=1","jetpack_likes_enabled":true,"jetpack_sharing_enabled":true,"_links":{"self":[{"href":"https:\/\/miradordeatarfe.es\/index.php?rest_route=\/wp\/v2\/posts\/33490","targetHints":{"allow":["GET"]}}],"collection":[{"href":"https:\/\/miradordeatarfe.es\/index.php?rest_route=\/wp\/v2\/posts"}],"about":[{"href":"https:\/\/miradordeatarfe.es\/index.php?rest_route=\/wp\/v2\/types\/post"}],"author":[{"embeddable":true,"href":"https:\/\/miradordeatarfe.es\/index.php?rest_route=\/wp\/v2\/users\/1"}],"replies":[{"embeddable":true,"href":"https:\/\/miradordeatarfe.es\/index.php?rest_route=%2Fwp%2Fv2%2Fcomments&post=33490"}],"version-history":[{"count":1,"href":"https:\/\/miradordeatarfe.es\/index.php?rest_route=\/wp\/v2\/posts\/33490\/revisions"}],"predecessor-version":[{"id":33492,"href":"https:\/\/miradordeatarfe.es\/index.php?rest_route=\/wp\/v2\/posts\/33490\/revisions\/33492"}],"wp:featuredmedia":[{"embeddable":true,"href":"https:\/\/miradordeatarfe.es\/index.php?rest_route=\/wp\/v2\/media\/33491"}],"wp:attachment":[{"href":"https:\/\/miradordeatarfe.es\/index.php?rest_route=%2Fwp%2Fv2%2Fmedia&parent=33490"}],"wp:term":[{"taxonomy":"category","embeddable":true,"href":"https:\/\/miradordeatarfe.es\/index.php?rest_route=%2Fwp%2Fv2%2Fcategories&post=33490"},{"taxonomy":"post_tag","embeddable":true,"href":"https:\/\/miradordeatarfe.es\/index.php?rest_route=%2Fwp%2Fv2%2Ftags&post=33490"}],"curies":[{"name":"wp","href":"https:\/\/api.w.org\/{rel}","templated":true}]}}