{"id":33493,"date":"2019-07-18T09:31:47","date_gmt":"2019-07-18T07:31:47","guid":{"rendered":"http:\/\/miradordeatarfe.es\/?p=33493"},"modified":"2019-07-17T13:38:37","modified_gmt":"2019-07-17T11:38:37","slug":"ni-seductoras-ni-arpias-eran-fuertes-inteligentes-y-estrategas-la-historia-no-contada","status":"publish","type":"post","link":"https:\/\/miradordeatarfe.es\/?p=33493","title":{"rendered":"Ni seductoras ni arp\u00edas: eran fuertes, inteligentes y estrategas. La historia no contada"},"content":{"rendered":"\n<h2 class=\"wp-block-heading\">Mujeres borradas desde la prehistoria\u2026<\/h2>\n\n\n\n<p>La historia depende en gran parte de qui\u00e9n interpreta los hechos y de\n qui\u00e9n divulga esos descubrimientos. Puede que por ello, una sociedad \nmachista haya influido en exceso sobre los historiadores y arque\u00f3logos. \nAl menos, eso es lo que se desprende de las nuevas investigaciones. <\/p>\n\n\n\n<p>Estas, van en una l\u00ednea diferente a los planteamientos anteriores que\n se basaban en un comportamiento sumiso de la mujer en la supervivencia \ndel n\u00facleo familiar. Seg\u00fan un importante&nbsp;<a href=\"http:\/\/advances.sciencemag.org\/content\/3\/11\/eaao3893\" rel=\"noreferrer noopener\" target=\"_blank\">estudio<\/a>&nbsp;del\n departamento de arqueolog\u00eda de la Universidad de Cambridge (Reino \nUnido), las mujeres centroeuropeas de los primeros 6.000 a\u00f1os de \nagricultura ten\u00edan los brazos m\u00e1s fuertes que las campeonas de remo \nactuales,&nbsp; destreza f\u00edsica probablemente obtenida mediante actividades \ncomo labrar el suelo, cosechar manualmente y moler el grano durante \nhoras para hacer harina.<\/p>\n\n\n\n<figure class=\"wp-block-image\"><img data-recalc-dims=\"1\" decoding=\"async\" src=\"https:\/\/i0.wp.com\/muhimu.es\/wp-content\/uploads\/2019\/07\/mujeres-prehistoricas.png?w=640&#038;ssl=1\" alt=\"Ni seductoras ni arp\u00edas: eran fuertes, inteligentes y estrategas. La historia no contada 1\" class=\"wp-image-57663\"\/><\/figure>\n\n\n\n<p> \u201c<strong>Los roles no estaban tan\n determinados como nos han hecho creer. La supervivencia era b\u00e1sica y \nrequer\u00eda asignar papeles relevantes a ambos sexos. Libros como&nbsp;<\/strong><em><strong>Arqueolog\u00eda feminista<\/strong><\/em><strong>&nbsp;sugieren\n que arque\u00f3logos como el sacerdote Jos\u00e9 Miguel de Barandiar\u00e1n definieron\n la Prehistoria desde sus prejuicios. De ah\u00ed que la cueva se \ninterpretara como la casa victoriana. Pero ahora cuestionamos los \nestereotipos de la Prehistoria: los cazadores de las pinturas rupestres \npodr\u00edan haber sido mujeres y las manos que est\u00e1n pintadas en las cuevas \npodr\u00edan ser femeninas. El papel de madre era muy importante, pero no \nestaba oprimida en la cueva, sino respetada, tal vez, por perpetuar la \nespecie. El hombre cazador como macho alfa tambi\u00e9n se ha dado la vuelta.\n La caza era sobre todo carro\u00f1era, muy distinta de los hombres fuertes \nenfrentados a las fieras<\/strong>\u201d&nbsp;<ins><\/ins><a href=\"https:\/\/sandraferrervalero.wordpress.com\/\" rel=\"noreferrer noopener\" target=\"_blank\">Sandra Ferrer<\/a>, periodista y divulgadora hist\u00f3rica.\n\n\n\n<\/p>\n\n\n\n<figure><iframe src=\"https:\/\/www.youtube.com\/embed\/7e-8Oha93to\" allowfullscreen=\"\"><\/iframe><\/figure>\n\n\n\n<h3 class=\"wp-block-heading\">Mujeres malinterpretadas hist\u00f3ricamente<\/h3>\n\n\n\n<p><strong>Como por ejemplo la creaci\u00f3n de la \u201cfemme fatale\u201d que enga\u00f1a al hombre por su belleza y no por su inteligencia\u2026<\/strong><\/p>\n\n\n\n<h4 class=\"wp-block-heading\">Cleopatra: la estratega <\/h4>\n\n\n\n<p>Una&nbsp;<a href=\"https:\/\/elpais.com\/elpais\/2007\/02\/14\/actualidad\/1171439329_850215.html\" rel=\"noreferrer noopener\" target=\"_blank\">exposici\u00f3n<\/a>&nbsp;en\n el museo Shefton, de la Universidad de Newcastle (Reino Unido), mostr\u00f3 \nen febrero de 2007 una valiosa moneda de plata, del a\u00f1o 32 a.C., en la \nque la reina m\u00e1s conocida del Antiguo Egipto se representaba con un \nment\u00f3n sobresaliente, labios muy finos y nariz puntiaguda, nada que ver \ncon la belleza que supuestamente adoraron pol\u00edticos y generales romanos.\n  <a href=\"https:\/\/muhimu.es\/genero\/mujeres-objeto\/\" target=\"_blank\" rel=\"noreferrer noopener\">\u00bfPor qu\u00e9 lo \u00fanico que sabemos sobre esta excepcional mujer es que supuestamente era valorada \u201cpor su belleza\u201d?<\/a><\/p>\n\n\n\n<blockquote class=\"wp-block-quote is-layout-flow wp-block-quote-is-layout-flow\"><p>\u201c<strong>Cleopatra puso entre las \ncuerdas al Imperio Romano durante mucho tiempo. Se sabe que era una \nmujer inteligente y culta, con grandes dotes de estratega. Al morir, el \naparato propagand\u00edstico de Roma cre\u00f3 la imagen que nos ha llegado: una \nmujer manipuladora y seductora desde el punto de vista negativo. Las \nfuentes antiguas hablan de su psicolog\u00eda, pero con los siglos se ha \ninterpretado que era seductora por su f\u00edsico, m\u00e1s que por su capacidad \nde gobernar. Roma no pod\u00eda permitir que una mujer tuviese m\u00e1s talento \nque los poderosos hombres, y se cre\u00f3 la leyenda de la mujer arrebatadora\n f\u00edsicamente que atonta a los hombres<\/strong>\u201d<\/p><cite>Sandra Ferrer, periodista. <a href=\"https:\/\/elpais.com\/elpais\/2019\/01\/24\/icon\/1548344032_240006.html\" rel=\"noreferrer noopener\" target=\"_blank\">ICON<\/a><\/cite><\/blockquote>\n\n\n\n<figure class=\"wp-block-image\"><img data-recalc-dims=\"1\" height=\"754\" width=\"640\" decoding=\"async\" src=\"https:\/\/i0.wp.com\/muhimu.es\/wp-content\/uploads\/2019\/07\/cleopatra-historia-real-869x1024.jpg?resize=640%2C754&#038;ssl=1\" alt=\"Ni seductoras ni arp\u00edas: eran fuertes, inteligentes y estrategas. La historia no contada 2\" class=\"wp-image-57660\"\/><\/figure>\n\n\n\n<h4 class=\"wp-block-heading\">Maria Magdalena: la influyente<\/h4>\n\n\n\n<p>Mar\u00eda Magdalena fue \u201c<a href=\"https:\/\/elpais.com\/elpais\/2018\/08\/02\/hechos\/1533237261_768771.html\" rel=\"noreferrer noopener\" target=\"_blank\">una mujer adinerada, influyente y clave<\/a>\u201d en la vida de Jesucristo. Esta es una de las conclusiones de la investigadora Jennifer Ristine en&nbsp;<em>Mar\u00eda Magdalena: percepciones desde la antigua Magdala<\/em>,\n un libro presentado el pasado 22 de julio que trata de desvelar los \nmisterios de la mujer a la que la Iglesia cat\u00f3lica tach\u00f3 durante siglos \nde ad\u00faltera y prostituta. La integraci\u00f3n de las referencias b\u00edblicas e \nhist\u00f3ricas con los recientes descubrimientos arqueol\u00f3gicos hechos en la \nciudad de Magdala (actual Migdal, Israel), donde se cree que naci\u00f3, han \npermitido a Ristine reconstruir parte de su perfil.<\/p>\n\n\n\n<figure class=\"wp-block-image\"><img data-recalc-dims=\"1\" height=\"877\" width=\"640\" decoding=\"async\" src=\"https:\/\/i0.wp.com\/muhimu.es\/wp-content\/uploads\/2019\/07\/historia-real-maria-magdanlena-747x1024.jpg?resize=640%2C877&#038;ssl=1\" alt=\"Ni seductoras ni arp\u00edas: eran fuertes, inteligentes y estrategas. La historia no contada 3\" class=\"wp-image-57661\"\/><\/figure>\n\n\n\n<h4 class=\"wp-block-heading\">Mata Hari: la enamorada<\/h4>\n\n\n\n<p>\u201c<strong>No hay ning\u00fan documento que confirme 100% que Mata Hari fuera esp\u00eda<\/strong>\u201d, asegura la historiadora Alma Leonor, autora de&nbsp;<em>Las mentiras de la historia<\/em>.\n Opini\u00f3n con la que coincide \u00c1ngel Rubio, vicedecano de Estudios y \nCalidad de la Universidad Complutense de Madrid: \u201cSu ejecuci\u00f3n poco o \nnada tuvo que ver con su actividad como esp\u00eda. En realidad, acab\u00f3 siendo\n un chivo expiatorio\u201d. Seg\u00fan reflejan art\u00edculos de publicaciones como&nbsp;<em>National Geographic<\/em>&nbsp;o&nbsp;<em>Muy historia<\/em>,\n la estrategia militar de los franceses durante la guerra fue un \naut\u00e9ntico desastre que tuvo como consecuencia miles de muertes en las \ntrincheras. <ins><\/ins><\/p>\n\n\n\n<figure class=\"wp-block-image\"><img data-recalc-dims=\"1\" decoding=\"async\" src=\"https:\/\/i0.wp.com\/muhimu.es\/wp-content\/uploads\/2019\/07\/historia-real-mata-hari.jpg?w=640&#038;ssl=1\" alt=\"Ni seductoras ni arp\u00edas: eran fuertes, inteligentes y estrategas. La historia no contada 4\" class=\"wp-image-57662\"\/><\/figure>\n\n\n\n<p>Para\n desviar la responsabilidad del Estado franc\u00e9s y lidiar con la decepci\u00f3n\n del pueblo, se acus\u00f3 a Mata Hari de ser una esp\u00eda y la \u00fanica culpable \nde los catastr\u00f3ficos acontecimientos. Sin embargo, la \u00fanica culpa que \npuede atribu\u00edrsele a la holandesa fue la de enamorarse de Vadim Maslov, \nun militar del ej\u00e9rcito ruso. Cuando este fue herido, Mata Hari quiso \nreunirse con \u00e9l en Rusia, por lo que tuvo que pedir un visado. Para \nlograrlo tuvo que informar a Karl Kraemer, c\u00f3nsul alem\u00e1n en \u00c1msterdam, \nde los movimientos del ej\u00e9rcito franc\u00e9s. De ah\u00ed que muchos la tacharan \nde esp\u00eda, cuando solo fue una mujer que hizo aquello por amor. \u201c<strong>Todas\n las acusaciones contra Margaretha eran imprecisas y no se mencionaba \nning\u00fan secreto en particular que hubiera sido transmitido al enemigo<\/strong>\u201c, se explica en el reportaje publicado en&nbsp;<em>National GeographicMata Hari: una sex symbol v\u00edctima de la Gran Guerra<\/em> seg\u00fan <strong><a href=\"https:\/\/elpais.com\/elpais\/2019\/01\/24\/icon\/1548344032_240006.html\" rel=\"noreferrer noopener\" target=\"_blank\">ICON<\/a><\/strong><ins><\/ins><\/p>\n\n\n\n<figure><iframe src=\"https:\/\/www.youtube.com\/embed\/JfNXJVgN7Jw\" allowfullscreen=\"\"><\/iframe><\/figure>\n\n\n\n<p><a href=\"https:\/\/sandraferrervalero.wordpress.com\/\" rel=\"noreferrer noopener\" target=\"_blank\">Sandra Ferrer<\/a>, periodista y divulgadora hist\u00f3rica.\n\n<\/p>\n\n\n\n<p><a href=\"https:\/\/muhimu.es\/genero\/\">https:\/\/muhimu.es\/genero\/<\/a><\/p>\n","protected":false},"excerpt":{"rendered":"<p>Mujeres borradas desde la prehistoria\u2026 La historia depende en gran parte de qui\u00e9n interpreta los&#8230;<\/p>\n","protected":false},"author":1,"featured_media":33494,"comment_status":"closed","ping_status":"closed","sticky":false,"template":"","format":"standard","meta":{"_coblocks_attr":"","_coblocks_dimensions":"","_coblocks_responsive_height":"","_coblocks_accordion_ie_support":"","jetpack_post_was_ever_published":false,"_jetpack_newsletter_access":"","_jetpack_dont_email_post_to_subs":false,"_jetpack_newsletter_tier_id":0,"_jetpack_memberships_contains_paywalled_content":false,"_jetpack_memberships_contains_paid_content":false,"footnotes":"","jetpack_publicize_message":"","jetpack_publicize_feature_enabled":true,"jetpack_social_post_already_shared":false,"jetpack_social_options":{"image_generator_settings":{"template":"highway","default_image_id":0,"enabled":false},"version":2}},"categories":[12,1161,14,186,44,15],"tags":[41,1562,19,6313],"class_list":["post-33493","post","type-post","status-publish","format-standard","has-post-thumbnail","hentry","category-cultura","category-ciudadania","category-feminismo","category-instituciones","category-noticias-de-hoy","category-ultimas-noticias","tag-feminismo","tag-lucha","tag-mujeres","tag-olvido"],"jetpack_publicize_connections":[],"jetpack_featured_media_url":"https:\/\/i0.wp.com\/miradordeatarfe.es\/wp-content\/uploads\/2019\/07\/TRES-MUJERES-HISTORICAS-1400x600.jpg?fit=1400%2C600&ssl=1","jetpack_likes_enabled":true,"jetpack_sharing_enabled":true,"_links":{"self":[{"href":"https:\/\/miradordeatarfe.es\/index.php?rest_route=\/wp\/v2\/posts\/33493","targetHints":{"allow":["GET"]}}],"collection":[{"href":"https:\/\/miradordeatarfe.es\/index.php?rest_route=\/wp\/v2\/posts"}],"about":[{"href":"https:\/\/miradordeatarfe.es\/index.php?rest_route=\/wp\/v2\/types\/post"}],"author":[{"embeddable":true,"href":"https:\/\/miradordeatarfe.es\/index.php?rest_route=\/wp\/v2\/users\/1"}],"replies":[{"embeddable":true,"href":"https:\/\/miradordeatarfe.es\/index.php?rest_route=%2Fwp%2Fv2%2Fcomments&post=33493"}],"version-history":[{"count":1,"href":"https:\/\/miradordeatarfe.es\/index.php?rest_route=\/wp\/v2\/posts\/33493\/revisions"}],"predecessor-version":[{"id":33495,"href":"https:\/\/miradordeatarfe.es\/index.php?rest_route=\/wp\/v2\/posts\/33493\/revisions\/33495"}],"wp:featuredmedia":[{"embeddable":true,"href":"https:\/\/miradordeatarfe.es\/index.php?rest_route=\/wp\/v2\/media\/33494"}],"wp:attachment":[{"href":"https:\/\/miradordeatarfe.es\/index.php?rest_route=%2Fwp%2Fv2%2Fmedia&parent=33493"}],"wp:term":[{"taxonomy":"category","embeddable":true,"href":"https:\/\/miradordeatarfe.es\/index.php?rest_route=%2Fwp%2Fv2%2Fcategories&post=33493"},{"taxonomy":"post_tag","embeddable":true,"href":"https:\/\/miradordeatarfe.es\/index.php?rest_route=%2Fwp%2Fv2%2Ftags&post=33493"}],"curies":[{"name":"wp","href":"https:\/\/api.w.org\/{rel}","templated":true}]}}