{"id":33499,"date":"2019-07-20T09:01:37","date_gmt":"2019-07-20T07:01:37","guid":{"rendered":"http:\/\/miradordeatarfe.es\/?p=33499"},"modified":"2019-07-18T14:23:30","modified_gmt":"2019-07-18T12:23:30","slug":"aula-permanente-de-mayores-en-la-universidad-de-granada","status":"publish","type":"post","link":"https:\/\/miradordeatarfe.es\/?p=33499","title":{"rendered":"aula permanente de mayores en la universidad de Granada"},"content":{"rendered":"\n\n\n\n\n<p>\n<strong>PREINSCRIPCI\u00d3N<\/strong>\n<\/p>\n\n\n\n<p>\nEl plazo para formalizar la preinscripci\u00f3n se abrir\u00e1 el pr\u00f3ximo lunes 1 \nde julio de 2019. Recordamos que este tr\u00e1mite es presencial y \nobligatorio para las personas que van a matricularse por primera vez, o \ncuya \u00faltima matr\u00edcula se hizo hace m\u00e1s de cinco a\u00f1os.\n<\/p>\n\n\n\n<p>\nEl impreso est\u00e1 disponible en el siguiente <a href=\"http:\/\/apfa.ugr.es\/pages\/_documentos\/tramites\/preinscripcion\"> enlace<\/a>\n y para formalizar la preinscripci\u00f3n habr\u00e1 que facilitar una cuenta de \ncorreo electr\u00f3nico donde se  pueda enviar el n\u00famero PIN, y una fotocopia\n del DNI. Teniendo en cuenta que la fotocopia del DNI s\u00f3lo se pedir\u00e1 una\n vez, es necesario que tenga una calidad aceptable, evitando fotograf\u00edas\n con el m\u00f3vil y fotocopias borrosas.\n<\/p>\n\n\n\n<p>\n<strong>MATR\u00cdCULA<\/strong>\n<\/p>\n\n\n\n<p>\nLa matr\u00edcula se formalizar\u00e1 a trav\u00e9s de la <a href=\"https:\/\/oficinavirtual.ugr.es\/ai\/\"> Oficina Virtual<\/a>  de la <a href=\"http:\/\/www.ugr.es\">UGR<\/a> (excepto la Formaci\u00f3n Integrada). Los plazos son los siguientes:\n<\/p>\n\n\n\n<table class=\"wp-block-table\"><tbody><tr><th> Programa<\/th><th> Plazos  <\/th><\/tr><tr><td>Primer Ciclo (internet)    <\/td><td> Del 2 al 30 de septiembre de 2019   <\/td><\/tr><tr><td>Segundo Ciclo (internet)     <\/td><td>Del 16 al 30 de septiembre de 2019   <\/td><\/tr><tr><td>Formaci\u00f3n Integrada (presencial)     <\/td><td> Del 16 al 31 de julio   <\/td><\/tr><\/tbody><\/table>\n\n\n\n<p>\nLa matr\u00edcula de la Formaci\u00f3n Integrada se formalizar\u00e1 presencialmente en\n la sede del Aula Permanente de Formacion Abierta en Avda. de Madrid, \n13.\n<\/p>\n\n\n\n<p>\nLa preinscripci\u00f3n y matriculaci\u00f3n de las sedes provinciales y Ciudades \nAut\u00f3nomas se formalizar\u00e1n en el modo establecido en el libro con la \nprogramaci\u00f3n del curso acad\u00e9mico.\n<\/p>\n\n\n\n<p>\n<br>\n <strong>PROGRAMACI\u00d3N ACAD\u00c9MICA<\/strong>\n<\/p>\n\n\n\n<p>\nLa programaci\u00f3n acad\u00e9mica del curso 2019\/2020 se har\u00e1 p\u00fablica a lo largo\n del mes de julio, pudiendo utilizarse como referencia para el Primer \nCiclo en la sede de Granada, la programaci\u00f3n del curso 2018\/2019.\n<\/p>\n\n\n\n<p>\n<br>\n <strong>PRECIOS P\u00daBLICOS<\/strong>\n<\/p>\n\n\n\n<p>\nSede Granada \n<\/p>\n\n\n\n<table class=\"wp-block-table\"><tbody><tr><th> Concepto <\/th><th>  Precio <\/th><\/tr><tr><td>Primer Ciclo     <\/td><td>       150 \u20ac <\/td><\/tr><tr><td>Segundo Ciclo     <\/td><td>   150 \u20ac <\/td><\/tr><tr><td>Optativas especiales (24 sesiones)     <\/td><td>   50 \u20ac <\/td><\/tr><tr><td>Optativas especiales (12 sesiones)    <\/td><td>   25 \u20ac <\/td><\/tr><tr><td>Actividades de campo     <\/td><td>  10 \u20ac <\/td><\/tr><\/tbody><\/table>\n\n\n\n<p>\nSedes provinciales y Ciudades Aut\u00f3nomas \n<\/p>\n\n\n\n<table class=\"wp-block-table\"><tbody><tr><th> Concepto <\/th><th>  Precio <\/th><\/tr><tr><td>Programa general     <\/td><td>       110 \u20ac <\/td><\/tr><tr><td>Optativas especiales     <\/td><td>   35 \u20ac <\/td><\/tr><tr><td>Actividades de campo     <\/td><td>  10 \u20ac <\/td><\/tr><\/tbody><\/table>\n","protected":false},"excerpt":{"rendered":"<p>PREINSCRIPCI\u00d3N El plazo para formalizar la preinscripci\u00f3n se abrir\u00e1 el pr\u00f3ximo lunes 1 de julio&#8230;<\/p>\n","protected":false},"author":1,"featured_media":0,"comment_status":"closed","ping_status":"closed","sticky":false,"template":"","format":"standard","meta":{"_coblocks_attr":"","_coblocks_dimensions":"","_coblocks_responsive_height":"","_coblocks_accordion_ie_support":"","jetpack_post_was_ever_published":false,"_jetpack_newsletter_access":"","_jetpack_dont_email_post_to_subs":false,"_jetpack_newsletter_tier_id":0,"_jetpack_memberships_contains_paywalled_content":false,"_jetpack_memberships_contains_paid_content":false,"footnotes":"","jetpack_publicize_message":"","jetpack_publicize_feature_enabled":true,"jetpack_social_post_already_shared":false,"jetpack_social_options":{"image_generator_settings":{"template":"highway","default_image_id":0,"enabled":false},"version":2}},"categories":[1],"tags":[],"class_list":["post-33499","post","type-post","status-publish","format-standard","hentry","category-uncategorized"],"jetpack_publicize_connections":[],"jetpack_featured_media_url":"","jetpack_likes_enabled":true,"jetpack_sharing_enabled":true,"_links":{"self":[{"href":"https:\/\/miradordeatarfe.es\/index.php?rest_route=\/wp\/v2\/posts\/33499","targetHints":{"allow":["GET"]}}],"collection":[{"href":"https:\/\/miradordeatarfe.es\/index.php?rest_route=\/wp\/v2\/posts"}],"about":[{"href":"https:\/\/miradordeatarfe.es\/index.php?rest_route=\/wp\/v2\/types\/post"}],"author":[{"embeddable":true,"href":"https:\/\/miradordeatarfe.es\/index.php?rest_route=\/wp\/v2\/users\/1"}],"replies":[{"embeddable":true,"href":"https:\/\/miradordeatarfe.es\/index.php?rest_route=%2Fwp%2Fv2%2Fcomments&post=33499"}],"version-history":[{"count":1,"href":"https:\/\/miradordeatarfe.es\/index.php?rest_route=\/wp\/v2\/posts\/33499\/revisions"}],"predecessor-version":[{"id":33500,"href":"https:\/\/miradordeatarfe.es\/index.php?rest_route=\/wp\/v2\/posts\/33499\/revisions\/33500"}],"wp:attachment":[{"href":"https:\/\/miradordeatarfe.es\/index.php?rest_route=%2Fwp%2Fv2%2Fmedia&parent=33499"}],"wp:term":[{"taxonomy":"category","embeddable":true,"href":"https:\/\/miradordeatarfe.es\/index.php?rest_route=%2Fwp%2Fv2%2Fcategories&post=33499"},{"taxonomy":"post_tag","embeddable":true,"href":"https:\/\/miradordeatarfe.es\/index.php?rest_route=%2Fwp%2Fv2%2Ftags&post=33499"}],"curies":[{"name":"wp","href":"https:\/\/api.w.org\/{rel}","templated":true}]}}