{"id":33501,"date":"2019-07-21T10:23:32","date_gmt":"2019-07-21T08:23:32","guid":{"rendered":"http:\/\/miradordeatarfe.es\/?p=33501"},"modified":"2020-06-26T13:24:28","modified_gmt":"2020-06-26T11:24:28","slug":"san-pedro-sanchez-versus-el-perillan-pablo-iglesias-por-juan-alfredo-bellon","status":"publish","type":"post","link":"https:\/\/miradordeatarfe.es\/?p=33501","title":{"rendered":"SAN PEDRO S\u00c1NCHEZ versus EL PERILL\u00c1N PABLO IGLESIAS  por JUAN ALFREDO BELL\u00d3N"},"content":{"rendered":"\n<h4 class=\"wp-block-heading\">  <br><em><strong>SAN PEDRO S\u00c1NCHEZ versus EL PERILL\u00c1N PABLO IGLESIAS <\/strong><\/em>   <em><strong>por JUAN ALFREDO BELL\u00d3N<\/strong><\/em> <em><strong>para  EL MIRADOR DE ATARFE<\/strong><\/em> <em><strong>del\ndomingo 22-07-2019<\/strong><\/em><\/h4>\n\n\n\n<p>\nPor mucho que digan de nuestros pol\u00edticos, no dir\u00e1n\nque este verano no han estado a su debida altura porque, tanto\nquienes parece que ser\u00e1n del Gobierno como quienes  presumiblemente\nostenten <em>sine die <\/em>la oposici\u00f3n, han aguantado en el tajo y a\npie firme hasta final de julio, sin hacer un mal gesto ni torcer lo\nm\u00e1s m\u00ednimo el boquino, como si esto formara parte de su sueldo y no\ntuvieran que aguantarlo sin rechistar. Vaya pues a su nombre mi m\u00e1s\nsincera felicitaci\u00f3n porque igualmente les env\u00edo mi cr\u00edtica cuando\nact\u00faan, como suelen, en sentido contrario,<em> haciendo la nininana<\/em>\ny durmi\u00e9ndose en los laureles de un buen cargo y un mejor sueldo,\nsobre todo si los comparamos con los que cobran nuestros j\u00f3venes hoy\ny los que cobraban hace veinte a\u00f1os, porque los sueldos actuales\nsiguen siendo una mierda y no permiten ni un \u00e1pice su emancipaci\u00f3n.\n<\/p>\n\n\n\n<p>\n\tEl caso es que ya tenemos otra vez un atranque de calendario a la\nvista y, si Cronos (dios del Tiempo) y Apolo (dios del Recto Decir)\nno lo remedian, nos vemos otra vez en los colegios electorales y con\nresultados harto imprecisos adem\u00e1s de tener que soportar el castigo\nciudadano por habernos ido de veraneo sin los deberes bien hechos, Y\nme a la impresi\u00f3n de que algunos est\u00e1n jugando con fuego y no\ncalibran que el castigo puede ser la desaparici\u00f3n pol\u00edtica al dejar\nde tener sentido su propia existencia.<\/p>\n\n\n\n<p>\n\tY as\u00ed, la consulta-trampa interna de la direcci\u00f3n de Unidas\nPodemos a sus bases acabar\u00e1 <em><strong>con<\/strong><\/em> un resultado negativo\nprevisible y eso no ha gustado a Pedro S\u00e1nchez que ya se da por\nharto de tanto <em>toreo <\/em>como es al que lo somete el <em>perill\u00e1n\n<\/em>y esto le ha hecho tirar por la calle de en medio y <em>cantarle<\/em>\nen p\u00fablico<em> las cuarenta <\/em>antes de que se conozca el resultado\ny dando la negativa por segura con lo que la sesi\u00f3n plenaria del \nCongreso de tampoco la de la pr\u00f3xima siguiente veinte y cuatro horas\ndespu\u00e9s, con lo que volveremos los Diputados del pr\u00f3ximo martes no\nofrecer\u00e1 seguramente ninguna soluci\u00f3n viable y a entrar en el ya\nconocido atranque de septiembre y <em>tiro porque me toca, etc., etc.\n<\/em>Total que Pedro Sanchez se da por toreado y cabreado y\nridiculizado ante toda Europa y ha soltado, como mi padre, un sonoro\n<em>\u201c\u00a1Pu\u00f1eta!\u201d <\/em>acompa\u00f1ando otro sonoro golpe encima de la\nmesa y dejando a su alrededor un sonoro silencio que retumba de rueda\nen rueda de prensa y hace pensar a plumillas y contertulios \/ -as.\nHasta eso podr\u00edamos llegar con este gazn\u00e1piro y <em>ni Jesucristo\npas\u00f3 de la Cruz ni yo paso de aqu\u00ed, \u00a1co\u00f1o! <\/em>que hubiera\ngritado Margarita Robles con un lenguaje <em>de g\u00e9nero <\/em>igualitario\nbien aprendido como esos fanricantes de cerveza tan sensibles a la\nmodernidad que la han bautizado a lo moderno llam\u00e1ndola <em>P\u00b4A MI\nPOLLA <\/em>y despu\u00e9s, como les han reprendido por machismo las\nfeministas, han vuelto a fabricar otras nuevas etiquetas con el mismo\ndise\u00f1o pero con la correcci\u00f3n l\u00e9xica pertinente: <em>P\u00b4A MI\nALMEJA.<\/em> Eso es sensibilidad social y no lo que echaba mi madre al\ncocido en tiempos del Franquismo, cuando todav\u00eda el General\u00edsimo\nostentaba y detentaba la documentaci\u00f3n a su nombre del Pazo de\nMeir\u00e1s y al hijo de su desgraciada vecina a\u00fan no le hab\u00eda dado por\nrevolver el papeleo legal y denunciar a la familia del dictador por\nel uso indebido de la propiedad del monumento que fue con todo\nderecho de la familia Pardo Baz\u00e1n,<\/p>\n\n\n\n<p>\n\tY eso, que Dios y el patr\u00f3n de los registradores de la propiedad\nnos cojan confesados y san Pablo Iglesias confunda a quienes, como su\ntitular, se les ocurra cachondearse  de los probos y cautos\npresidentes del Gobierno que intenten cumplir con el mandato de las\nurnas e iniciar ese tramo legislando con paquetes legislativos\npertinentes y fundamentados y no hacerlo a base de d\u00e9biles\ndecretos-ley que <em>son pan para hoy y hambre para ma\u00f1ana ser\u00e1 otro\nd\u00eda y ver\u00e1 el tuerto los esp\u00e1rragos. Am\u00e9n. <\/em>\n<\/p>\n","protected":false},"excerpt":{"rendered":"<p>SAN PEDRO S\u00c1NCHEZ versus EL PERILL\u00c1N PABLO IGLESIAS por JUAN ALFREDO BELL\u00d3N para EL MIRADOR&#8230;<\/p>\n","protected":false},"author":1,"featured_media":33502,"comment_status":"closed","ping_status":"closed","sticky":false,"template":"","format":"standard","meta":{"_coblocks_attr":"","_coblocks_dimensions":"","_coblocks_responsive_height":"","_coblocks_accordion_ie_support":"","jetpack_post_was_ever_published":false,"_jetpack_newsletter_access":"","_jetpack_dont_email_post_to_subs":false,"_jetpack_newsletter_tier_id":0,"_jetpack_memberships_contains_paywalled_content":false,"_jetpack_memberships_contains_paid_content":false,"footnotes":"","jetpack_publicize_message":"","jetpack_publicize_feature_enabled":true,"jetpack_social_post_already_shared":false,"jetpack_social_options":{"image_generator_settings":{"template":"highway","default_image_id":0,"enabled":false},"version":2}},"categories":[1161,186,36,9,44,15],"tags":[725,4999,3020,42],"class_list":["post-33501","post","type-post","status-publish","format-standard","has-post-thumbnail","hentry","category-ciudadania","category-instituciones","category-opinion-de-juan-alfredo-bellon","category-medio-ambiente","category-noticias-de-hoy","category-ultimas-noticias","tag-espana","tag-pablo-iglesias-e-irene-montero","tag-pedro-sanchez","tag-politica"],"jetpack_publicize_connections":[],"jetpack_featured_media_url":"https:\/\/i0.wp.com\/miradordeatarfe.es\/wp-content\/uploads\/2019\/07\/Iglesias-Sanchez-gobierno-coalicion-Podemos_EDIIMA20160205_0415_21.jpg?fit=643%2C362&ssl=1","jetpack_likes_enabled":true,"jetpack_sharing_enabled":true,"_links":{"self":[{"href":"https:\/\/miradordeatarfe.es\/index.php?rest_route=\/wp\/v2\/posts\/33501","targetHints":{"allow":["GET"]}}],"collection":[{"href":"https:\/\/miradordeatarfe.es\/index.php?rest_route=\/wp\/v2\/posts"}],"about":[{"href":"https:\/\/miradordeatarfe.es\/index.php?rest_route=\/wp\/v2\/types\/post"}],"author":[{"embeddable":true,"href":"https:\/\/miradordeatarfe.es\/index.php?rest_route=\/wp\/v2\/users\/1"}],"replies":[{"embeddable":true,"href":"https:\/\/miradordeatarfe.es\/index.php?rest_route=%2Fwp%2Fv2%2Fcomments&post=33501"}],"version-history":[{"count":1,"href":"https:\/\/miradordeatarfe.es\/index.php?rest_route=\/wp\/v2\/posts\/33501\/revisions"}],"predecessor-version":[{"id":33503,"href":"https:\/\/miradordeatarfe.es\/index.php?rest_route=\/wp\/v2\/posts\/33501\/revisions\/33503"}],"wp:featuredmedia":[{"embeddable":true,"href":"https:\/\/miradordeatarfe.es\/index.php?rest_route=\/wp\/v2\/media\/33502"}],"wp:attachment":[{"href":"https:\/\/miradordeatarfe.es\/index.php?rest_route=%2Fwp%2Fv2%2Fmedia&parent=33501"}],"wp:term":[{"taxonomy":"category","embeddable":true,"href":"https:\/\/miradordeatarfe.es\/index.php?rest_route=%2Fwp%2Fv2%2Fcategories&post=33501"},{"taxonomy":"post_tag","embeddable":true,"href":"https:\/\/miradordeatarfe.es\/index.php?rest_route=%2Fwp%2Fv2%2Ftags&post=33501"}],"curies":[{"name":"wp","href":"https:\/\/api.w.org\/{rel}","templated":true}]}}