{"id":33541,"date":"2019-09-08T08:40:46","date_gmt":"2019-09-08T06:40:46","guid":{"rendered":"http:\/\/miradordeatarfe.es\/?p=33541"},"modified":"2019-09-03T19:23:47","modified_gmt":"2019-09-03T17:23:47","slug":"la-fp-supera-por-primera-vez-a-la-formacion-universitaria-a-la-hora-de-ofertar-empleo-en-andalucia","status":"publish","type":"post","link":"https:\/\/miradordeatarfe.es\/?p=33541","title":{"rendered":"La FP supera por primera vez a la formaci\u00f3n universitaria a la hora de ofertar empleo en Andaluc\u00eda"},"content":{"rendered":"\n<h4 class=\"wp-block-heading\">Las \u00e1reas que m\u00e1s ofertas de empleo han \nrecibido son la de Administraci\u00f3n y Gesti\u00f3n, Electricidad y Electr\u00f3nica,\n Fabricaci\u00f3n Mec\u00e1nica, Inform\u00e1tica y Comunicaciones e Instalaci\u00f3n y \nMantenimiento<\/h4>\n\n\n\n<p>La <strong>Formaci\u00f3n Profesiona<\/strong>l (FP) supera por primera vez\n a la universidad a la hora de ofertar empleo en un 3,76%, ya que la FP \nse hace con el 42,4% de la oferta de empleo en Espa\u00f1a en 2018, frente al\n 38,5% de la universitaria, seg\u00fan el estudio de Adecco Group Institute, \nel nuevo centro de estudios del Grupo Adecco, e Infoempleo, portal de \nempleo en Espa\u00f1a.<ins><a href=\"https:\/\/granadadigitaladserver.granadadigital.es\/www\/delivery\/ck.php?oaparams=2__bannerid=424__zoneid=57__cb=b99ead4d80__oadest=http%3A%2F%2Fwww.parqueciencias.com%2Fparqueciencias%2F\" target=\"_blank\" rel=\"noreferrer noopener\"><\/a><\/ins><\/p>\n\n\n\n<p>Los\n ciclos formativos de grado medio han sido demandados en el 17,82% de \nlas ofertas, mientras que los ciclos de grado superior han alcanzado el \n24,44%.<ins><\/ins><\/p>\n\n\n\n<p>Por\n su parte, la demanda de titulados universitarios ha disminuido en dos \npuntos respecto al a\u00f1o anterior y pasa a abarcar el 38,5% de la oferta \nde empleo en Espa\u00f1a, mientras que la FP ha visto un aumento en las \nofertas de empleo que ha requerido de esta titulaci\u00f3n con respecto al \n2017 pasando del 40,32% a 42,26%.<ins><\/ins><\/p>\n\n\n\n<p>Pese\n a ser un crecimiento positivo, el n\u00famero de candidaturas ofertadas para\n estudiantes de grado superior (24,44%) ha decrecido en comparaci\u00f3n con \nel del ejercicio anterior (25,48%), mientras que las ofertas para grado \nmedio han crecido 2,98 puntos (17,82% frente 14,84%).<ins><\/ins><\/p>\n\n\n\n<h3 class=\"wp-block-heading\">\u00c1REAS CON M\u00c1S OFERTAS<\/h3>\n\n\n\n<p>Las\n \u00e1reas que m\u00e1s ofertas de empleo han recibido son la de Administraci\u00f3n y\n Gesti\u00f3n, Electricidad y Electr\u00f3nica, Fabricaci\u00f3n Mec\u00e1nica, Inform\u00e1tica y\n Comunicaciones e Instalaci\u00f3n y Mantenimiento. Estas cinco \nespecialidades profesionales se reparten el 36% de las ofertas que \nbuscan a candidatos con Formaci\u00f3n Profesional.<ins><\/ins><\/p>\n\n\n\n<p>El\n resto de las \u00e1reas que han recibido un mayor n\u00famero de ofertas para \ntitulados en FP durante 2018 han sido Comercio y Marketing, Hosteler\u00eda y\n Turismo, Transporte y Mantenimiento de veh\u00edculos, Sanidad y Artes \nGr\u00e1ficas, todas ellas con ratios que se mueven en torno al uno por \nciento.<\/p>\n\n\n\n<p>La parte baja de la tabla la ocupan las ofertas de \nSeguridad y Medio Ambiente, Imagen y Sonido, Actividades F\u00edsicas y \nDeportivas y Madera, Mueble y Corcho. Todas estas categor\u00edas juntas no \nalcanzan el uno por ciento (0,4%).<\/p>\n\n\n\n<h3 class=\"wp-block-heading\">TITULACIONES DE FP M\u00c1S DEMANDADAS<\/h3>\n\n\n\n<p>El\n \u00e1rea de Administraci\u00f3n y Gesti\u00f3n ha sido la titulaci\u00f3n m\u00e1s demandada, \ncon un 12,44% de las ofertas de empleo publicadas. Les han seguido las \n\u00e1reas de Electricidad y Electr\u00f3nica, con un 7,12%; Fabricaci\u00f3n y \nMec\u00e1nica con un 5,66%; e Instalaci\u00f3n y Mantenimiento, con un 3,71%.<\/p>\n\n\n\n<p>Por\n debajo se ha situado otras como Inform\u00e1tica y Comunicaciones (2,66%), \nSanidad (2,42%), Comercio y Marketing (2,17%), Hosteler\u00eda y Turismo \n(1,97%), Transporte y Mantenimiento de Veh\u00edculos (1,92%) e Imagen \nPersonal (0,8%).<\/p>\n\n\n\n<p>Por su parte, las titulaciones m\u00e1s cursada en el \nGrado Superior (FP2) ha sido la de Administraci\u00f3n y Gesti\u00f3n, que \nconcentra casi un 13,94% de la oferta de empleo dirigida a profesionales\n con FP2. Les han seguido las \u00e1reas de Electricidad y Electr\u00f3nica, con \nun 8,23% de las ofertas publicadas; Fabricaci\u00f3n Mec\u00e1nica, con un 7,03%; \nInform\u00e1tica y Comunicaciones, con un 5,5%; e Instalaci\u00f3n y \nMantenimiento, con un 4,29%.<\/p>\n\n\n\n<p>Por debajo del cuatro por ciento de \nlas ofertas de empleo dirigidas a t\u00e9cnicos superiores se han situado las\n categor\u00edas de Comercio y Marketing (3,72%), Hosteler\u00eda y Turismo \n(1,94%), Transporte y Mantenimiento de Veh\u00edculos (1,56%), Artes Gr\u00e1ficas\n (1,16%) y Qu\u00edmica (1,01%). El resto de las titulaciones se podr\u00edan \nconsiderar de menor empleabilidad, ya que la oferta laboral para ellas \nha sido inferior al uno por ciento.<\/p>\n\n\n\n<p>Andaluc\u00eda, que concentra un \n6,54% de la oferta de empleo para titulados de FP, ocupa, al igual que \nValencia (7%) y Castilla y Le\u00f3n (5,37%), la misma posici\u00f3n que ocupaba \nhace un a\u00f1o con cifras muy similares. Aunque mantiene el puesto, se \nencuentra muy por debajo de las comunidades l\u00edderes, que abarcan \nporcentajes superiores en m\u00e1s de diez puntos.<\/p>\n\n\n\n<p>Catalu\u00f1a, Madrid y \nPa\u00eds Vaco condensan m\u00e1s del 60% de las ofertas dirigidas a titulados en \nFormaci\u00f3n Profesional, aunque la distribuci\u00f3n territorial de este \nporcentaje muestra algunas diferencias respecto al \u00faltimo ejercicio.<\/p>\n\n\n\n<p>Catalu\u00f1a\n se posiciona como la autonom\u00eda que m\u00e1s candidatos con estudios de FP \nrequiere (25,3%) y supera a Madrid, que cuenta con el 22,6% de la \noferta.<\/p>\n\n\n\n<p>Pa\u00eds Vasco conserva la tercera posici\u00f3n y mantiene su \naportaci\u00f3n (14,02%) con cifras similares a las del ejercicio anterior \n(13,9%).<br> Arag\u00f3n ocupa la s\u00e9ptima posici\u00f3n con un 3,68% y se \nconvierte en la comunidad con el mayor crecimiento respecto al a\u00f1o \nanterior (+0,42%). Entre el tres y el dos por ciento se encuentran \nGalicia (3,11%), Castilla la Mancha (2,26%) y Navarra (2,03%).<\/p>\n\n\n\n<p>Por\n su parte, Canarias se mantiene en el 1,65% seguida de Cantabria \n(1,48%), Islas Baleares (1,32%), Asturias (1,19%) y Murcia (1,11%).<br> \nEn la cola de la lista se sit\u00faan aquellas comunidades que no alcanzan el\n 1%: La Rioja (0,78%), Extremadura (0,40%) y Ceuta y Melilla (0,05% y \n0,04% respectivamente).<\/p>\n\n\n\n<h3 class=\"wp-block-heading\">TITULACIONES FP CON MAYOR OFERTA DE TRABAJO<\/h3>\n\n\n\n<p>Por\n segundo a\u00f1o consecutivo, el sector industrial ha sido el que m\u00e1s \nt\u00e9cnicos de FP demanda (11,1%) pese a su ca\u00edda respecto a 2017 (12,65%).\n Sin embargo, el sector de la Hosteler\u00eda y Turismo ha crecido \nconsiderablemente con un 9,26%, seguido del de Inform\u00e1tica, con un \n6,61%; el de la Construcci\u00f3n (4,45%); el de Comercio (minorista) \n(4,22%); el de Metalurgia y Mineralurgia y Siderurgia (4%), y el del \nAutom\u00f3vil (3,93%).<\/p>\n\n\n\n<p>En \u00faltimo lugar se ha situado el sector de \nConsultor\u00eda Inform\u00e1tica y Telecomunicaci\u00f3n (2,32%), Servicios sociales \n(2,37%), Recursos Energ\u00e9ticos (2,43%) y Ense\u00f1anza y Formaci\u00f3n (2,84%).<\/p>\n\n\n\n<p>En\n el medio de la tabla, entorno al tres por ciento, se han encontrado las\n titulaciones de Maquinaria y Equipo Mec\u00e1nico (3,70%), Servicios \n(3,42%), Mantenimiento (3,26%) y Seguros (3,22%)<\/p>\n\n\n\n<p>El sector de \nIngenier\u00eda y Producci\u00f3n se ha convertido en el que m\u00e1s t\u00e9cnicos de FP \ndemanda, pasando de un 22,41% de la oferta de empleo dirigida a estos \nprofesionales en el ejercicio anterior al 26,26% actual. Los puestos del\n \u00e1rea Comercial y Ventas se han situado en segunda posici\u00f3n con un \n17,94%. El sector de la Tecnolog\u00eda, Inform\u00e1tica y Telecomunicaciones \nacapara un 16,63% de las ofertas de trabajo.<\/p>\n\n\n\n<p>En cuarta posici\u00f3n se\n ha encontrado los puestos dirigidos a Administrativos y Secretariado \n(12,44%) seguidos de Compras, Log\u00edstica y transporte (8,78%), \nAdministraci\u00f3n de Empresas (6,60%) y Calidad, I+D, PRL y medio ambiente \n(4,09%).<\/p>\n\n\n\n<p>En la cola de la lista se han situado los sectores de \nAtenci\u00f3n al cliente (3,22%), Marketing, Comunicaci\u00f3n y Contenidos \n(1,62%), Recursos Humanos (1,29%), Dise\u00f1o y Maquetaci\u00f3n (0,70%) y, en \n\u00faltima posici\u00f3n, Legal (0,44%).<\/p>\n\n\n\n<p>Los 15 puestos con mayor demanda \nde FP s\u00f3lo han aglutinado el 33% de las ofertas liderada por los \nT\u00e9cnicos de Mantenimiento(4,57%), seguidos de los Comerciales (2,75%) y \nProgramadores (2,53%).<\/p>\n\n\n\n<p>Con valores muy similares se han encontrado\n los puestos de Administrativo (2,47%), Analista-Programador (2,34%), \nT\u00e9cnicos de Soporte (2,28%), T\u00e9cnico Contable (2,23%), Operarios (2,20%)\n y Mec\u00e1nicos (2,08%).<\/p>\n\n\n\n<p>Entre las 15 primeras posiciones tambi\u00e9n se \nhan encontrado los Auxiliares Administrativos (1,94%), los \nAdministradores de Sistemas-Redes (1,74%), los Electromec\u00e1nicos (1,64%),\n los Delineantes-Proyectistas (1,41%), los T\u00e9cnicos de log\u00edstica (1,39%)\n y los T\u00e9cnicos de Atenci\u00f3n al Cliente (1,36%).<\/p>\n\n\n\n<p>Por categor\u00eda \nprofesional, el porcentaje de puestos que requieren titulados de FP para\n cubrir cargos de direcci\u00f3n (1,27%) y t\u00e9cnicos (51,02%) ha aumentado en \ncomparaci\u00f3n con el a\u00f1o anterior (0,72% y 42,27% respectivamente).<\/p>\n\n\n\n<p>Los  puestos para mandos intermedios se han mantenido en unos niveles muy  similares a los del ejercicio anterior, pese a mostrar un leve descenso  (11,32% frente al 11,54%).<\/p>\n\n\n\n<figure class=\"wp-block-embed-wordpress wp-block-embed is-type-wp-embed is-provider-granadadigital\"><div class=\"wp-block-embed__wrapper\">\nhttps:\/\/www.granadadigital.es\/la-fp-supera-por-primera-vez-a-la-formacion-universitaria-a-la-hora-de-ofertar-empleo-en-andalucia\/\n<\/div><\/figure>\n","protected":false},"excerpt":{"rendered":"<p>Las \u00e1reas que m\u00e1s ofertas de empleo han recibido son la de Administraci\u00f3n y Gesti\u00f3n,&#8230;<\/p>\n","protected":false},"author":1,"featured_media":33542,"comment_status":"closed","ping_status":"closed","sticky":false,"template":"","format":"standard","meta":{"_coblocks_attr":"","_coblocks_dimensions":"","_coblocks_responsive_height":"","_coblocks_accordion_ie_support":"","jetpack_post_was_ever_published":false,"_jetpack_newsletter_access":"","_jetpack_dont_email_post_to_subs":false,"_jetpack_newsletter_tier_id":0,"_jetpack_memberships_contains_paywalled_content":false,"_jetpack_memberships_contains_paid_content":false,"footnotes":"","jetpack_publicize_message":"","jetpack_publicize_feature_enabled":true,"jetpack_social_post_already_shared":false,"jetpack_social_options":{"image_generator_settings":{"template":"highway","default_image_id":0,"enabled":false},"version":2}},"categories":[187,186,44,15],"tags":[1220,20],"class_list":["post-33541","post","type-post","status-publish","format-standard","has-post-thumbnail","hentry","category-centros-educativos","category-instituciones","category-noticias-de-hoy","category-ultimas-noticias","tag-formacion-profesional","tag-universidad"],"jetpack_publicize_connections":[],"jetpack_featured_media_url":"https:\/\/i0.wp.com\/miradordeatarfe.es\/wp-content\/uploads\/2019\/08\/EuropaPress_2234880_Participantes_en_el_programa_Progresa_j%C3%B3venes_apoyando_a_j%C3%B3venes-1010x674.jpg?fit=1010%2C674&ssl=1","jetpack_likes_enabled":true,"jetpack_sharing_enabled":true,"_links":{"self":[{"href":"https:\/\/miradordeatarfe.es\/index.php?rest_route=\/wp\/v2\/posts\/33541","targetHints":{"allow":["GET"]}}],"collection":[{"href":"https:\/\/miradordeatarfe.es\/index.php?rest_route=\/wp\/v2\/posts"}],"about":[{"href":"https:\/\/miradordeatarfe.es\/index.php?rest_route=\/wp\/v2\/types\/post"}],"author":[{"embeddable":true,"href":"https:\/\/miradordeatarfe.es\/index.php?rest_route=\/wp\/v2\/users\/1"}],"replies":[{"embeddable":true,"href":"https:\/\/miradordeatarfe.es\/index.php?rest_route=%2Fwp%2Fv2%2Fcomments&post=33541"}],"version-history":[{"count":1,"href":"https:\/\/miradordeatarfe.es\/index.php?rest_route=\/wp\/v2\/posts\/33541\/revisions"}],"predecessor-version":[{"id":33543,"href":"https:\/\/miradordeatarfe.es\/index.php?rest_route=\/wp\/v2\/posts\/33541\/revisions\/33543"}],"wp:featuredmedia":[{"embeddable":true,"href":"https:\/\/miradordeatarfe.es\/index.php?rest_route=\/wp\/v2\/media\/33542"}],"wp:attachment":[{"href":"https:\/\/miradordeatarfe.es\/index.php?rest_route=%2Fwp%2Fv2%2Fmedia&parent=33541"}],"wp:term":[{"taxonomy":"category","embeddable":true,"href":"https:\/\/miradordeatarfe.es\/index.php?rest_route=%2Fwp%2Fv2%2Fcategories&post=33541"},{"taxonomy":"post_tag","embeddable":true,"href":"https:\/\/miradordeatarfe.es\/index.php?rest_route=%2Fwp%2Fv2%2Ftags&post=33541"}],"curies":[{"name":"wp","href":"https:\/\/api.w.org\/{rel}","templated":true}]}}