{"id":33569,"date":"2019-09-05T10:18:01","date_gmt":"2019-09-05T08:18:01","guid":{"rendered":"http:\/\/miradordeatarfe.es\/?p=33569"},"modified":"2019-09-02T12:57:48","modified_gmt":"2019-09-02T10:57:48","slug":"la-oms-retira-el-estatus-de-pais-libre-de-sarampion-al-reino-unidogrecia-albania-y-republica-checa","status":"publish","type":"post","link":"https:\/\/miradordeatarfe.es\/?p=33569","title":{"rendered":"La OMS retira el estatus de pa\u00eds libre de sarampi\u00f3n al Reino Unido,Grecia, Albania y Rep\u00fablica Checa"},"content":{"rendered":"\n<h4 class=\"wp-block-heading\">La  organizaci\u00f3n alerta del \u00abdram\u00e1tico auge\u00bb de la enfermedad en el  continente tras registrar 90.000 casos en el primer semestre del a\u00f1o,  m\u00e1s que en todo 2018<\/h4>\n\n\n\n<p>La Organizaci\u00f3n Mundial de la Salud (OMS) ha alertado este jueves del\n \u00abdram\u00e1tico auge\u00bb del sarampi\u00f3n en Europa, una enfermedad infecciosa \nprevenible mediante vacunas que llega a ser mortal y causar graves \nsecuelas, especialmente entre los ni\u00f1os. Aunque la tendencia es global \n\u2014la incidencia sube en todos los continentes menos Am\u00e9rica\u2014, Europa \npreocupa especialmente a la OMS por los pasos atr\u00e1s que el continente \nregistra en el control de la enfermedad. \u00abVamos por la direcci\u00f3n \nequivocada\u00bb, ha resumido Kate O&#8217;Brien, directora del Departamento de \nVacunas e Inmunizaci\u00f3n de la OMS.<\/p>\n\n\n\n<p>Cuatro\n pa\u00edses \u2014Reino Unido, Grecia, Albania y Rep\u00fablica Checa\u2014 han perdido el \nestatus de \u00abpa\u00eds libre de sarampi\u00f3n\u00bb, lo que significa que el virus ha \nvuelto a circular de forma aut\u00f3ctona, por primera vez desde que la OMS \ninstaur\u00f3 este proceso de revisi\u00f3n de datos en 2012.PUBLICIDAD<\/p>\n\n\n\n<p>La organizaci\u00f3n detect\u00f3 89.994 casos de <a href=\"https:\/\/elpais.com\/tag\/sarampion\/a\" target=\"_blank\" rel=\"noreferrer noopener\">sarampi\u00f3n<\/a>\n en 48 pa\u00edses europeos en los primeros seis meses de 2019, m\u00e1s del doble\n respecto al mismo periodo en 2018 (44.175 casos) y ya m\u00e1s que en todo \n2018 (84.462). En datos absolutos, son cuatro exrep\u00fablicas de la extinta\n Uni\u00f3n Sovi\u00e9tica las que concentran el 78% de los casos: Kazajist\u00e1n, \nGeorgia, Rusia y Ucrania. El 60% de los casos on menores de 19 a\u00f1os.<\/p>\n\n\n\n<p>\u00ab<a href=\"https:\/\/elpais.com\/elpais\/2019\/05\/08\/ciencia\/1557325336_811041.html\" target=\"_blank\" rel=\"noreferrer noopener\">El retorno de la transmisi\u00f3n es preocupante<\/a>.\n Sin garantizar y mantener una cobertura inmunol\u00f3gica masiva entre las \npoblaciones, los ni\u00f1os y los adultos sufrir\u00e1n in\u00fatilmente y, por \ndesgracia, algunos morir\u00e1n\u00bb, ha advertido G\u00fcnter Pfaff, presidente de la\n comisi\u00f3n regional de verificaci\u00f3n de la eliminaci\u00f3n del sarampi\u00f3n y la \nrub\u00e9ola.<\/p>\n\n\n\n<p>Para Tedros Adhanom Ghebreyesus, director general de la OMS, detr\u00e1s \ndel auge de la enfermedad est\u00e1n en parte las noticias falsas sobre las \nvacunas que se difunden principalmente a trav\u00e9s de las redes sociales. \n\u00abSon tan contagiosas y peligrosas como las enfermedades que ayudan a \npropagar\u00bb, ha lamentado.<\/p>\n\n\n\n<p>Durante los primeros seis meses del a\u00f1o, 37 personas han muerto por \nsarampi\u00f3n en los 53 pa\u00edses que la OMS incluye en su oficina europea, \ncifra que en 2018 ascendi\u00f3 a 73. La organizaci\u00f3n ha activado el Grado 2 \nde respuesta de emergencia en la regi\u00f3n europea, lo que permite a la \nagencia movilizar recursos econ\u00f3micos y humanos para prestar ayuda a los\n pa\u00edses afectados que lo soliciten.<\/p>\n\n\n\n<p>Un total de 35 pa\u00edses manten\u00edan a fin de 2018 el estatus de \u00abpa\u00eds \nlibre\u00bb de la enfermedad. Son dos menos que en el a\u00f1o anterior ya que, \naunque cuatro Estados lo han perdido, dos lo han recuperado (Suiza y \nAustria). El estatuto de \u00aberradicaci\u00f3n\u00bb corresponde a la ausencia \nde transmisi\u00f3n continua durante 12 meses en un pa\u00eds. Entre los pa\u00edses en\n los que la enfermedad sigue considerada end\u00e9mica est\u00e1n Alemania, \nFrancia e Italia.<\/p>\n\n\n\n<p>El Reino Unido registr\u00f3 953 casos en 2018 y 489 en los seis primeros \nmeses de este a\u00f1o. En Grecia estas cifras ascienden a 2.193 y 28 casos; a\n 1.466 y 475 en Albania; y a 217 y 569 en en la Rep\u00fablica Checa.<\/p>\n\n\n\n<p>\u00abCada uno de esos pa\u00edses es un ejemplo en el que la cobertura \nnacional de vacunaci\u00f3n es extremadamente elevada. Por lo tanto, no se \ntrata de ejemplos de pa\u00edses con sistemas (de salud) particularmente \nd\u00e9biles\u00bb, alert\u00f3 O&#8217;Brien. \u00abPienso que es una llamada de atenci\u00f3n para el\n mundo entero: no basta con lograr una cobertura nacional elevada, hay \nque hacerlo en cada comunidad y en cada familia\u00bb, a\u00f1adi\u00f3.<\/p>\n\n\n\n<p>No existe ning\u00fan tratamiento curativo contra el sarampi\u00f3n una vez que\n las personas est\u00e1n infectadas, pero puede prevenirse con dos dosis de \nuna vacuna, seg\u00fan la OMS, que estima en m\u00e1s de 20 millones el n\u00famero de \nmuertes evitadas en el mundo entre 2000 y 2016 gracias a la vacunaci\u00f3n.<\/p>\n\n\n\n<p><a href=\"https:\/\/elpais.com\/sociedad\/2019\/08\/12\/actualidad\/1565632624_852248.html\" target=\"_blank\" rel=\"noreferrer noopener\">En el mundo, el n\u00famero de casos se triplic\u00f3 entre el 1 de enero y el 31 de julio de 2019<\/a>,\n con 364.808 casos registrados, frente a 129.239 el a\u00f1o pasado en el \nmismo periodo. Los m\u00e1s numerosos se registraron en la Rep\u00fablica \nDemocr\u00e1tica del Congo, en Madagascar y en Ucrania. <a href=\"https:\/\/elpais.com\/sociedad\/2019\/06\/14\/actualidad\/1560470865_713514.html\" target=\"_blank\" rel=\"noreferrer noopener\">Estados Unidos report\u00f3 su mayor n\u00famero de casos de sarampi\u00f3n en 25 a\u00f1os<\/a>.<\/p>\n\n\n\n<p>La OMS estima que hay un subregistro de los casos, por lo que la \nmagnitud de la epidemia ser\u00eda mucho mayor. Calcula que, en realidad, hay\n alrededor de 6,7 millones de muertes cada a\u00f1o relacionadas con el \nsarampi\u00f3n.<\/p>\n\n\n\n<p>Si <a rel=\"noreferrer noopener\" href=\"https:\/\/elpais.com\/tag\/sarampion\/a\" target=\"_blank\">el sarampi\u00f3n<\/a> resurge en casi todo el mundo\u00a0\u2014hasta 2016 hab\u00eda disminuido\u2014 es debido a un mal acceso a la atenci\u00f3n m\u00e9dica o a la <a rel=\"noreferrer noopener\" href=\"https:\/\/elpais.com\/sociedad\/2019\/08\/12\/actualidad\/1565643982_201435.html\" target=\"_blank\">desconfianza hacia las vacunas<\/a>. En los pa\u00edses occidentales, <a rel=\"noreferrer noopener\" href=\"https:\/\/elpais.com\/elpais\/2015\/06\/02\/planeta_futuro\/1433262146_575760.html\" target=\"_blank\">los antivacunas,<\/a> por ejemplo, <a rel=\"noreferrer noopener\" href=\"https:\/\/elpais.com\/elpais\/2019\/03\/20\/planeta_futuro\/1553081708_159330.html\" target=\"_blank\">afirman que existe un v\u00ednculo entre la vacuna contra el sarampi\u00f3n y el autismo<\/a>. M\u00e1s de una vez, la OMS ha negado esta hip\u00f3tesis, basada en un estudio falsificado.<\/p>\n\n\n\n<p><a href=\"https:\/\/elpais.com\/autor\/oriol_guell\/a\/\">Oriol G\u00fcell<\/a><\/p>\n\n\n\n<p>foto:  Un  vial con la vacuna triple v\u00edrica (sarampi\u00f3n, paperas, rubeola). En  v\u00eddeo, declaraciones de Kate O&#8217;Brien, directora del Departamento de  Vacunas de la OMS, sobre el sarampi\u00f3n. Foto: EFE | V\u00eddeo: REUTERS  <\/p>\n\n\n\n<p>h<a href=\"https:\/\/elpais.com\/sociedad\/2019\/08\/29\/actualidad\/1567065929_745032.html\">tps:\/\/elpais.com\/sociedad\/2019\/08\/29\/actualidad\/1567065929_745032.html<\/a><\/p>\n","protected":false},"excerpt":{"rendered":"<p>La organizaci\u00f3n alerta del \u00abdram\u00e1tico auge\u00bb de la enfermedad en el continente tras registrar 90.000&#8230;<\/p>\n","protected":false},"author":1,"featured_media":33570,"comment_status":"closed","ping_status":"closed","sticky":false,"template":"","format":"standard","meta":{"_coblocks_attr":"","_coblocks_dimensions":"","_coblocks_responsive_height":"","_coblocks_accordion_ie_support":"","jetpack_post_was_ever_published":false,"_jetpack_newsletter_access":"","_jetpack_dont_email_post_to_subs":false,"_jetpack_newsletter_tier_id":0,"_jetpack_memberships_contains_paywalled_content":false,"_jetpack_memberships_contains_paid_content":false,"footnotes":"","jetpack_publicize_message":"","jetpack_publicize_feature_enabled":true,"jetpack_social_post_already_shared":false,"jetpack_social_options":{"image_generator_settings":{"template":"highway","default_image_id":0,"enabled":false},"version":2}},"categories":[1161,9,44,15,10],"tags":[1053,55,5593],"class_list":["post-33569","post","type-post","status-publish","format-standard","has-post-thumbnail","hentry","category-ciudadania","category-medio-ambiente","category-noticias-de-hoy","category-ultimas-noticias","category-salud","tag-europa","tag-salud","tag-sarampion"],"jetpack_publicize_connections":[],"jetpack_featured_media_url":"https:\/\/i0.wp.com\/miradordeatarfe.es\/wp-content\/uploads\/2019\/08\/1567065929_745032_1567088307_noticia_fotograma.jpg?fit=980%2C552&ssl=1","jetpack_likes_enabled":true,"jetpack_sharing_enabled":true,"_links":{"self":[{"href":"https:\/\/miradordeatarfe.es\/index.php?rest_route=\/wp\/v2\/posts\/33569","targetHints":{"allow":["GET"]}}],"collection":[{"href":"https:\/\/miradordeatarfe.es\/index.php?rest_route=\/wp\/v2\/posts"}],"about":[{"href":"https:\/\/miradordeatarfe.es\/index.php?rest_route=\/wp\/v2\/types\/post"}],"author":[{"embeddable":true,"href":"https:\/\/miradordeatarfe.es\/index.php?rest_route=\/wp\/v2\/users\/1"}],"replies":[{"embeddable":true,"href":"https:\/\/miradordeatarfe.es\/index.php?rest_route=%2Fwp%2Fv2%2Fcomments&post=33569"}],"version-history":[{"count":1,"href":"https:\/\/miradordeatarfe.es\/index.php?rest_route=\/wp\/v2\/posts\/33569\/revisions"}],"predecessor-version":[{"id":33571,"href":"https:\/\/miradordeatarfe.es\/index.php?rest_route=\/wp\/v2\/posts\/33569\/revisions\/33571"}],"wp:featuredmedia":[{"embeddable":true,"href":"https:\/\/miradordeatarfe.es\/index.php?rest_route=\/wp\/v2\/media\/33570"}],"wp:attachment":[{"href":"https:\/\/miradordeatarfe.es\/index.php?rest_route=%2Fwp%2Fv2%2Fmedia&parent=33569"}],"wp:term":[{"taxonomy":"category","embeddable":true,"href":"https:\/\/miradordeatarfe.es\/index.php?rest_route=%2Fwp%2Fv2%2Fcategories&post=33569"},{"taxonomy":"post_tag","embeddable":true,"href":"https:\/\/miradordeatarfe.es\/index.php?rest_route=%2Fwp%2Fv2%2Ftags&post=33569"}],"curies":[{"name":"wp","href":"https:\/\/api.w.org\/{rel}","templated":true}]}}