{"id":33573,"date":"2019-09-01T11:32:25","date_gmt":"2019-09-01T09:32:25","guid":{"rendered":"http:\/\/miradordeatarfe.es\/?p=33573"},"modified":"2020-06-26T13:24:16","modified_gmt":"2020-06-26T11:24:16","slug":"como-deciamos-ayer-por-juan-alfredo-bellon","status":"publish","type":"post","link":"https:\/\/miradordeatarfe.es\/?p=33573","title":{"rendered":"COMO DEC\u00cdAMOS AYER\u2026 por JUAN ALFREDO BELL\u00d3N"},"content":{"rendered":"\n<p><em><strong>COMO DEC\u00cdAMOS AYER\u2026<\/strong><\/em> <strong>por JUAN ALFREDO BELL\u00d3N<\/strong>  <strong>para EL MIRADOR DE ATARFE<\/strong>  <strong>del domingo 01\/09\/2019<\/strong><\/p>\n\n\n\n<p>\n<em>Como dec\u00edamos ayer\u2026<\/em> suele ser la frase con la que se\nempezar un discurso que enlaza con lo que se acab\u00f3 diciendo hace un\ntiempo amplio durante el que se interrumpi\u00f3 forzosamente la\ncomunicaci\u00f3n. As\u00ed Fray Luis de Le\u00f3n, cuando procesado y apresado\npor la Justicia, luego sali\u00f3 libre, empez\u00f3 la primera clase tras su\nreposici\u00f3n como  miembro del Claustro de profesores de la\nUniversidad salmantina con esta misma frase <em>(Como dec\u00edamos ayer\u2026)<\/em>\nY yo, sin \u00e1nimo ni intenci\u00f3n de compararme con el admirado sabio,\nprofesor y poeta, comienzo as\u00ed este art\u00edculo tras el voluntario\npar\u00e9ntesis agostino durante el cual he guardado silencio digital en\nmi colaboraci\u00f3n semanal con este medio.<\/p>\n\n\n\n<p>\n\tNo sol\u00eda yo casi descansar por vacaciones veraniegas puesto que,\ncomo jubilata de la Ense\u00f1anza universitaria, descanso <em>sine die <\/em>y\n<em>ad infinitum<\/em> de mi trabajo profesoral antiguo al que le\nofrend\u00e9 los a\u00f1os de labor universitaria que fue el grueso de mi\ntrabajo profesional pues no vengo colaborando en la prensa\npropiamente dicha m\u00e1s que a partir de 2003, coincidiendo con la\n\u00faltima etapa laboral profesional y con la primera de retiro\nreglamentario, que se inici\u00f3 a primeros de octubre de 2016, cuando\ncaus\u00e9 baja definitiva en la plantilla laboral del Departamento de\nLengua Espa\u00f1ola de la Facultad de Filosof\u00eda y Letras de la\nUniversidad de Granada donde hab\u00eda ingresado como profesor numerario\nen octubre de 1968. As\u00ed debo entender mi despedida de la labor\nperiod\u00edstica a finales de julio de 2019 durante el mes de agosto\npr\u00f3ximo pasado que hoy rompo reanudando mi colaboraci\u00f3n\nperiod\u00edstica hoy mismo y por eso el t\u00edtulo <em>Como dec\u00edamos ayer\u2026\n<\/em>con que encabezo la presente colaboraci\u00f3n y me encuentro con\nque, tras este mes veraniego de acontecimientos tan latentes como\nanodinos por la inercia pasiva estival, las cosas siguen tan\nempantanadas en el verano granadino, andaluz y nacional como lo\nestaban a final de julio pasado, como es la inmovilidad en Granada,\nAndaluc\u00eda y Espa\u00f1a, donde cuadran absolutamente y por igual los\nep\u00edtetos de <em>inamovibles, atrancadas <\/em>e <em>inadecuadas a\ncualquier clase de evoluci\u00f3n <\/em>en el plano de lo pol\u00edtico e\ninstitucional de acuerdo con los presupuestos esperados en el plano\nde lo previsible inmediato salvando los sobresaltos salut\u00edferos de\nla carne mechada y del omeprazol infantil que parecen propios de la\n<em>Espa\u00f1a Profunda anterior m\u00e1s que de la presente y futura<\/em>. Y\nas\u00ed, este es el d\u00eda en que a\u00fan no se conoce la <em>secuencia\nprevisible<\/em> en qui\u00e9n ostentar\u00e1 la alcald\u00edagranadina en\nlos cuatro pr\u00f3ximos a\u00f1os y hasta las pr\u00f3ximas Elecciones\nMunicipales y en qu\u00e9 secuencias cronol\u00f3gicas (si ser\u00e1 los cuatro\na\u00f1os de Ciudadanos o si ser\u00e1 de dos a\u00f1os para Ciudadanos y los dos\nsiguientes para el PP, como reclama insistentemente Sebasti\u00e1n P\u00e9rez\npor haberlo acordado as\u00ed con Luis Salvador (<em>quien no lo conozca\nque lo compre y<\/em> <em>ciruelo, te conoc\u00ed<\/em>); o si. tal como\nparece, se deja la soluci\u00f3n del conflicto a una futura resoluci\u00f3n\nde las respectivas Ejecutivas Nacionales dentro de los dos primeros\na\u00f1os de mandato (y Luis agarrado al cargo como una lamprea, cuando\nse supondr\u00eda la alternancia)  Habr\u00e1 se visto. \n<\/p>\n\n\n\n<p>\n\tY en lo nacional, c\u00f3mo se resolver\u00e1 la instancia pol\u00edtica, si con\nla obtenci\u00f3n (o no) de la mayor\u00eda necesaria para  investir a\nS\u00e1nchez como Presidente o la convocatoria, en noviembre, de nuevas\nelecciones generales, y vuelta a empezar, cosa que preocupa y repugna\ncada d\u00eda en que persiste el bloqueo cada vez a mayor n\u00famero de\nespa\u00f1oles votantes de las hasta ahora supuestas mayor\u00edas. Y con los\nprecios de la vivienda y los combustibles cada vez m\u00e1s altos y la\nbolsa cada vez m\u00e1s baja; y con el orden p\u00fablico en Barcelona, cada\nvez m\u00e1s deteriorado; y con el problema catal\u00e1n cada vez m\u00e1s\natascado. Y para qu\u00e9 hablar de la soluci\u00f3n de la financiaci\u00f3n\nauton\u00f3mica, del pago de los atrasos pendientes, etc.<\/p>\n\n\n\n<p>\n\tEl caso es que Espa\u00f1a da una gran sensaci\u00f3n de interinidad e\nincoherencia interna y que habr\u00e1 que cambiar esas apariencias para\nenderezarlas si se quiere tranquilizar a los mercados internacionales\ny afianzar la confianza propia y ajena en nuestras instituciones,\ncumplida ya la mayor parte de la Transici\u00f3n pol\u00edtica,  econ\u00f3mica,\nsocial y cultural, tareas tan necesarias como urgentes en las\npr\u00f3ximas fechas. \n<\/p>\n","protected":false},"excerpt":{"rendered":"<p>COMO DEC\u00cdAMOS AYER\u2026 por JUAN ALFREDO BELL\u00d3N para EL MIRADOR DE ATARFE del domingo 01\/09\/2019&#8230;<\/p>\n","protected":false},"author":1,"featured_media":33574,"comment_status":"closed","ping_status":"closed","sticky":false,"template":"","format":"standard","meta":{"_coblocks_attr":"","_coblocks_dimensions":"","_coblocks_responsive_height":"","_coblocks_accordion_ie_support":"","jetpack_post_was_ever_published":false,"_jetpack_newsletter_access":"","_jetpack_dont_email_post_to_subs":false,"_jetpack_newsletter_tier_id":0,"_jetpack_memberships_contains_paywalled_content":false,"_jetpack_memberships_contains_paid_content":false,"footnotes":"","jetpack_publicize_message":"","jetpack_publicize_feature_enabled":true,"jetpack_social_post_already_shared":false,"jetpack_social_options":{"image_generator_settings":{"template":"highway","default_image_id":0,"enabled":false},"version":2}},"categories":[1161,186,36,44,15],"tags":[171,725,42],"class_list":["post-33573","post","type-post","status-publish","format-standard","has-post-thumbnail","hentry","category-ciudadania","category-instituciones","category-opinion-de-juan-alfredo-bellon","category-noticias-de-hoy","category-ultimas-noticias","tag-elecciones","tag-espana","tag-politica"],"jetpack_publicize_connections":[],"jetpack_featured_media_url":"https:\/\/i0.wp.com\/miradordeatarfe.es\/wp-content\/uploads\/2019\/08\/espejismo-regenerador.jpg?fit=660%2C486&ssl=1","jetpack_likes_enabled":true,"jetpack_sharing_enabled":true,"_links":{"self":[{"href":"https:\/\/miradordeatarfe.es\/index.php?rest_route=\/wp\/v2\/posts\/33573","targetHints":{"allow":["GET"]}}],"collection":[{"href":"https:\/\/miradordeatarfe.es\/index.php?rest_route=\/wp\/v2\/posts"}],"about":[{"href":"https:\/\/miradordeatarfe.es\/index.php?rest_route=\/wp\/v2\/types\/post"}],"author":[{"embeddable":true,"href":"https:\/\/miradordeatarfe.es\/index.php?rest_route=\/wp\/v2\/users\/1"}],"replies":[{"embeddable":true,"href":"https:\/\/miradordeatarfe.es\/index.php?rest_route=%2Fwp%2Fv2%2Fcomments&post=33573"}],"version-history":[{"count":1,"href":"https:\/\/miradordeatarfe.es\/index.php?rest_route=\/wp\/v2\/posts\/33573\/revisions"}],"predecessor-version":[{"id":33575,"href":"https:\/\/miradordeatarfe.es\/index.php?rest_route=\/wp\/v2\/posts\/33573\/revisions\/33575"}],"wp:featuredmedia":[{"embeddable":true,"href":"https:\/\/miradordeatarfe.es\/index.php?rest_route=\/wp\/v2\/media\/33574"}],"wp:attachment":[{"href":"https:\/\/miradordeatarfe.es\/index.php?rest_route=%2Fwp%2Fv2%2Fmedia&parent=33573"}],"wp:term":[{"taxonomy":"category","embeddable":true,"href":"https:\/\/miradordeatarfe.es\/index.php?rest_route=%2Fwp%2Fv2%2Fcategories&post=33573"},{"taxonomy":"post_tag","embeddable":true,"href":"https:\/\/miradordeatarfe.es\/index.php?rest_route=%2Fwp%2Fv2%2Ftags&post=33573"}],"curies":[{"name":"wp","href":"https:\/\/api.w.org\/{rel}","templated":true}]}}