{"id":33600,"date":"2019-09-05T11:42:06","date_gmt":"2019-09-05T09:42:06","guid":{"rendered":"http:\/\/miradordeatarfe.es\/?p=33600"},"modified":"2019-09-01T13:53:35","modified_gmt":"2019-09-01T11:53:35","slug":"los-temporales-de-agosto-por-alberto-granados","status":"publish","type":"post","link":"https:\/\/miradordeatarfe.es\/?p=33600","title":{"rendered":"LOS TEMPORALES DE AGOSTO por Alberto Granados"},"content":{"rendered":"\n<p>\n\n\t\tPublicado  por  <a href=\"https:\/\/albertogranados.wordpress.com\/author\/albertogranados\/\">Alberto Granados<\/a> el  <a href=\"https:\/\/albertogranados.wordpress.com\/2017\/08\/28\/los-temporales-de-agosto\/\">28 agosto, 2017<\/a> en <a href=\"https:\/\/albertogranados.wordpress.com\/category\/en-chanclas-cronicas-de-un-veraneante-en-la-costa-granaina\/\">En chanclas (Cr\u00f3nicas de un veraneante en la costa grana\u00edna)<\/a>\t\n\n\t\n\t\t&nbsp;&nbsp;&nbsp;&nbsp;&nbsp;&nbsp;Rate This<br><\/p>\n\n\n\n<p>\u00a0\u00a0\u00a0\u00a0\u00a0\u00a0<strong>\u00a0  Ya llevo a cuestas una larga trayectoria de veraneante en Calahonda  (desde 1991, exactamente) y cuento de antemano con los temporales que,  m\u00e1s suaves o m\u00e1s violentos, surgen en los \u00faltimos d\u00edas de Agosto, con  esa rigurosa puntualidad con la que se dan las distintas fases de la  luna o los plazos de un pr\u00e9stamo bancario. <\/strong><\/p>\n\n\n\n<p><strong>La segunda quincena de este  mes, y hay que intuirlo y contar con ello, siempre nos trae unos  extra\u00f1os desajustes, unas situaciones clim\u00e1ticas casi contra natura y  unas sensaciones que hablan de la fragilidad de las cosas de la vida.<\/strong><\/p>\n\n\n\n<figure class=\"wp-block-image\"><a href=\"https:\/\/albertogranados.files.wordpress.com\/2017\/08\/img_0525.jpg\"><img data-recalc-dims=\"1\" decoding=\"async\" src=\"https:\/\/albertogranados.files.wordpress.com\/2017\/08\/img_0525.jpg?w=640&#038;h=420&#038;fit=560%2C420\" alt=\"\" class=\"wp-image-7997\"\/><\/a><\/figure>\n\n\n\n<p>  <strong>El embarcadero, esta ma\u00f1ana<\/strong>  <\/p>\n\n\n\n<p><strong>&nbsp;&nbsp;&nbsp;&nbsp;&nbsp;&nbsp;&nbsp;\n El verano puede ser fresco o t\u00f3rrido, pero los \u00faltimos d\u00edas de Agosto \nadquieren un extra\u00f1o tono oto\u00f1al, que invariablemente permite a los que \ntoman las vacaciones en Septiembre decir siempre que han tenido los \nmejores d\u00edas de mar, las mejores temperaturas y, lo que es peor para los\n ya retornados, los bares y chiringuitos sin bullas ni aglomeraciones. \nSiempre me he preguntado si este par\u00e9ntesis oto\u00f1al tiene algo de castigo\n a la vagancia de casi dos meses, a la exaltaci\u00f3n de los cuerpos, al \nhedonismo que se ense\u00f1orea durante Julio y Agosto, convirti\u00e9ndonos en \nalguien muy distinto de nuestra habitual forma de ser y de comportarnos.<\/strong><\/p>\n\n\n\n<p><strong>&nbsp;&nbsp;&nbsp;&nbsp;&nbsp;&nbsp;&nbsp;\n Los cale\u00f1os lo enuncian con la percepci\u00f3n axiom\u00e1tica de los mayores \n(\u201cYa ver\u00e1s cuando lleguen los temporales\u2026\u201d, \u201cVer\u00e1 usted los temporales \nde Agosto\u2026\u201d). Y llegan, indefectiblemente. Los he o\u00eddo llamar gota fr\u00eda,\n ciclog\u00e9nesis explosiva, DANA\u2026 porque el lenguaje cambia para designar \nlas mismas cosas de siempre. Es la \u201cpedrer\u00eda verbal\u201d, como la llama mi \nadmirado Antonio Mu\u00f1oz Molina. Pero al margen de la formulaci\u00f3n \nling\u00fc\u00edstica, los temporales llegan con su poder de transgresi\u00f3n de la \nrutina veraniega.<\/strong><\/p>\n\n\n\n<figure class=\"wp-block-image\"><a href=\"https:\/\/albertogranados.files.wordpress.com\/2017\/08\/img_0526.jpg\"><img data-recalc-dims=\"1\" decoding=\"async\" src=\"https:\/\/albertogranados.files.wordpress.com\/2017\/08\/img_0526.jpg?w=640&#038;h=420&#038;fit=560%2C420\" alt=\"\" class=\"wp-image-7998\"\/><\/a><\/figure>\n\n\n\n<p>Esas maravillosas nubes\u2026<\/p>\n\n\n\n<p><strong>&nbsp;&nbsp;&nbsp;&nbsp;&nbsp;&nbsp;\n Llegan y trastocan el h\u00e1bito del veraneante, que durante unos d\u00edas \nvuelve a vestir el pantal\u00f3n largo y cambia las chanclas por el mocas\u00edn \ncon calcetines, la camiseta por la camisa abotonada y hace que busques \nese viejo paraguas desechado hace tiempo en Granada, pero que deber\u00eda \nestar en alg\u00fan altillo del apartamento, aunque en el momento preciso no \nlogras encontrarlo. Los ni\u00f1os se vuelven irascibles, los adolescentes \nl\u00e1nguidos y las parejas parecen perder moment\u00e1neamente esas ganas de \namarse de los d\u00edas <em>normales<\/em> del verano.<\/strong><\/p>\n\n\n\n<figure><iframe loading=\"lazy\" src=\"https:\/\/www.youtube.com\/embed\/SPZALQAsz_0?version=3&amp;rel=1&amp;fs=1&amp;autohide=2&amp;showsearch=0&amp;showinfo=1&amp;iv_load_policy=1&amp;wmode=transparent\" allowfullscreen=\"true\" width=\"560\" height=\"315\"><\/iframe><\/figure>\n\n\n\n<p><strong>&nbsp;&nbsp;&nbsp;&nbsp;&nbsp;&nbsp;&nbsp; La playa aparece desocupada, como cualquier d\u00eda de invierno, el mar parece haber expulsado a <a href=\"https:\/\/albertogranados.wordpress.com\/2013\/09\/15\/barcos-en-el-horizonte\/\">las barcas <\/a>de\n sus dominios, el oleaje adquiere un poder casi \u00e9pico y la gente dedica \nlas ma\u00f1anas a deambular por el pueblo con un aire son\u00e1mbulo, como de \nni\u00f1o fuera de sus rutinas. Son esos d\u00edas que empleas en ir a Motril sin \nobjetivo concreto alguno, o tomar un descafeinado en una terraza de la \notra punta del pueblo por llenar unas horas robadas a la l\u00f3gica interna \ndel veraneo o dar un paseo por la desierta playa envuelto en un vendaval\n inmisericorde y a la vez reconfortante. Son esos d\u00edas en que se percibe\n la inminente vuelta a las rutinas de la ciudad, del horario laboral, de\n la vida.<\/strong><\/p>\n\n\n\n<figure class=\"wp-block-image\"><a href=\"https:\/\/albertogranados.files.wordpress.com\/2017\/08\/img_0527.jpg\"><img data-recalc-dims=\"1\" decoding=\"async\" src=\"https:\/\/albertogranados.files.wordpress.com\/2017\/08\/img_0527.jpg?w=640&#038;h=420&#038;fit=560%2C420\" alt=\"\" class=\"wp-image-7999\"\/><\/a><\/figure>\n\n\n\n<p><strong>Temporal y cielo<\/strong><\/p>\n\n\n\n<p><strong>&nbsp;&nbsp;&nbsp;&nbsp;&nbsp;&nbsp;\n Hay mucha gente que se sube a Granada tan pronto como llegan los \ntemporales. Desean volver a la casa abandonada hace casi dos meses, \nllenar el frigor\u00edfico \u201cahora que el s\u00faper est\u00e1 sin gente\u201d, darse un \nnuevo paseo por Puerta Real (que ahora tendr\u00e1 el saborcillo de la vuelta\n al seno materno), tomar una copa en una terraza casi desierta, pasar \npor Las Angustias\u2026 mientras los que permanecemos en la costa vivimos \nanticipadamente la inminencia del regreso.<\/strong><\/p>\n\n\n\n<figure class=\"wp-block-image\"><a href=\"https:\/\/albertogranados.files.wordpress.com\/2017\/08\/img_0528.jpg\"><img data-recalc-dims=\"1\" decoding=\"async\" src=\"https:\/\/albertogranados.files.wordpress.com\/2017\/08\/img_0528.jpg?w=640&#038;h=420&#038;fit=560%2C420\" alt=\"\" class=\"wp-image-8000\"\/><\/a><\/figure>\n\n\n\n<p>Calles desiertas<\/p>\n\n\n\n<p><strong>&nbsp;&nbsp;&nbsp;&nbsp;&nbsp;&nbsp;&nbsp; Siempre que llegan los temporales pienso en las <a href=\"https:\/\/albertogranados.wordpress.com\/2016\/09\/22\/iniciaciones\/\">parejas de adolescentes <\/a>que se han conocido y enamorado al calor del veraneo, en las tiernas promesas en las que la palabra <em>siempre<\/em>\n adquiere un matiz tan tierno como imposible, en sus dolorosas \nseparaciones, tal vez para siempre, en los ni\u00f1os peque\u00f1os, s\u00fabitamente \ndesprovistos de su jornada de playa\/piscina, tal vez su \u00fanica \nreferencia\u2026 Y pienso en ese estado de \u00e1nimo que me ha quedado cada a\u00f1o \nal llegar, junto a las nubes y las lluvias, la prof\u00e9tica fatalidad de \nque lo bueno siempre acaba antes de lo que quisieras, por rutinario que \nhaya podido llegar a ser.<\/strong><\/p>\n\n\n\n<h3 class=\"wp-block-heading\"><strong>Alberto Granados<\/strong><\/h3>\n\n\n\n<p>FOTO  <strong>HOTEL EN CALAHONDA<\/strong><\/p>\n\n\n\n<figure class=\"wp-block-embed is-type-link is-provider-alberto-granados\"><div class=\"wp-block-embed__wrapper\">\n<blockquote class=\"wp-embedded-content\" data-secret=\"d2gJGI0r2E\"><a href=\"https:\/\/albertogranados.wordpress.com\/2017\/08\/28\/los-temporales-de-agosto\/\">Los temporales de&nbsp;Agosto<\/a><\/blockquote><iframe loading=\"lazy\" class=\"wp-embedded-content\" sandbox=\"allow-scripts\" security=\"restricted\" style=\"position: absolute; visibility: hidden;\" title=\"\u00abLos temporales de&nbsp;Agosto\u00bb \u2014 Alberto Granados\" src=\"https:\/\/albertogranados.wordpress.com\/2017\/08\/28\/los-temporales-de-agosto\/embed\/#?secret=2gi5mT6kLf#?secret=d2gJGI0r2E\" data-secret=\"d2gJGI0r2E\" width=\"600\" height=\"338\" frameborder=\"0\" marginwidth=\"0\" marginheight=\"0\" scrolling=\"no\"><\/iframe>\n<\/div><\/figure>\n","protected":false},"excerpt":{"rendered":"<p>Publicado por Alberto Granados el 28 agosto, 2017 en En chanclas (Cr\u00f3nicas de un veraneante&#8230;<\/p>\n","protected":false},"author":1,"featured_media":33601,"comment_status":"closed","ping_status":"closed","sticky":false,"template":"","format":"standard","meta":{"_coblocks_attr":"","_coblocks_dimensions":"","_coblocks_responsive_height":"","_coblocks_accordion_ie_support":"","jetpack_post_was_ever_published":false,"_jetpack_newsletter_access":"","_jetpack_dont_email_post_to_subs":false,"_jetpack_newsletter_tier_id":0,"_jetpack_memberships_contains_paywalled_content":false,"_jetpack_memberships_contains_paid_content":false,"footnotes":"","jetpack_publicize_message":"","jetpack_publicize_feature_enabled":true,"jetpack_social_post_already_shared":false,"jetpack_social_options":{"image_generator_settings":{"template":"highway","default_image_id":0,"enabled":false},"version":2}},"categories":[39,1161,9,44,15],"tags":[6332,965],"class_list":["post-33600","post","type-post","status-publish","format-standard","has-post-thumbnail","hentry","category-opinion-de-alberto-granados","category-ciudadania","category-medio-ambiente","category-noticias-de-hoy","category-ultimas-noticias","tag-descansar","tag-vacaciones"],"jetpack_publicize_connections":[],"jetpack_featured_media_url":"https:\/\/i0.wp.com\/miradordeatarfe.es\/wp-content\/uploads\/2019\/09\/hotel-embarcadero-de-calahonda-general-864f7ad.jpg?fit=400%2C266&ssl=1","jetpack_likes_enabled":true,"jetpack_sharing_enabled":true,"_links":{"self":[{"href":"https:\/\/miradordeatarfe.es\/index.php?rest_route=\/wp\/v2\/posts\/33600","targetHints":{"allow":["GET"]}}],"collection":[{"href":"https:\/\/miradordeatarfe.es\/index.php?rest_route=\/wp\/v2\/posts"}],"about":[{"href":"https:\/\/miradordeatarfe.es\/index.php?rest_route=\/wp\/v2\/types\/post"}],"author":[{"embeddable":true,"href":"https:\/\/miradordeatarfe.es\/index.php?rest_route=\/wp\/v2\/users\/1"}],"replies":[{"embeddable":true,"href":"https:\/\/miradordeatarfe.es\/index.php?rest_route=%2Fwp%2Fv2%2Fcomments&post=33600"}],"version-history":[{"count":1,"href":"https:\/\/miradordeatarfe.es\/index.php?rest_route=\/wp\/v2\/posts\/33600\/revisions"}],"predecessor-version":[{"id":33602,"href":"https:\/\/miradordeatarfe.es\/index.php?rest_route=\/wp\/v2\/posts\/33600\/revisions\/33602"}],"wp:featuredmedia":[{"embeddable":true,"href":"https:\/\/miradordeatarfe.es\/index.php?rest_route=\/wp\/v2\/media\/33601"}],"wp:attachment":[{"href":"https:\/\/miradordeatarfe.es\/index.php?rest_route=%2Fwp%2Fv2%2Fmedia&parent=33600"}],"wp:term":[{"taxonomy":"category","embeddable":true,"href":"https:\/\/miradordeatarfe.es\/index.php?rest_route=%2Fwp%2Fv2%2Fcategories&post=33600"},{"taxonomy":"post_tag","embeddable":true,"href":"https:\/\/miradordeatarfe.es\/index.php?rest_route=%2Fwp%2Fv2%2Ftags&post=33600"}],"curies":[{"name":"wp","href":"https:\/\/api.w.org\/{rel}","templated":true}]}}