{"id":33687,"date":"2019-09-08T11:39:50","date_gmt":"2019-09-08T09:39:50","guid":{"rendered":"http:\/\/miradordeatarfe.es\/?p=33687"},"modified":"2020-06-26T13:24:05","modified_gmt":"2020-06-26T11:24:05","slug":"tuberias-fontanas-y-canerias-por-juan-alfredo-bellon","status":"publish","type":"post","link":"https:\/\/miradordeatarfe.es\/?p=33687","title":{"rendered":"TUBER\u00cdAS, FONTANAS Y CA\u00d1ER\u00cdAS por JUAN ALFREDO BELL\u00d3N"},"content":{"rendered":"\n<h4 class=\"wp-block-heading\"><em><strong>TUBER\u00cdAS, FONTANAS Y CA\u00d1ER\u00cdAS<\/strong><\/em>  por JUAN ALFREDO BELL\u00d3N  para EL MIRADOR DE ATARFE \ndel\ndomingo 08-09-2019<\/h4>\n\n\n\n<p>\nDicen\nlas buenas lenguas que septiembre es el mes de los arreglos: nos\naviamos la dentadura, el reloj y el tel\u00e9fono celular; la ropa de\ntemporada que se nos estrech\u00f3 a consecuencia de la ingesti\u00f3n\ndescontrolada veraniega; el sistema digestivo y depurativo y los\nasuntos sanitarios pendientes de arreglo y mediana soluci\u00f3n. As\u00ed\nnuestro Rey Em\u00e9rito, al que ahora, al cesar en la vida p\u00fablica, ya\nno s\u00e9 exactamente c\u00f3mo llamar, ha pasado por una cl\u00ednica madrile\u00f1a\npara que le arreglen las bajantes. Bueno, ellos primero han hablado\nde tres <em>baypases reales,\nque son tuber\u00edas empalmadas, <\/em>pero\nluego se ha filtrado a los <em>paparazi<\/em>\nque le han<em> tocado (por do\nm\u00e1s pecado hab\u00eda, es decir el escroto) <\/em>y\notras bajantes urinarias de las que ya parece completamente h\u00e1bil\ncomo no pod\u00eda ser por menos en tan bullicioso se\u00f1or Borb\u00f3n quien,\na sus ochenta y pico de a\u00f1os est\u00e1 de muy buen ver y de mejor y m\u00e1s\nhacer, tanto que tiene a la Reina Sof\u00eda (una profesional en toda\nregla) cosida a la cabecera de su lecho hospitalario, y a sus hijos\nnietos y dem\u00e1s regia familia, pendientes de la salud del\ndescacharrado monarca, yacente y doliente por la edad, las cosas de\nla vida y su consabida tendencia a <em>los\ndeportes de riesgo<\/em> entre\nlos que se encuentran <em>el\nsalto del tigre  <\/em>y <em>la\ncaza mayor en Boswana, <\/em>actividades\ncineg\u00e9ticas de las que ya se ha disculpado p\u00fablicamente y en las\nque ha prometido no incurrir de nuevo.<\/p>\n\n\n\n<p>\n\tTotal\nque lo han dejado como nuevo y con la conciencia tranquila al no\nhaberse podido ni querido fugar con Blanca Fern\u00e1ndez Ochoa que\ndesgraciadamente acaba de aparecer muerta en la sierra de Madrid, ni\ncon ning\u00fan otro pr\u00f3fugo de la<em>\nJet Society International.<\/em>\nY en cuanto a las <em>fontanas,\n<\/em>de esa misma palabra, en\nitaliano, deriva el t\u00e9rmino espa\u00f1ol<em>\nfontanero, <\/em>referido\na esos profesionales de las conducciones del agua y los desag\u00fces\nl\u00edquidos p\u00fablicos y dom\u00e9sticos, sobre los que dec\u00eda mi padre, en\nun alarde de machismo populista a los que era dif\u00edcil sustraerse en\n\u00e9pocas de mayor predominio patriarcal, que <em>donde\nhay mujeres y ca\u00f1er\u00edas nunca faltan pu\u00f1eter\u00edas.<\/em><\/p>\n\n\n\n<p>\n<em>\t<\/em>Pues\neso, <em>que\nen casa de los Borbones<\/em>,\n<em>escroto\nde palo <\/em>y\nsiempre nos sobrar\u00e1n complicaciones, de un lado, relacionadas con la\nfidelidad en el sexo y otras pr\u00e1cticas adyacentes, pero tampoco nos\nfaltar\u00e1 limpieza y seguridad en otros aspectos importantes de la\nvida p\u00fablica cuales son la fidelidad constitucional por encima de\ntodo y el gusto placentero por el circo, los toros y el <em>Paris\nbien vale una misa,<\/em>\nsin Notre Dame y sin Almudena, aunque haya que celebrarla en el coso\nde Las Ventas. \u00a1Bonicos son ellos!<\/p>\n\n\n\n<p>\n\tCuando\nse ponderaba y se reconoc\u00eda el m\u00e9rito institucional de los Medicis\nen Florencia, se estaba alabando el papel de una saga de dirigentes\neuropeos que fundaron y ofrendaron grandes personalidades a la causa\nde la construcci\u00f3n institucional de los herederos del Imperio\nRomano, del Sacro Imperio Romano Germ\u00e1nico y de otras instituciones\ncentenarias europeas que hoy luchan por no ser los paganos del <em>Brexit\n<\/em>y\nque se resisten a la rapi\u00f1a de la avalancha anglosajona de Donald\nTrump y Boris Jhonson, ahora con m\u00e1s inconvenientes en su propia\ncasa por haber perdido su intento de control absoluto sobre el\nParlamento Brit\u00e1nico cuando trataba de anular el intento europeo de\nhacer pagar a Gran Breta\u00f1a la factura y de abandonar Europa a su\nsuerte a coste cero.<\/p>\n\n\n\n<p>\n\tAtravesamos\ntiempos de gran importancia, con trayectos internos e\nintercomunicaciones muy relevantes que acabar\u00e1n por trazar el dise\u00f1o\ndefinitivo de la nueva Europa, por encima de los viejos intereses y\npor debajo de las antiguas estructuras sociales y pol\u00edticas que\ntodav\u00eda pueden facilitar las realidades europeas que acabar\u00e1n por\nimponerse en los tiempos futuros. Mientras, tendremos que transigir\ncon los acuerdos m\u00e1s sensatos que la raz\u00f3n proponga como se plante\u00f3\nen la catedral de Florencia el uso de  los acuerdos m\u00e1s razonables\npara culminar los planes definitivos de la imponente obra. \tNo de\notra forma habr\u00e1 que actuar en una ciudad hist\u00f3rica y art\u00edstica\ntan importante como Granada en cuya acumulaci\u00f3n de reformas\npendientes se suman tantas etapas y en tantas especialidades de obras\nde primer\u00edsima magnitud est\u00e9tica y t\u00e9cnica. Solo la concertaci\u00f3n\nde tantas especialidades como all\u00ed se necesitan podr\u00e1 dar\nsuficiente respuesta a exigencias tan variadas y complejas.          \n<\/p>\n","protected":false},"excerpt":{"rendered":"<p>TUBER\u00cdAS, FONTANAS Y CA\u00d1ER\u00cdAS por JUAN ALFREDO BELL\u00d3N para EL MIRADOR DE ATARFE del domingo&#8230;<\/p>\n","protected":false},"author":1,"featured_media":33688,"comment_status":"closed","ping_status":"closed","sticky":false,"template":"","format":"standard","meta":{"_coblocks_attr":"","_coblocks_dimensions":"","_coblocks_responsive_height":"","_coblocks_accordion_ie_support":"","jetpack_post_was_ever_published":false,"_jetpack_newsletter_access":"","_jetpack_dont_email_post_to_subs":false,"_jetpack_newsletter_tier_id":0,"_jetpack_memberships_contains_paywalled_content":false,"_jetpack_memberships_contains_paid_content":false,"footnotes":"","jetpack_publicize_message":"","jetpack_publicize_feature_enabled":true,"jetpack_social_post_already_shared":false,"jetpack_social_options":{"image_generator_settings":{"template":"highway","default_image_id":0,"enabled":false},"version":2}},"categories":[1161,186,36,9,44,15],"tags":[6350,812,6349,1886],"class_list":["post-33687","post","type-post","status-publish","format-standard","has-post-thumbnail","hentry","category-ciudadania","category-instituciones","category-opinion-de-juan-alfredo-bellon","category-medio-ambiente","category-noticias-de-hoy","category-ultimas-noticias","tag-fontaneria","tag-politica-municipal","tag-rey-juan-carlos","tag-vida-publica"],"jetpack_publicize_connections":[],"jetpack_featured_media_url":"https:\/\/i0.wp.com\/miradordeatarfe.es\/wp-content\/uploads\/2019\/09\/rey-buen-humor-t.jpg?fit=930%2C558&ssl=1","jetpack_likes_enabled":true,"jetpack_sharing_enabled":true,"_links":{"self":[{"href":"https:\/\/miradordeatarfe.es\/index.php?rest_route=\/wp\/v2\/posts\/33687","targetHints":{"allow":["GET"]}}],"collection":[{"href":"https:\/\/miradordeatarfe.es\/index.php?rest_route=\/wp\/v2\/posts"}],"about":[{"href":"https:\/\/miradordeatarfe.es\/index.php?rest_route=\/wp\/v2\/types\/post"}],"author":[{"embeddable":true,"href":"https:\/\/miradordeatarfe.es\/index.php?rest_route=\/wp\/v2\/users\/1"}],"replies":[{"embeddable":true,"href":"https:\/\/miradordeatarfe.es\/index.php?rest_route=%2Fwp%2Fv2%2Fcomments&post=33687"}],"version-history":[{"count":1,"href":"https:\/\/miradordeatarfe.es\/index.php?rest_route=\/wp\/v2\/posts\/33687\/revisions"}],"predecessor-version":[{"id":33689,"href":"https:\/\/miradordeatarfe.es\/index.php?rest_route=\/wp\/v2\/posts\/33687\/revisions\/33689"}],"wp:featuredmedia":[{"embeddable":true,"href":"https:\/\/miradordeatarfe.es\/index.php?rest_route=\/wp\/v2\/media\/33688"}],"wp:attachment":[{"href":"https:\/\/miradordeatarfe.es\/index.php?rest_route=%2Fwp%2Fv2%2Fmedia&parent=33687"}],"wp:term":[{"taxonomy":"category","embeddable":true,"href":"https:\/\/miradordeatarfe.es\/index.php?rest_route=%2Fwp%2Fv2%2Fcategories&post=33687"},{"taxonomy":"post_tag","embeddable":true,"href":"https:\/\/miradordeatarfe.es\/index.php?rest_route=%2Fwp%2Fv2%2Ftags&post=33687"}],"curies":[{"name":"wp","href":"https:\/\/api.w.org\/{rel}","templated":true}]}}