{"id":33690,"date":"2019-09-11T10:11:58","date_gmt":"2019-09-11T08:11:58","guid":{"rendered":"http:\/\/miradordeatarfe.es\/?p=33690"},"modified":"2019-09-09T21:04:39","modified_gmt":"2019-09-09T19:04:39","slug":"afectado-por-las-huelgas-de-transporte-aereo-facua-te-recuerda-tus-derechos-como-pasajero","status":"publish","type":"post","link":"https:\/\/miradordeatarfe.es\/?p=33690","title":{"rendered":"\u00bfAfectado por las huelgas de transporte a\u00e9reo? FACUA te recuerda tus derechos como pasajero"},"content":{"rendered":"\n<h4 class=\"wp-block-heading\">Los trabajadores de tierra de Iberia de varios aeropuertos y los \npilotos y tripulantes de cabina de Ryanair han convocado diversas \njornadas de huelga durante todo el mes de septiembre.<\/h4>\n\n\n\n<p>Ante las distintas huelgas convocadas\n por los trabajadores de Iberia y Ryanair para el mes de septiembre, \nFACUA-Consumidores en Acci\u00f3n recuerda a todos los pasajeros que la \nnormativa recoge toda una serie de derechos que les asisten si se ven \nafectados.<\/p>\n\n\n\n<p>Los trabajadores de tierra de Iberia en el aeropuerto de Bilbao han \nconvocado dos jornadas de huelga para los pr\u00f3ximos 9 y 10 de septiembre,\n mientras que los de El Prat han decidido realizar paros los d\u00edas 21, \n22, 23 y 24. Por su parte, los pilotos de Ryanair y los tripulantes de \ncabina de la compa\u00f1\u00eda ir\u00e1n a la huelga el 19, 20, 22, 27 y 29 de \nseptiembre y el 6, 8, 13, 15, 20, 22, 27 y 29 del mismo mes, \nrespectivamente.<\/p>\n\n\n\n<p>La asociaci\u00f3n advierte de que las aerol\u00edneas est\u00e1n obligadas a \nprestar asistencia a los afectados por cambios o cancelaciones en el \ncaso de que la necesiten. De este modo, deber\u00e1n proporcionarles comida y\n bebida suficientes para el tiempo que sea necesario esperar un vuelo y \nel alojamiento gratuito en un hotel cuando sea necesario pernoctar una o\n varias noches, adem\u00e1s de reintegrar el coste del transporte de vuelta \ndesde el hotel hasta el aeropuerto.<\/p>\n\n\n\n<p>FACUA defiende el leg\u00edtimo derecho de los trabajadores a la huelga \ncomo medida para defender sus derechos y reivindicaciones laborales, \naunque al mismo tiempo, recuerda que las aerol\u00edneas no pueden \ndesentenderse de los perjuicios que puedan suponer a los usuarios los \nretrasos y cancelaciones en los vuelos debido a los paros del personal \nde tierra o de pilotos y tripulantes de cabina.<\/p>\n\n\n\n<p><strong>De 250 a 600 euros de compensaci\u00f3n<\/strong><\/p>\n\n\n\n<p>FACUA se\u00f1ala que miles de pasajeros podr\u00edan verse afectados por la \nhuelga, perdiendo la totalidad o parte de sus d\u00edas de vacaciones, \nestancias en hoteles o vuelos de conexi\u00f3n, entre otros. As\u00ed, recuerda a \nlos usuarios afectados que el Reglamento Europeo 261\/2004 establece una \nserie de compensaciones en caso de cancelaci\u00f3n de los vuelos. El \nart\u00edculo 7 de la normativa recoge que <em>\u00ablos pasajeros recibir\u00e1n una \ncompensaci\u00f3n por valor de 250 euros para vuelos de hasta 1.500 \nkil\u00f3metros, 400 euros para los intracomunitarios de m\u00e1s de 1.500 \nkil\u00f3metros y para todos los dem\u00e1s entre 1.500 y 3.500, y 600 euros para \nel resto de vuelos\u00bb.<\/em><\/p>\n\n\n\n<p>A estas compensaciones, la normativa europea establece en su art\u00edculo\n 5 unas excepciones cuando se cumplan tres requisitos en la comunicaci\u00f3n\n de la cancelaci\u00f3n: cuando se informe a los afectados con <em>\u00abal menos con dos semanas de antelaci\u00f3n con respecto a la hora de salida prevista\u00bb<\/em>; cuando esta comunicaci\u00f3n se realice con una anticipaci\u00f3n <em>\u00abde\n entre dos semanas y siete d\u00edas con respecto a la hora de salida \nprevista y se les ofrezca un transporte alternativo que les permita \nsalir con no m\u00e1s de dos horas de antelaci\u00f3n con respecto a la hora de \nsalida prevista y llegar a su destino final con menos de cuatro horas de\n retraso con respecto a la hora de llegada prevista\u00bb<\/em>; o cuando se comunique <em>\u00abcon\n menos de siete d\u00edas antes de la hora de salida prevista y se les \nofrezca tomar otro vuelo que les permita salir con no m\u00e1s de una hora de\n antelaci\u00f3n con respecto a la hora de salida prevista y llegar a su \ndestino final con menos de dos horas de retraso con respecto a la hora \nde llegada prevista\u00bb.<br><\/em><\/p>\n\n\n\n<p>Adem\u00e1s, el Reglamento Europeo tambi\u00e9n recoge, en su art\u00edculo 8, el \nderecho al reembolso del coste \u00edntegro del billete en un plazo de siete \nd\u00edas o el traslado al destino final<em> \u00aben condiciones de transporte comparables\u00bb<\/em>, mientras que el art\u00edculo 9 del mismo reglamento establece que se debe ofrecer a los pasajeros afectados<em> \u00abcomida y refrescos suficientes\u00bb<\/em>, alojamiento en un hotel si fuera necesario y traslado desde el aeropuerto hasta dicho hotel.<\/p>\n\n\n\n<p>Con independencia de las compensaciones establecidas en el Reglamento\n Europeo, FACUA insiste en que todos los usuarios afectados por un \nretraso pueden reclamar adem\u00e1s otro tipo de indemnizaciones por da\u00f1os y \nperjuicios, tanto morales como patrimoniales, que pudieran haber \npadecido, tal y como se\u00f1ala la sentencia de 13 de octubre de 2011 del \nTribunal de Justicia de la Uni\u00f3n Europea (TJUE), por el incumplimiento \ndel contrato de transporte a\u00e9reo que hayan sufrido.<\/p>\n\n\n\n<p>La asociaci\u00f3n tambi\u00e9n incide en la sentencia que public\u00f3 el TJUE en  abril de 2018, donde alegaba que una huelga de trabajadores no se  considera dentro del concepto<em> \u00abcircunstancias extraordinarias\u00bb<\/em>, por lo que la aerol\u00ednea no puede negarse a pagar las indemnizaciones que se le exijan.<\/p>\n\n\n\n<p><a href=\"https:\/\/www.facua.org\/es\/noticia.php?Id=14437\">https:\/\/www.facua.org\/es\/noticia.php?Id=14437<\/a><\/p>\n","protected":false},"excerpt":{"rendered":"<p>Los trabajadores de tierra de Iberia de varios aeropuertos y los pilotos y tripulantes de&#8230;<\/p>\n","protected":false},"author":1,"featured_media":33691,"comment_status":"closed","ping_status":"closed","sticky":false,"template":"","format":"standard","meta":{"_coblocks_attr":"","_coblocks_dimensions":"","_coblocks_responsive_height":"","_coblocks_accordion_ie_support":"","jetpack_post_was_ever_published":false,"_jetpack_newsletter_access":"","_jetpack_dont_email_post_to_subs":false,"_jetpack_newsletter_tier_id":0,"_jetpack_memberships_contains_paywalled_content":false,"_jetpack_memberships_contains_paid_content":false,"footnotes":"","jetpack_publicize_message":"","jetpack_publicize_feature_enabled":true,"jetpack_social_post_already_shared":false,"jetpack_social_options":{"image_generator_settings":{"template":"highway","default_image_id":0,"enabled":false},"version":2}},"categories":[1161,186,9,44,15],"tags":[272,910,948],"class_list":["post-33690","post","type-post","status-publish","format-standard","has-post-thumbnail","hentry","category-ciudadania","category-instituciones","category-medio-ambiente","category-noticias-de-hoy","category-ultimas-noticias","tag-aviones","tag-facua","tag-huelgas"],"jetpack_publicize_connections":[],"jetpack_featured_media_url":"https:\/\/i0.wp.com\/miradordeatarfe.es\/wp-content\/uploads\/2019\/09\/noticia14437h.jpg?fit=1300%2C904&ssl=1","jetpack_likes_enabled":true,"jetpack_sharing_enabled":true,"_links":{"self":[{"href":"https:\/\/miradordeatarfe.es\/index.php?rest_route=\/wp\/v2\/posts\/33690","targetHints":{"allow":["GET"]}}],"collection":[{"href":"https:\/\/miradordeatarfe.es\/index.php?rest_route=\/wp\/v2\/posts"}],"about":[{"href":"https:\/\/miradordeatarfe.es\/index.php?rest_route=\/wp\/v2\/types\/post"}],"author":[{"embeddable":true,"href":"https:\/\/miradordeatarfe.es\/index.php?rest_route=\/wp\/v2\/users\/1"}],"replies":[{"embeddable":true,"href":"https:\/\/miradordeatarfe.es\/index.php?rest_route=%2Fwp%2Fv2%2Fcomments&post=33690"}],"version-history":[{"count":1,"href":"https:\/\/miradordeatarfe.es\/index.php?rest_route=\/wp\/v2\/posts\/33690\/revisions"}],"predecessor-version":[{"id":33692,"href":"https:\/\/miradordeatarfe.es\/index.php?rest_route=\/wp\/v2\/posts\/33690\/revisions\/33692"}],"wp:featuredmedia":[{"embeddable":true,"href":"https:\/\/miradordeatarfe.es\/index.php?rest_route=\/wp\/v2\/media\/33691"}],"wp:attachment":[{"href":"https:\/\/miradordeatarfe.es\/index.php?rest_route=%2Fwp%2Fv2%2Fmedia&parent=33690"}],"wp:term":[{"taxonomy":"category","embeddable":true,"href":"https:\/\/miradordeatarfe.es\/index.php?rest_route=%2Fwp%2Fv2%2Fcategories&post=33690"},{"taxonomy":"post_tag","embeddable":true,"href":"https:\/\/miradordeatarfe.es\/index.php?rest_route=%2Fwp%2Fv2%2Ftags&post=33690"}],"curies":[{"name":"wp","href":"https:\/\/api.w.org\/{rel}","templated":true}]}}