{"id":33693,"date":"2019-09-09T08:32:20","date_gmt":"2019-09-09T06:32:20","guid":{"rendered":"http:\/\/miradordeatarfe.es\/?p=33693"},"modified":"2020-06-26T13:44:31","modified_gmt":"2020-06-26T11:44:31","slug":"mariluz-esribano-por-remedios-sanchez","status":"publish","type":"post","link":"https:\/\/miradordeatarfe.es\/?p=33693","title":{"rendered":"MARILUZ ESRIBANO por Remedios S\u00e1nchez"},"content":{"rendered":"\n<h4 class=\"wp-block-heading\"> Es el milagro una sonrisa leve, una mano tendida y un misterio, una luz que se enciende por las tardes, una verdad inmensa en cada gesto, el tiempo que se agota lentamente y esa paz que trasmina tu mirada. Y puesto que te has ido, para que las estrellas iluminen gozosas tu nombre mientras abrazas por fin a tu padre, y tu madre sonr\u00ede y  te borda en el viento una canci\u00f3n de esperanza,  nosotros tenemos que ocuparnos de tus cosas. <\/h4>\n\n\n\n<p>De decir lo que has sido y lo que eres, s\u00edmbolo de paz y de concordia, la poeta inmensa de la voz rotunda que lleg\u00f3 cuando m\u00e1s falta hac\u00eda, la l\u00edder ciudadana que era junco indoblegable, la profesora carism\u00e1tica de aquella Escuela Normal que fue la pasi\u00f3n de tu padre, la mujer valiente que se adelant\u00f3 a su tiempo y que ejerci\u00f3 de faro para una capital en penumbras, cargada de silencios, de recelos, de hipocres\u00eda taimada que, a tu altura moral, le resbalaba. Siempre afanosa en tus tareas, ense\u00f1ando a mirar a tus alumnos, defendiendo la libertad como patrimonio irrenunciable y ejerciendo de paciencia resignada, de inquebrantable poeta de guardia en unos libros que, hoy, ya, son tesoro, un legado que supone el testimonio cincelado en el alma de una generaci\u00f3n que lo perdi\u00f3 todo, salvo esa dignidad honda que es una manera de estar en el mundo construyendo puentes, sabiendo bien lo que t\u00fa escribiste: que es tiempo de paz. De paz y de memoria.<\/p>\n\n\n\n<p>\nLo que sucede,\nMariluz, hermosa ni\u00f1a sin padre, hermana de la espiga, sobrina de la\nbrisa, compatriota de los p\u00e1jaros y amiga perpetua de los \u00e1rboles,\nes que hubo algo que no supe aprender en tantos a\u00f1os refugiada del\nmundo frente a ti y es a escribir al calor de tu recuerdo; a llamarte\na cada instante y que conteste este silencio denso como un lago que\nahoga, a asumir que la soledad me inunde de amarillos este coraz\u00f3n\nque t\u00fa sab\u00edas que siempre fue tu casa. Por eso cuesta tanto elegir\nlas palabras precisas que sigan siendo el eco recio de tu voz, como\nquedamos; la manera id\u00f3nea de decir te quiero, la forma de expresar\nque te necesitamos, que nos faltan referentes, que el miedo nos\nacecha en cada esquina, que el dolor tal vez sea inevitable, aunque\n-no s\u00e9 c\u00f3mo, te lo juro- seguiremos adelante. Porque tu ejemplo es\nun espejo de plata donde se refleja tu mirada: esa melancol\u00eda azul\nde la infancia que es tu patria, el oto\u00f1o transitorio de los bosques\nde Ohio, el regreso definitivo a Granada para explicar a Machado y\nFederico en clases que eran monedillas de oro, ese permanente\ndefender la justicia  y estos a\u00f1os \u00faltimos en los que tu palabra\npuesta en pie ha sabido alentar a los j\u00f3venes que abren sus ojos a\nla vida. Has sembrado amor, madre, todo el amor del universo: amor a\ntus padres, a tus hijos, a tu Granada, a tus alumnos, a la poes\u00eda, a\nla verdad y a la Historia. Y ya eres br\u00fajula, aliento vivo, r\u00edo que\nno cesa de agua limpia, y tu palabra es eterna, no se apaga y vuela.\nVuela alto, libre y violeta. Esa es la tarea que me encomendaste,\neste v\u00ednculo indestructible y eterno.  Porque ahora todo el mundo\nconoce que yo tambi\u00e9n hered\u00e9 de mi madre una bandera.<\/p>\n","protected":false},"excerpt":{"rendered":"<p>Es el milagro una sonrisa leve, una mano tendida y un misterio, una luz que&#8230;<\/p>\n","protected":false},"author":1,"featured_media":33694,"comment_status":"closed","ping_status":"closed","sticky":false,"template":"","format":"standard","meta":{"_coblocks_attr":"","_coblocks_dimensions":"","_coblocks_responsive_height":"","_coblocks_accordion_ie_support":"","jetpack_post_was_ever_published":false,"_jetpack_newsletter_access":"","_jetpack_dont_email_post_to_subs":false,"_jetpack_newsletter_tier_id":0,"_jetpack_memberships_contains_paywalled_content":false,"_jetpack_memberships_contains_paid_content":false,"footnotes":"","jetpack_publicize_message":"","jetpack_publicize_feature_enabled":true,"jetpack_social_post_already_shared":false,"jetpack_social_options":{"image_generator_settings":{"template":"highway","default_image_id":0,"enabled":false},"version":2}},"categories":[12,9,44,6914,15],"tags":[2511,1586],"class_list":["post-33693","post","type-post","status-publish","format-standard","has-post-thumbnail","hentry","category-cultura","category-medio-ambiente","category-noticias-de-hoy","category-opinion-de-reme-sanchez","category-ultimas-noticias","tag-escritora","tag-poeta"],"jetpack_publicize_connections":[],"jetpack_featured_media_url":"https:\/\/i0.wp.com\/miradordeatarfe.es\/wp-content\/uploads\/2019\/09\/mariluz-escribano-poeta-kzKG-620x349%40abc.png?fit=620%2C349&ssl=1","jetpack_likes_enabled":true,"jetpack_sharing_enabled":true,"_links":{"self":[{"href":"https:\/\/miradordeatarfe.es\/index.php?rest_route=\/wp\/v2\/posts\/33693","targetHints":{"allow":["GET"]}}],"collection":[{"href":"https:\/\/miradordeatarfe.es\/index.php?rest_route=\/wp\/v2\/posts"}],"about":[{"href":"https:\/\/miradordeatarfe.es\/index.php?rest_route=\/wp\/v2\/types\/post"}],"author":[{"embeddable":true,"href":"https:\/\/miradordeatarfe.es\/index.php?rest_route=\/wp\/v2\/users\/1"}],"replies":[{"embeddable":true,"href":"https:\/\/miradordeatarfe.es\/index.php?rest_route=%2Fwp%2Fv2%2Fcomments&post=33693"}],"version-history":[{"count":1,"href":"https:\/\/miradordeatarfe.es\/index.php?rest_route=\/wp\/v2\/posts\/33693\/revisions"}],"predecessor-version":[{"id":33695,"href":"https:\/\/miradordeatarfe.es\/index.php?rest_route=\/wp\/v2\/posts\/33693\/revisions\/33695"}],"wp:featuredmedia":[{"embeddable":true,"href":"https:\/\/miradordeatarfe.es\/index.php?rest_route=\/wp\/v2\/media\/33694"}],"wp:attachment":[{"href":"https:\/\/miradordeatarfe.es\/index.php?rest_route=%2Fwp%2Fv2%2Fmedia&parent=33693"}],"wp:term":[{"taxonomy":"category","embeddable":true,"href":"https:\/\/miradordeatarfe.es\/index.php?rest_route=%2Fwp%2Fv2%2Fcategories&post=33693"},{"taxonomy":"post_tag","embeddable":true,"href":"https:\/\/miradordeatarfe.es\/index.php?rest_route=%2Fwp%2Fv2%2Ftags&post=33693"}],"curies":[{"name":"wp","href":"https:\/\/api.w.org\/{rel}","templated":true}]}}