{"id":33699,"date":"2019-09-14T08:50:55","date_gmt":"2019-09-14T06:50:55","guid":{"rendered":"http:\/\/miradordeatarfe.es\/?p=33699"},"modified":"2019-09-08T18:51:51","modified_gmt":"2019-09-08T16:51:51","slug":"la-gonorrea-y-sifilis-crece-un-26-al-ano-en-espana","status":"publish","type":"post","link":"https:\/\/miradordeatarfe.es\/?p=33699","title":{"rendered":"La gonorrea y sifilis crece un 26% al a\u00f1o en Espa\u00f1a"},"content":{"rendered":"\n<h4 class=\"wp-block-heading\"> El Ministerio de Sanidad muestra un preocupante repunte de las enfermedades de transmisi\u00f3n sexual y abandono del uso del preservativo en nuestro pa\u00eds <\/h4>\n\n\n\n<p>Las enfermedades de \ntransmisi\u00f3n sexual est\u00e1n creciendo significativamente en Espa\u00f1a: \n\u00abEstamos observando un repunte muy preocupante de infecciones como <strong>gonorrea<\/strong>, <strong>s\u00edfilis<\/strong>, <strong>clamidia<\/strong>, <strong>el virus del papiloma humano<\/strong>;\n y un relajo en el uso del preservativo entre los j\u00f3venes\u00bb, ha se\u00f1alado \nla ministra de Sanidad en funciones, Mar\u00eda Luisa Carcedo, que este \njueves ha presentado la campa\u00f1a de prevenci\u00f3n frente a las infecciones \nde transmisi\u00f3n sexual (ITS), con la que se quiere fomentar el uso del \npreservativo entre los m\u00e1s j\u00f3venes. <\/p>\n\n\n\n<p>La gonorrea es la enfermedad que m\u00e1s ha crecido, <strong>con un incremento anual del 26,3%, desde 2013<\/strong>.\n La tasa actual de esta infecci\u00f3n es de 78 personas por cada cien mil \nhabitantes, en la poblaci\u00f3n comprendida entre 20 y 24 a\u00f1os, seg\u00fan los \ndatos apuntados por la ministra.<\/p>\n\n\n\n<p>La infecci\u00f3n por s\u00edfilis registra\n un incremento menos acusado, pero en el a\u00f1o 2017 se registr\u00f3 la tasa \nm\u00e1s elevadas desde que se recogen estos datos, con 10,61 casos por cada \ncien mil habitantes, frente al 2,57 registrado en 1995. <\/p>\n\n\n\n<p>En \nrelaci\u00f3n al uso del preservativo, la ministra ha apuntado que en 2002, \nel 84% de los j\u00f3venes, entre 15 y 18 a\u00f1os reconoc\u00eda utilizarlo, mientras\n que en 2018 ese porcentaje se redujo al 75%. <\/p>\n\n\n\n<p>Pilar Aparicio \nAzc\u00e1rraga, directora de Salud P\u00fablica, Calidad e Innovaci\u00f3n, del \nministerio, ha reconocido que Sanidad estaba preocupada porque se han \ndetectado cepas resistentes de la gonorrea. Asimismo, tambi\u00e9n se ha \npuesto de manifiesto que en 2017 se diagnosticaron cerca de 4.000 nuevos\n casos de VIH, adem\u00e1s de 17.000 de otras infecciones de transmisi\u00f3n \nsexual. <\/p>\n\n\n\n<p>Aparicio tambi\u00e9n apunt\u00f3 que estaban estudiando \nla financiaci\u00f3n de la profilaxis pre exposici\u00f3n (PrEP) al VIH dentro de \nla Comisi\u00f3n de Salud P\u00fablica, en conversaciones con las comunidades \naut\u00f3nomas.<strong> \u00abSe est\u00e1 discutiendo cu\u00e1l es la mejor manera de implementarla, se est\u00e1 planteando y estamos viendo\u00bb<\/strong>. <\/p>\n\n\n\n<p>Tambi\u00e9n\n aclar\u00f3 que la formaci\u00f3n de los profesionales es una parte importante de\n la Estrategia de Salud Sexual y Reproductiva, que es donde se enmarca \nla campa\u00f1a presentada este jueves, dirigida a impulsar el uso del cond\u00f3n\n entre los m\u00e1s j\u00f3venes. \u00abLa formaci\u00f3n de estos profesionales ir\u00e1 \norientada fundamentalmente a atenci\u00f3n primaria y siempre en coordinaci\u00f3n\n con las comunidades aut\u00f3nomas\u00bb.<\/p>\n\n\n\n<p>La semana pasada, la <a rel=\"noreferrer noopener\" href=\"https:\/\/www.elmundo.es\/ciencia-y-salud\/salud\/2019\/06\/06\/5cf911b021efa0cd028b4662.html\" target=\"_blank\">Organizaci\u00f3n Mundial de la Salud<\/a>  (OMS) hizo p\u00fablicos sus \u00faltimos datos sobre la incidencia mundial de  este tipo de infecciones. Seg\u00fan sus datos, en 2016, el a\u00f1o en que se  realiz\u00f3 el an\u00e1lisis, se contabilizaron en el mundo 156 millones de  nuevos casos de tricomoniasis, 127 millones de clamidia, 87 millones de  gonorrea y 6,7 millones de s\u00edfilis.<\/p>\n\n\n\n<p> S. VALLE <\/p>\n\n\n\n<p><a href=\"https:\/\/www.elmundo.es\/ciencia-y-salud\/salud\/2019\/06\/13\/5d0243a421efa0a43f8b45a0.html\">https:\/\/www.elmundo.es\/ciencia-y-salud\/salud\/2019\/06\/13\/5d0243a421efa0a43f8b45a0.html<\/a><\/p>\n","protected":false},"excerpt":{"rendered":"<p>El Ministerio de Sanidad muestra un preocupante repunte de las enfermedades de transmisi\u00f3n sexual y&#8230;<\/p>\n","protected":false},"author":1,"featured_media":33700,"comment_status":"closed","ping_status":"closed","sticky":false,"template":"","format":"standard","meta":{"_coblocks_attr":"","_coblocks_dimensions":"","_coblocks_responsive_height":"","_coblocks_accordion_ie_support":"","jetpack_post_was_ever_published":false,"_jetpack_newsletter_access":"","_jetpack_dont_email_post_to_subs":false,"_jetpack_newsletter_tier_id":0,"_jetpack_memberships_contains_paywalled_content":false,"_jetpack_memberships_contains_paid_content":false,"footnotes":"","jetpack_publicize_message":"","jetpack_publicize_feature_enabled":true,"jetpack_social_post_already_shared":false,"jetpack_social_options":{"image_generator_settings":{"template":"highway","default_image_id":0,"enabled":false},"version":2}},"categories":[1161,186,9,44,15,10],"tags":[6353,6355,4414,6354],"class_list":["post-33699","post","type-post","status-publish","format-standard","has-post-thumbnail","hentry","category-ciudadania","category-instituciones","category-medio-ambiente","category-noticias-de-hoy","category-ultimas-noticias","category-salud","tag-enfermedades-de-tramision-sexual","tag-gonorrea","tag-preservativos","tag-sifilis"],"jetpack_publicize_connections":[],"jetpack_featured_media_url":"https:\/\/i0.wp.com\/miradordeatarfe.es\/wp-content\/uploads\/2019\/09\/15604296258924.jpg?fit=600%2C400&ssl=1","jetpack_likes_enabled":true,"jetpack_sharing_enabled":true,"_links":{"self":[{"href":"https:\/\/miradordeatarfe.es\/index.php?rest_route=\/wp\/v2\/posts\/33699","targetHints":{"allow":["GET"]}}],"collection":[{"href":"https:\/\/miradordeatarfe.es\/index.php?rest_route=\/wp\/v2\/posts"}],"about":[{"href":"https:\/\/miradordeatarfe.es\/index.php?rest_route=\/wp\/v2\/types\/post"}],"author":[{"embeddable":true,"href":"https:\/\/miradordeatarfe.es\/index.php?rest_route=\/wp\/v2\/users\/1"}],"replies":[{"embeddable":true,"href":"https:\/\/miradordeatarfe.es\/index.php?rest_route=%2Fwp%2Fv2%2Fcomments&post=33699"}],"version-history":[{"count":1,"href":"https:\/\/miradordeatarfe.es\/index.php?rest_route=\/wp\/v2\/posts\/33699\/revisions"}],"predecessor-version":[{"id":33701,"href":"https:\/\/miradordeatarfe.es\/index.php?rest_route=\/wp\/v2\/posts\/33699\/revisions\/33701"}],"wp:featuredmedia":[{"embeddable":true,"href":"https:\/\/miradordeatarfe.es\/index.php?rest_route=\/wp\/v2\/media\/33700"}],"wp:attachment":[{"href":"https:\/\/miradordeatarfe.es\/index.php?rest_route=%2Fwp%2Fv2%2Fmedia&parent=33699"}],"wp:term":[{"taxonomy":"category","embeddable":true,"href":"https:\/\/miradordeatarfe.es\/index.php?rest_route=%2Fwp%2Fv2%2Fcategories&post=33699"},{"taxonomy":"post_tag","embeddable":true,"href":"https:\/\/miradordeatarfe.es\/index.php?rest_route=%2Fwp%2Fv2%2Ftags&post=33699"}],"curies":[{"name":"wp","href":"https:\/\/api.w.org\/{rel}","templated":true}]}}