{"id":33768,"date":"2019-09-15T10:40:44","date_gmt":"2019-09-15T08:40:44","guid":{"rendered":"http:\/\/miradordeatarfe.es\/?p=33768"},"modified":"2019-09-15T10:28:25","modified_gmt":"2019-09-15T08:28:25","slug":"y-dale-perico-al-torno-por-juan-alfredo-bellon","status":"publish","type":"post","link":"https:\/\/miradordeatarfe.es\/?p=33768","title":{"rendered":"Y-DALE-PERICO-AL-TORNO por Juan Alfredo Bell\u00f3n"},"content":{"rendered":"\n<h4 class=\"wp-block-heading\"> <strong>Y-DALE-PERICO-AL-TORNO<\/strong> <em><strong>por Juan Alfredo Bell\u00f3n<\/strong><\/em> <em><strong>para EL MIRADOR DE ATARFE<\/strong><\/em> <em><strong>del\ndomingo 15-09-2019<\/strong><\/em><\/h4>\n\n\n\n<p>\n\tLlevamos dos semanas instalados en la espera permanente de la\nnoticia pol\u00edtica de los \u00faltimos a\u00f1os y especialmente de<em> la\nrentr\u00e9e <\/em>y ello es saber cu\u00e1ndo se desatascara (si es que se\ndesatasca) el calendario pol\u00edtico nacional y, en consecuencia cu\u00e1ndo\nse podr\u00e1n cumplir las previsiones constitucionales y se tendr\u00e1,\nseg\u00fan ella, nuevo gobierno de la naci\u00f3n y se acabar\u00e1 la funci\u00f3n\ndel \u201cGobierno en funciones\u201d que <em>disfrutamos<\/em> desde 1918.<\/p>\n\n\n\n<p>\n\tPorque en efecto, desde que se agot\u00f3 la anterior legislatura como\nconsecuencia de la moci\u00f3n de censura a la que el Partido Socialista\nsometi\u00f3 y gan\u00f3 al ex-presidente Rajoy, no ha habido manera de\ncuadrar las previsiones constitucionales y elegir nuevo Gobierno para\nejercer la acci\u00f3n pol\u00edtica prevista en la Constituci\u00f3n, presentar\ny aprobar la cuentas del Estado y los Presupuestos acumulados de 2018\ny 19.<\/p>\n\n\n\n<p>\n\tAunque hay comentarios para todos los gustos, lo cierto y verdad es\nque un pa\u00eds moderno no puede vivir sin planes econ\u00f3micos y sin\nleyes ni puede seguir trampeando tanto tiempo sin plantear su\nasignaci\u00f3n de gastos y sus previsiones  sociopol\u00edticas y\nculturales, porque, en contra de lo que se piensa err\u00f3neamente, ni\nItalia, ni los pa\u00edses que pasan por tener un mayor \u00edndice de\ningobernabilidad democr\u00e1tica tienen tanta como para no poder ser\ngobernados porque, llegado el caso, saben buscar sus propios\nequilibrios para salir de sus aparentes bloqueos.<\/p>\n\n\n\n<p>\n\tPero Espa\u00f1a, llegado como es el caso, no parece tener soluci\u00f3n y\naparenta ser la excepci\u00f3n de la regla mientras la opini\u00f3n p\u00fablica\ny privada se desespera y pierde la paciencia  atribuy\u00e9ndose una\ningobernabilidad sin soluciones que en el fondo parece ser una\nimpotencia democr\u00e1tica o una condici\u00f3n antidemocr\u00e1tica que\nconcluye de una premisa desesperada previa: \u00a1Es que somos la hostia\ny no tenemos arreglo! como dec\u00eda Franco cuando nos echaba en cara lo\nde nuestros <em>demonios familiares. <\/em>\n<\/p>\n\n\n\n<p>\nY ya estamos llegando a otro nuevo y aparentemente definitivo\n<em>impasse<\/em> constitucional. Digo \u201caparentemente\u201d porque esa\npercepci\u00f3n es falaz ya que nuestra Constituci\u00f3n prev\u00e9 un eterno\nretorno al desencanto y al hartazgo pol\u00edtico e institucional  de\namplias masas populares y, por tanto, a una peligrosa ampliaci\u00f3n del\nabstencionismo y la pasividad que empeque\u00f1ecen y adelgazan nuestra\ndemocracia pero esa es una opci\u00f3n que siempre est\u00e1 por ver y\nsiempre habr\u00e1 que considerar  <em>a posteriori<\/em> y no se podr\u00e1\nconsiderar hasta que no se produzca y se palpe emp\u00edricamente tanto \nel desencanto como sus consecuencias. Y ese es el  caso en que nos\nencontraremos cuando (y si) el pr\u00f3ximo lunes 16 de los corrientes la\nPresidenta de las Cortes, Marixel Batet, acuda a la Zarzuela y\ntrasmita al Rey la imposibilidad otra vez del Presidente en funciones\nde contar con los votos necesarios para su investidura, lo que\nimplicar\u00e1 la inmediata convocatoria de Elecciones Generales, <em>y\ndale Perico al torno\u2026<\/em><\/p>\n\n\n\n<p>\nEn esto que comento ocurre como en la frase popular que sirve\nde t\u00edtulo al presente art\u00edculo, que viene a ser como aquella  otra,\ncon <em>ritornello, <\/em>que se usa en los dichos populares y\nfolkloricos del tipo <em>dale que dale que dale,\/ toma que toma que\ntoma,\/ tengo una novia que vale\/ m\u00e1s que la gente de Roma<\/em> y\nresulta un recurso expresivo frecuente en las composiciones populares\nque se sirven del lenguaje repetido para transmitir estil\u00edsticamente\nel cansancio y hartazgo que embarga a quienes se sienten atados a un\nc\u00edrculo vicioso comunicativo que les obliga cansinamente a volver a\nempezar, como aquella otra vuelta machacona que nos obliga a\ncontestar interpelando circularmente a nuestro interlocutor:<\/p>\n\n\n\n<p> &#8211;<em>Pero si yo no te digo que me digas eso. Yo lo que te digo es que me digas si quieres que te cuente un cuento de pan y pimiento y rabanillo tuerto\u2026 \/ <\/em>[etc., etc., y as\u00ed <em>ad infinitum<\/em>] con lo que resulta un uso l\u00fadico y muy efectivo de los recursos ling\u00fc\u00edsticos con  los que las personas implicadas en la comunicaci\u00f3n reciben la impresi\u00f3n de estar participando a la fuerza y sin control en un acto comunicativo que escapa a su voluntad y sobre el que su voluntad no tiene ninguna capacidad de intervenir. <\/p>\n\n\n\n<p>Algo as\u00ed como lo que ocurre en el panorama  pol\u00edtico actual donde tampoco podemos romper el atranque en el sentido que desea fervientemente nuestra voluntad y esto, desde el punto de vista de nuestras previsiones encuestadas, es una evidente y muy peligrosa arma de doble filo que puede actuar contra quienes la opini\u00f3n p\u00fablica crea culpables del c\u00edrculo vicioso que comento, lo sean o no de verdad, pues  a esa creencia p\u00fablica le basta con parecerselo, como a la mujer del C\u00e9sar.   <\/p>\n","protected":false},"excerpt":{"rendered":"<p>Y-DALE-PERICO-AL-TORNO por Juan Alfredo Bell\u00f3n para EL MIRADOR DE ATARFE del domingo 15-09-2019 Llevamos dos&#8230;<\/p>\n","protected":false},"author":1,"featured_media":33769,"comment_status":"closed","ping_status":"closed","sticky":false,"template":"","format":"standard","meta":{"_coblocks_attr":"","_coblocks_dimensions":"","_coblocks_responsive_height":"","_coblocks_accordion_ie_support":"","jetpack_post_was_ever_published":false,"_jetpack_newsletter_access":"","_jetpack_dont_email_post_to_subs":false,"_jetpack_newsletter_tier_id":0,"_jetpack_memberships_contains_paywalled_content":false,"_jetpack_memberships_contains_paid_content":false,"footnotes":"","jetpack_publicize_message":"","jetpack_publicize_feature_enabled":true,"jetpack_social_post_already_shared":false,"jetpack_social_options":{"image_generator_settings":{"template":"highway","default_image_id":0,"enabled":false},"version":2}},"categories":[1161,186,36,9,44,15],"tags":[725,845,6365],"class_list":["post-33768","post","type-post","status-publish","format-standard","has-post-thumbnail","hentry","category-ciudadania","category-instituciones","category-opinion-de-juan-alfredo-bellon","category-medio-ambiente","category-noticias-de-hoy","category-ultimas-noticias","tag-espana","tag-gobierno","tag-politica-actual"],"jetpack_publicize_connections":[],"jetpack_featured_media_url":"https:\/\/i0.wp.com\/miradordeatarfe.es\/wp-content\/uploads\/2019\/09\/sanchez-iglesias.r_d.1008-629-6186.jpeg?fit=990%2C742&ssl=1","jetpack_likes_enabled":true,"jetpack_sharing_enabled":true,"_links":{"self":[{"href":"https:\/\/miradordeatarfe.es\/index.php?rest_route=\/wp\/v2\/posts\/33768","targetHints":{"allow":["GET"]}}],"collection":[{"href":"https:\/\/miradordeatarfe.es\/index.php?rest_route=\/wp\/v2\/posts"}],"about":[{"href":"https:\/\/miradordeatarfe.es\/index.php?rest_route=\/wp\/v2\/types\/post"}],"author":[{"embeddable":true,"href":"https:\/\/miradordeatarfe.es\/index.php?rest_route=\/wp\/v2\/users\/1"}],"replies":[{"embeddable":true,"href":"https:\/\/miradordeatarfe.es\/index.php?rest_route=%2Fwp%2Fv2%2Fcomments&post=33768"}],"version-history":[{"count":1,"href":"https:\/\/miradordeatarfe.es\/index.php?rest_route=\/wp\/v2\/posts\/33768\/revisions"}],"predecessor-version":[{"id":33770,"href":"https:\/\/miradordeatarfe.es\/index.php?rest_route=\/wp\/v2\/posts\/33768\/revisions\/33770"}],"wp:featuredmedia":[{"embeddable":true,"href":"https:\/\/miradordeatarfe.es\/index.php?rest_route=\/wp\/v2\/media\/33769"}],"wp:attachment":[{"href":"https:\/\/miradordeatarfe.es\/index.php?rest_route=%2Fwp%2Fv2%2Fmedia&parent=33768"}],"wp:term":[{"taxonomy":"category","embeddable":true,"href":"https:\/\/miradordeatarfe.es\/index.php?rest_route=%2Fwp%2Fv2%2Fcategories&post=33768"},{"taxonomy":"post_tag","embeddable":true,"href":"https:\/\/miradordeatarfe.es\/index.php?rest_route=%2Fwp%2Fv2%2Ftags&post=33768"}],"curies":[{"name":"wp","href":"https:\/\/api.w.org\/{rel}","templated":true}]}}