{"id":33784,"date":"2019-09-13T12:20:52","date_gmt":"2019-09-13T10:20:52","guid":{"rendered":"http:\/\/miradordeatarfe.es\/?p=33784"},"modified":"2019-09-13T12:24:40","modified_gmt":"2019-09-13T10:24:40","slug":"atarfe-concurso-video-semana-de-la-movilidad","status":"publish","type":"post","link":"https:\/\/miradordeatarfe.es\/?p=33784","title":{"rendered":"ATARFE: Concurso V\u00eddeo Semana de la Movilidad"},"content":{"rendered":"\n<h4 class=\"wp-block-heading\"> La Semana Europea de la Movilidad es una campa\u00f1a dirigida a  sensibilizar, tanto a los responsables pol\u00edticos como a los ciudadanos,  sobre las consecuencias negativas que tiene el uso irracional del coche  en la ciudad, tanto para la salud p\u00fablica como para el medio ambiente, y  los beneficios del uso de modos de transporte m\u00e1s sostenibles como el  transporte p\u00fablico, la bicicleta y los viajes a pie. <\/h4>\n\n\n\n<p>EL AYUNTAMIENTO DE ATARFE CONVOCA UN CONCURSO DE VIDEO PARA CONCIENTIZAR SOBRE LA IMOORTANCIA DEL USO SOSTENIBLE DEL TRANSPORTE <\/p>\n\n\n\n<p><strong>Tem\u00e1tica <\/strong><\/p>\n\n\n\n<p>El tema elegido este a\u00f1o por la Comisi\u00f3n Europea est\u00e1 centrado en \ncaminar y pedalear de forma segura y el lema es: \u00a1Camina con nosotr@s! \nLa tem\u00e1tica del v\u00eddeo es la accesibilidad y la movilidad en tu \nmunicipio, problemas o ventajas de los diferentes medios de transporte, \nposibles soluciones o mejoras, etc.<\/p>\n\n\n\n<p><strong>Participantes <\/strong><\/p>\n\n\n\n<p>Cualquier persona de 12 a\u00f1os en adelante.<\/p>\n\n\n\n<p><strong>Caracter\u00edsticas T\u00e9cnicas<\/strong><\/p>\n\n\n\n<p>Los v\u00eddeos tendr\u00e1n una duraci\u00f3n de entre 1 y 2 minutos. Deber\u00e1n ser \ngrabados en formato horizontal y en la mayor calidad posible.<\/p>\n\n\n\n<p><strong>Qu\u00e9 se valorar\u00e1 <\/strong><\/p>\n\n\n\n<p>El contenido de los v\u00eddeos, el mensaje, la creatividad, as\u00ed como su calidad de imagen y sonido.<\/p>\n\n\n\n<p>La organizaci\u00f3n se reserva el derecho de excluir del concurso los \nv\u00eddeos que considere inadecuados por no cumplir cualquiera de las \nespecificaciones exigidas en las bases.<\/p>\n\n\n\n<p><strong>C\u00f3mo participar <\/strong><\/p>\n\n\n\n<p>Env\u00eda tu v\u00eddeo al siguiente correo electr\u00f3nico: juventud@atarfe.es \nIncluyendo nombre, apellidos, tel\u00e9fono y correo electr\u00f3nico del autor\/a.<\/p>\n\n\n\n<p>Los menores de edad que aparezcan en el v\u00eddeo deber\u00e1n adjuntar un \ndocumento con la autorizaci\u00f3n de sus padres. Pod\u00e9is descargarlo m\u00e1s \nabajo.<\/p>\n\n\n\n<p>Si al adjuntar el v\u00eddeo, \u00e9ste ocupa demasiado y no permite ser \na\u00f1adido, se puede subir a cualquier servicio de almacenamiento en la \nnube (Drive, Dropbox, Cloud, etc.) y enviarnos el enlace de descarga.<\/p>\n\n\n\n<p>Contestaremos en un m\u00e1ximo de 24 horas confirmando que el v\u00eddeo ha sido recibido con \u00e9xito.<\/p>\n\n\n\n<p>Aseg\u00farate de que hemos realizado la confirmaci\u00f3n, en caso contrario contacta con nosotros.<\/p>\n\n\n\n<p><strong>Premio <\/strong><\/p>\n\n\n\n<p>&#8211; Mes completo de gimnasio en las instalaciones deportivas de Atarfe.<br>&#8211; Una sesi\u00f3n de jacuzzi.<\/p>\n\n\n\n<p><strong>Fechas<\/strong><\/p>\n\n\n\n<p>Desde el lunes 11 de septiembre hasta el jueves 19 de septiembre hasta las 23:59.<\/p>\n\n\n\n<p><strong>Fallo <\/strong><\/p>\n\n\n\n<p>El jurado estar\u00e1 compuesto por la Concejal\u00eda de Juventud. El ganador \nser\u00e1 anunciado en el Instagram de @atarfejoven el 20 de septiembre y \nser\u00e1 contactado por tel\u00e9fono. El premio ser\u00e1 entregado el domingo, d\u00eda \n22 de septiembre, en la plaza del Ayuntamiento sobre las 13:00.<\/p>\n\n\n\n<h3 class=\"wp-block-heading\">Ficheros Adjuntos<\/h3>\n\n\n\n<figure class=\"wp-block-image\"><img data-recalc-dims=\"1\" decoding=\"async\" src=\"https:\/\/i0.wp.com\/www.atarfe.es\/img\/pdf2.jpg?w=640\" alt=\"\"\/><\/figure>\n\n\n\n<p><strong><a href=\"http:\/\/www.atarfe.es\/data\/CoreFiles\/autorizacion-menores-video-movilidad.pdf\" target=\"_blank\" rel=\"noreferrer noopener\">Autorizaci\u00f3n Menores Concurso Video Movilidad<\/a><\/strong><\/p>\n","protected":false},"excerpt":{"rendered":"<p>La Semana Europea de la Movilidad es una campa\u00f1a dirigida a sensibilizar, tanto a los&#8230;<\/p>\n","protected":false},"author":1,"featured_media":33786,"comment_status":"closed","ping_status":"closed","sticky":false,"template":"","format":"standard","meta":{"_coblocks_attr":"","_coblocks_dimensions":"","_coblocks_responsive_height":"","_coblocks_accordion_ie_support":"","jetpack_post_was_ever_published":false,"_jetpack_newsletter_access":"","_jetpack_dont_email_post_to_subs":false,"_jetpack_newsletter_tier_id":0,"_jetpack_memberships_contains_paywalled_content":false,"_jetpack_memberships_contains_paid_content":false,"footnotes":"","jetpack_publicize_message":"","jetpack_publicize_feature_enabled":true,"jetpack_social_post_already_shared":false,"jetpack_social_options":{"image_generator_settings":{"template":"highway","default_image_id":0,"enabled":false},"version":2}},"categories":[2,12,186,9,44,15],"tags":[90,6369,1068],"class_list":["post-33784","post","type-post","status-publish","format-standard","has-post-thumbnail","hentry","category-atarfe","category-cultura","category-instituciones","category-medio-ambiente","category-noticias-de-hoy","category-ultimas-noticias","tag-cultura","tag-movilidad-europea","tag-video"],"jetpack_publicize_connections":[],"jetpack_featured_media_url":"https:\/\/i0.wp.com\/miradordeatarfe.es\/wp-content\/uploads\/2019\/09\/video.jpeg?fit=1001%2C528&ssl=1","jetpack_likes_enabled":true,"jetpack_sharing_enabled":true,"_links":{"self":[{"href":"https:\/\/miradordeatarfe.es\/index.php?rest_route=\/wp\/v2\/posts\/33784","targetHints":{"allow":["GET"]}}],"collection":[{"href":"https:\/\/miradordeatarfe.es\/index.php?rest_route=\/wp\/v2\/posts"}],"about":[{"href":"https:\/\/miradordeatarfe.es\/index.php?rest_route=\/wp\/v2\/types\/post"}],"author":[{"embeddable":true,"href":"https:\/\/miradordeatarfe.es\/index.php?rest_route=\/wp\/v2\/users\/1"}],"replies":[{"embeddable":true,"href":"https:\/\/miradordeatarfe.es\/index.php?rest_route=%2Fwp%2Fv2%2Fcomments&post=33784"}],"version-history":[{"count":1,"href":"https:\/\/miradordeatarfe.es\/index.php?rest_route=\/wp\/v2\/posts\/33784\/revisions"}],"predecessor-version":[{"id":33785,"href":"https:\/\/miradordeatarfe.es\/index.php?rest_route=\/wp\/v2\/posts\/33784\/revisions\/33785"}],"wp:featuredmedia":[{"embeddable":true,"href":"https:\/\/miradordeatarfe.es\/index.php?rest_route=\/wp\/v2\/media\/33786"}],"wp:attachment":[{"href":"https:\/\/miradordeatarfe.es\/index.php?rest_route=%2Fwp%2Fv2%2Fmedia&parent=33784"}],"wp:term":[{"taxonomy":"category","embeddable":true,"href":"https:\/\/miradordeatarfe.es\/index.php?rest_route=%2Fwp%2Fv2%2Fcategories&post=33784"},{"taxonomy":"post_tag","embeddable":true,"href":"https:\/\/miradordeatarfe.es\/index.php?rest_route=%2Fwp%2Fv2%2Ftags&post=33784"}],"curies":[{"name":"wp","href":"https:\/\/api.w.org\/{rel}","templated":true}]}}