{"id":3382,"date":"2015-09-16T07:33:24","date_gmt":"2015-09-16T07:33:24","guid":{"rendered":"http:\/\/miradordeatarfe.es\/?p=3382"},"modified":"2015-09-17T10:49:40","modified_gmt":"2015-09-17T10:49:40","slug":"los-espanoles-que-huyeron-de-la-guerra-y-acabaron-en-otra-pesadilla","status":"publish","type":"post","link":"https:\/\/miradordeatarfe.es\/?p=3382","title":{"rendered":"Los espa\u00f1oles que huyeron de la guerra y acabaron en otra pesadilla"},"content":{"rendered":"<p style=\"text-align: justify;\">Los republicanos que se refugiaron en Francia fueron encerrados en verdaderos campos de concentraci\u00f3n por un gobierno que los calificaba de \u201cextranjeros indeseables\u201d. Fueron explotados durante la contienda contra Alemania. Miles murieron, otros terminaron en campos nazis como el de Mauthausen<!--more--><\/p>\n<p style=\"text-align: justify;\">Europa est\u00e1 viviendo en los \u00faltimos meses una de las mayores crisis humanitarias desde la Segunda Guerra Mundial. Debido a la complicada situaci\u00f3n en Oriente Pr\u00f3ximo, y muy especialmente a la guerra en Siria, se ha producido un \u00e9xodo masivo de personas hacia el viejo continente, atra\u00eddos por la prosperidad y por unos valores humanos que los l\u00edderes pol\u00edticos europeos no pierden oportunidad para ensalzar.<\/p>\n<p style=\"text-align: justify;\">Este mi\u00e9rcoles, el presidente de la Comisi\u00f3n Europea, Jean-Claude Juncker, instaba en un sentido discurso en el Parlamento Europeo a los Estados miembros a que aceptasen las cuotas de refugiados propuestos por la CE. Apelaba a la solidaridad que hubo hacia \u201clos republicanos espa\u00f1oles que huyeron a campos de refugiados en el sur de Francia tras la derrota en la Guerra Civil\u201d. Con su discurso, adem\u00e1s de una voluntad de ayuda digna de aplauso, el luxemburgu\u00e9s demostraba un <b>desconocimiento total del calvario que tuvieron que pasar aquellas personas.<\/b><\/p>\n<p style=\"text-align: justify;\">Los exiliados espa\u00f1oles fueron tratados de un modo inhumano, y en muchos casos explotados por unas autoridades francesas que traicionaron a la Rep\u00fablica. La acogida de los republicanos no fue en absoluto mejor que la que se est\u00e1 dando estos d\u00edas a los refugiados sirios. <b>En Europa, 76 a\u00f1os despu\u00e9s, se repite la Historia.<\/b><\/p>\n<p style=\"text-align: justify;\">Los centros que dispuso Francia para el medio mill\u00f3n largo de espa\u00f1oles que huyeron de la guerra fueron verdaderos campos de concentraci\u00f3n. El propio Gobierno franc\u00e9s se refer\u00eda a ellos como tales, y no como campos de refugiados. Pero m\u00e1s all\u00e1 de las palabras, aquellos lugares estaban hechos <b>para encerrar y controlar, y no para acoger personas. <\/b>Quienes pasaron por ellos tuvieron que padecer, adem\u00e1s de la humillaci\u00f3n, hambre, sed y fr\u00edo. Muchos murieron por ello.<\/p>\n<h2 id=\"m90-4-91\" style=\"text-align: justify;\"><b><b>La traici\u00f3n a la Rep\u00fablica<\/b><\/b><\/h2>\n<p style=\"text-align: justify;\">El sufrimiento de los espa\u00f1oles comienza mucho antes del ag\u00f3nico final de la Rep\u00fablica. Cuando estalla la guerra en Espa\u00f1a, Francia estaba gobernada por <b>Le\u00f3n Blum<\/b>, un hombre de izquierdas que hab\u00eda ganado las elecciones ese mismo a\u00f1o present\u00e1ndose con una uni\u00f3n de partidos cuyo nombre comparte con la de los republicanos espa\u00f1oles: Frente Popular. Blum se plantea ayudar a la Rep\u00fablica, <b>pero desiste por temor a Hitler<\/b> y a quedarse sin su \u00fanico aliado en caso de ataque alem\u00e1n, una Gran Breta\u00f1a que recela m\u00e1s de los \u2018rojos\u2019 que de los fascistas sublevados.<\/p>\n<p style=\"text-align: justify;\">Los brit\u00e1nicos siguen en este momento la \u201cpol\u00edtica de apaciguamiento\u201d: ceder sin l\u00edmites frente a los nazis con la esperanza de evitar la guerra. Presionado por ellos, en agosto Blum promueve el <b>Pacto de No Intervenci\u00f3n<\/b>, que proh\u00edbe a los pa\u00edses firmantes \u2500pr\u00e1cticamente todos en Europa\u2500 prestar ayuda a ninguno de los dos bandos. La Alemania nazi y la Italia y Portugal fascistas de Mussolini y Salazar se saltar\u00e1n el acuerdo sin reparos desde el primer d\u00eda colaborando con los franquistas.<\/p>\n<p style=\"text-align: justify;\">Francia, en un primer momento, decide no socorrer a la Rep\u00fablica para evitar males mayores, pero pronto se convertir\u00e1 en parte de la contienda espa\u00f1ola\u00a0por su connivencia con los fascistas. En 1938 las peleas internas del Frente Popular dan paso al<b> Gobierno de \u00c9douard\u00a0Daladier<\/b>, de sesgo mucho m\u00e1s conservador, quien lleva la pr\u00e1ctica del \u201capaciguamiento\u201d con los nazis pr\u00e1cticamente a la sumisi\u00f3n hacia Alemania y a su gran y reciente aliado: Franco.<\/p>\n<p style=\"text-align: justify;\">En noviembre inician su huida hacia el pa\u00eds vecino los primeros grupos de ancianos, mujeres y ni\u00f1os, tal y como cuenta el periodista Carlos Hern\u00e1ndez, que ha investigado esta oscura etapa de nuestra Historia. La respuesta de Francia, que ya apoya abiertamente al bando franquista, no se hace esperar: cierra la frontera para los espa\u00f1oles, a los que ahora tacha de <b>\u201cextranjeros indeseables\u201d<\/b>, y toma una serie de medidas como el endurecimiento de los requisitos para los matrimonios entre inmigrantes y franceses.<\/p>\n<p style=\"text-align: justify;\">Esta pol\u00edtica va acompa\u00f1ada de una campa\u00f1a de propaganda contra los republicanos, azuzando el miedo al comunismo y retrat\u00e1ndoles como peligrosos y malhechores, q<b>ue hace que sean recibidos con desprecio y miedo<\/b>. Naturalmente este mensaje no cala en toda la sociedad francesa, que protagoniza numerosos actos de solidaridad, aunque estas muestras de la fraternidad que Francia lleva grabada en su lema ser\u00e1n perseguidas por las autoridades del pa\u00eds. Por ejemplo, camiones llenos de comida recogida por los sindicatos franceses que los gendarmes hac\u00edan volcar.<\/p>\n<p style=\"text-align: justify;\">En febrero del 39 cae Catalunya, un paso m\u00e1s hacia lo que ya pocos dudan que suceder\u00e1, la derrota de la Rep\u00fablica. En estas circunstancias, <b>m\u00e1s de medio mill\u00f3n de personas cruza los Pirineos<\/b> <b>en busca de asilo<\/b>. Aproximadamente 150.000 de ellos son soldados que han combatido en el lado republicano y que ser\u00e1n muy mal acogidos porque ponen en riesgo una paz vergonzosa negociada con Hitler a base de concesiones.<\/p>\n<p style=\"text-align: justify;\">\u201cUna multitud de gente hambrienta, desarrapada, desesperada, comenz\u00f3 a caminar hacia la frontera. Mujeres, ni\u00f1os, viejos\u2026 Gente del pueblo. Era terrible, un pueblo hundido, sin horizonte. En aquel momento se me vino todo abajo. <b>Todo lo que yo pensaba que pod\u00eda haber sido mi vida se desvanec\u00eda para siempre<\/b>. Yo iba sola, sin Arnaldo [su marido, del que tuvo que separarse porque fue reclamado para el frente]\u201d. As\u00ed narra Alejandra Soler, de 102 a\u00f1os, su paso por La Jonquera. Su testimonio, y muchos otros, han sido recogidos por el proyecto <i>Vencidxs<\/i>, realizado por el periodista Aitor Fern\u00e1ndez.<\/p>\n<p style=\"text-align: justify;\">El entreguismo de Francia se manifestar\u00e1 pronto, ya que los exiliados, que no han abandonado la idea de la lucha, van a ser desarmados. Al final de la guerra, esas mismas armas acabar\u00e1n en manos de los sublevados. Para acabar de terminar con la \u2018amenaza\u2019, se separa a los hombres en edad de luchar de los que no pueden empu\u00f1ar un arma (ni\u00f1os, mujeres, heridos\u2026). Mientras que estos \u00faltimos son confinados o abandonados, los primeros ser\u00e1n <b>encerrados en campos con alambradas vigilados por militares senegaleses.<\/b><br \/>\nUn infame episodio de esta historia tuvo lugar cuando el Gobierno republicano espa\u00f1ol quiso utilizar sus reservas de oro en Francia para ayudar a los refugiados. Las autoridades francesas lo impidieron, y entregaron el oro a Franco.<\/p>\n<p style=\"text-align: justify;\">El dictador invit\u00f3 a volver a Espa\u00f1a a los refugiados con la promesa de que respetar\u00eda su vida si no hab\u00edan cometido delitos de sangre. Muchos le creyeron y regresaron. La mayor\u00eda de ellos acabaron fusilados o internados en los campos de concentraci\u00f3n franquistas.<br \/>\n<b> Los republicanos quedaban as\u00ed desamparados<\/b> entre un r\u00e9gimen que los mataba si volv\u00edan y un Gobierno, el franc\u00e9s, que manifestaba p\u00fablicamente que no los quer\u00eda y los trataba peor que a criminales.<\/p>\n<h2 id=\"m120-10-121\" style=\"text-align: justify;\"><b><b>La vida en los campos seg\u00fan los supervivientes<\/b><\/b><\/h2>\n<p style=\"text-align: justify;\">Los campos de concentraci\u00f3n donde eran recluidos los refugiados ni siquiera eran tales, ya que no dispon\u00edan de barracones o alg\u00fan techo bajo el que refugiarse. \u201cCuando cruzamos la frontera, donde nos hab\u00eda ca\u00eddo una nevada de sesenta cent\u00edmetros, nos metieron en un campo donde las vacas iban a comer y a cagar\u201d, relataba Manuel Fern\u00e1ndez, que muri\u00f3 en 2011 a los 91 a\u00f1os de edad, en el documental <i>La nueve, los olvidados de la victoria<\/i>.<\/p>\n<p style=\"text-align: justify;\">Si en alg\u00fan caso hubo instalaciones en los campos, fueron construidas por los propios republicanos espa\u00f1oles con los pocos medios que les facilitaron las autoridades francesas. Enric Casa\u00f1as, ahora con 96 a\u00f1os de edad, pas\u00f3 como Manuel y tantos otros por el campo de Argel\u00e8s-Sur-Mer. <b>\u201cAll\u00ed est\u00e1bamos a la intemperie. No hab\u00eda nada para protegernos, y si llov\u00eda o nevaba ten\u00edas que aguantarte\u201d.\u00a0<\/b><\/p>\n<p style=\"text-align: justify;\">El hambre era la rutina en los centros en los que fueron recluidos los espa\u00f1oles, que en algunos casos pasaron semanas enteras sin que se les proporcionase comida. El padre de Mar\u00eda Caparr\u00f3s, nacida en 1931, y que pas\u00f3 por un campo en Or\u00e1n (colonia francesa) le explicaba a su hija que<b> \u201call\u00ed se com\u00eda hasta las hormigas del hambre que ten\u00eda\u201d.<\/b> \u201cCuando llegaban los panes los franceses los tiraban por el aire, y la gente, desesperada, se peleaba por un chusco lleno de arena\u201d, afirma Emilio Monz\u00f3, de 95 a\u00f1os.<\/p>\n<p style=\"text-align: justify;\">Emilio, que pas\u00f3 como tantos otros por el campo de Argel\u00e8s-Sur-Mer, en el este de Francia, tambi\u00e9n fue testigo de otra de las penurias por las que pasaron los republicanos: la sed. \u201cNo hab\u00eda apenas agua. Hab\u00eda una bomba de mano para sacarla, pero como la gente defecaba en la arena esa agua estaba contaminada, <b>y muchos murieron por eso\u201d.<\/b><\/p>\n<p style=\"text-align: justify;\">Enric Casa\u00f1as vivi\u00f3 uno de los muchos ejemplos de lo que se ve\u00edan obligados a hacer los espa\u00f1oles para subsistir. Logr\u00f3 esconder de los controles la pistola que hab\u00eda empleado en la guerra, <b>pero tuvo que malvenderla a un soldado franc\u00e9s<\/b> a trav\u00e9s de la alambrada. \u201cCon la miseria que me dio compr\u00e9 pan y longaniza\u201d.<\/p>\n<p style=\"text-align: justify;\">El trato que recib\u00edan en los centros no distaba mucho del que se hubiese dado a animales: \u201cAntes de entrar, nos ba\u00f1aron con un agua con azufre que ya no era amarilla, sino negra porque antes hab\u00edan ba\u00f1ado a mucha gente. <b>Los ni\u00f1os franceses, al vernos, gritaban: \u2018\u00a1Les rouges, les rouges!\u2019\u201d<\/b>, recuerda Virgilio Pe\u00f1a, nacido hace 101 a\u00f1os.<\/p>\n<p style=\"text-align: justify;\">En estas condiciones, muchos refugiados se desmoronaban psicol\u00f3gicamente. Manuel Fern\u00e1ndez dec\u00eda que, hacinados en barracones de 125 personas, sin nada que hacer y sin saber nada de sus familias, <b>no era extra\u00f1o que hubiese quien perd\u00eda la cabeza:<\/b> \u201cAlgunos ten\u00edan mujer e hijos en Espa\u00f1a, y nunca recibieron noticias de ellos. Se volvieron locos, claro que se volvieron locos\u201d. \u00a0No era f\u00e1cil librarse de los campos. En las localidades cercanas, las calles estaban llenas de polic\u00edas a la busca de personas que hu\u00edan de ellos. Numerosos espa\u00f1oles acabaron de este modo siendo encerrados varias veces tras escapar y ser nuevamente apresados.<\/p>\n<h2 id=\"m155-17-156\" style=\"text-align: justify;\"><b><b>El destino de los refugiados<\/b><\/b><\/h2>\n<p style=\"text-align: justify;\">Privados de libertad y de dignidad, los antiguos combatientes republicanos vieron una salida en la <b>Legi\u00f3n Extranjera. <\/b>Quer\u00edan combatir contra Hitler, convencidos de que una vez derrotado el fascismo en Europa los aliados tambi\u00e9n lo har\u00edan caer en Espa\u00f1a. Diez mil hombres pasaron as\u00ed a engrosar las filas de la Legi\u00f3n, junto con belgas, polacos o jud\u00edos que hab\u00edan tenido que huir de los nazis.<\/p>\n<p style=\"text-align: justify;\">Pero una vez empezada la II Guerra Mundial, los espa\u00f1oles no tendr\u00e1n la opci\u00f3n de elegir. A finales de 1939 Francia crea las <b>Compa\u00f1\u00edas de Trabajadores Espa\u00f1oles (CTE)<\/b>, divisiones que participar\u00e1n en proyectos como la fortificaci\u00f3n de la L\u00ednea Maginot y que estuvieron presentes en todos los frentes de batalla. En su libro <i>Los \u00faltimos espa\u00f1oles de Mauthausen<\/i>, Carlos Hern\u00e1ndez cifra en casi 30.000 el n\u00famero de espa\u00f1oles que fueron alistados: 19.000 \u2018voluntarios\u2019 y otros 10.000 directamente sin su consentimiento.<\/p>\n<p style=\"text-align: justify;\">A pesar de formar parte del ej\u00e9rcito franc\u00e9s, eran tratados m\u00e1s como prisioneros que como soldados. Se llegaron a dar \u00f3rdenes de, literalmente,<b> \u201cmatar como un perro\u201d al que intentase desertar<\/b>.\u00a0Algunos republicanos protagonizaron heroicas acciones de guerra, como los integrantes de \u2018La Nueve\u2019, la divisi\u00f3n que liber\u00f3 Par\u00eds formada por 146 espa\u00f1oles de 160 miembros, de los que s\u00f3lo 16 sobrevivieron.<\/p>\n<p style=\"text-align: justify;\">Pero la mayor\u00eda de ellos tuvo un destino m\u00e1s tr\u00e1gico y alejado de las haza\u00f1as que recuerdan los libros de Historia. Cuando Francia es invadida por los nazis, estos encierran a los espa\u00f1oles de las CTE en campos de prisioneros de guerra que comparten con los franceses, donde se viv\u00eda en condiciones razonablemente aceptables. Los alemanes consultan con el colaboracionista <b>Philippe\u00a0P\u00e9tain<\/b> qu\u00e9 hacer con ellos, y el general franc\u00e9s decide desentenderse.<\/p>\n<p style=\"text-align: justify;\">Abandonados a su suerte, los republicanos ni siquiera tienen el estatus de prisioneros de guerra, son enviados a campos de concentraci\u00f3n nazis. Nueve mil espa\u00f1oles acaban en lugares como <b>Mauthausen, Dachau o Buchenwald<\/b>, donde tambi\u00e9n son enviados algunos de los que aun quedaban en los campos de concentraci\u00f3n franceses. Solo una peque\u00f1a parte de ellos lograr\u00e1 sobrevivir.<\/p>\n<p style=\"text-align: justify;\">publicado en : http:\/\/m.publico.es\/politica\/1932311\/los-espanoles-que-huyeron-de-la-guerra-y-acabaron-en-otra-pesadilla<\/p>\n","protected":false},"excerpt":{"rendered":"<p>Los republicanos que se refugiaron en Francia fueron encerrados en verdaderos campos de concentraci\u00f3n por&#8230;<\/p>\n","protected":false},"author":1,"featured_media":3383,"comment_status":"closed","ping_status":"closed","sticky":false,"template":"","format":"standard","meta":{"_coblocks_attr":"","_coblocks_dimensions":"","_coblocks_responsive_height":"","_coblocks_accordion_ie_support":"","jetpack_post_was_ever_published":false,"_jetpack_newsletter_access":"","_jetpack_dont_email_post_to_subs":false,"_jetpack_newsletter_tier_id":0,"_jetpack_memberships_contains_paywalled_content":false,"_jetpack_memberships_contains_paid_content":false,"footnotes":"","jetpack_publicize_message":"","jetpack_publicize_feature_enabled":true,"jetpack_social_post_already_shared":false,"jetpack_social_options":{"image_generator_settings":{"template":"highway","default_image_id":0,"enabled":false},"version":2}},"categories":[1161,186,15],"tags":[1128,679,1222],"class_list":["post-3382","post","type-post","status-publish","format-standard","has-post-thumbnail","hentry","category-ciudadania","category-instituciones","category-ultimas-noticias","tag-guerras","tag-refugiados","tag-supervivientes"],"jetpack_publicize_connections":[],"jetpack_featured_media_url":"https:\/\/i0.wp.com\/miradordeatarfe.es\/wp-content\/uploads\/2015\/09\/1932311_0.jpg?fit=480%2C354&ssl=1","jetpack_likes_enabled":true,"jetpack_sharing_enabled":true,"_links":{"self":[{"href":"https:\/\/miradordeatarfe.es\/index.php?rest_route=\/wp\/v2\/posts\/3382","targetHints":{"allow":["GET"]}}],"collection":[{"href":"https:\/\/miradordeatarfe.es\/index.php?rest_route=\/wp\/v2\/posts"}],"about":[{"href":"https:\/\/miradordeatarfe.es\/index.php?rest_route=\/wp\/v2\/types\/post"}],"author":[{"embeddable":true,"href":"https:\/\/miradordeatarfe.es\/index.php?rest_route=\/wp\/v2\/users\/1"}],"replies":[{"embeddable":true,"href":"https:\/\/miradordeatarfe.es\/index.php?rest_route=%2Fwp%2Fv2%2Fcomments&post=3382"}],"version-history":[{"count":2,"href":"https:\/\/miradordeatarfe.es\/index.php?rest_route=\/wp\/v2\/posts\/3382\/revisions"}],"predecessor-version":[{"id":3385,"href":"https:\/\/miradordeatarfe.es\/index.php?rest_route=\/wp\/v2\/posts\/3382\/revisions\/3385"}],"wp:featuredmedia":[{"embeddable":true,"href":"https:\/\/miradordeatarfe.es\/index.php?rest_route=\/wp\/v2\/media\/3383"}],"wp:attachment":[{"href":"https:\/\/miradordeatarfe.es\/index.php?rest_route=%2Fwp%2Fv2%2Fmedia&parent=3382"}],"wp:term":[{"taxonomy":"category","embeddable":true,"href":"https:\/\/miradordeatarfe.es\/index.php?rest_route=%2Fwp%2Fv2%2Fcategories&post=3382"},{"taxonomy":"post_tag","embeddable":true,"href":"https:\/\/miradordeatarfe.es\/index.php?rest_route=%2Fwp%2Fv2%2Ftags&post=3382"}],"curies":[{"name":"wp","href":"https:\/\/api.w.org\/{rel}","templated":true}]}}